{"id":951,"date":"2025-03-06T00:00:00","date_gmt":"2025-03-06T00:00:00","guid":{"rendered":"http:\/\/concomitentes.vl22350.dinaserver.com\/cinco-expertas-integraran-el-comite-para-seleccionar-el-proyecto-ganador-de-la-convocatoria-de-concomitentes\/"},"modified":"2025-07-15T18:52:27","modified_gmt":"2025-07-15T18:52:27","slug":"five-experts-will-be-part-of-the-committee-to-select-the-winning-project-of-the-call-for-proposals-for-the-concomitant-call-for-proposals","status":"publish","type":"post","link":"https:\/\/concomitentes.org\/en\/cinco-expertas-integraran-el-comite-para-seleccionar-el-proyecto-ganador-de-la-convocatoria-de-concomitentes\/","title":{"rendered":"Five experts will form the committee to select the winning project of the Concomitentes call for proposals."},"content":{"rendered":"<p>Os compartimos el perfil y trayectoria del panel de expertas que seleccionar\u00e1 el proyecto ganador de Micelio IV Convocatoria de Arte Participativo de Concomitentes. <\/p>\n<figure data-ratio=\"auto\">\n    <img decoding=\"async\" src=\"https:\/\/concomitentes.org\/wp-content\/uploads\/2025\/07\/alfredo-puente-scaled.jpeg\" alt=\"Retrato de Alfredo Puente\"><figcaption>\n    Alfredo Puente  <\/figcaption><\/figure>\n<p><strong>Alfredo Puente<\/strong> es curador de la Fundaci\u00f3n Cerezales Antonino y Cinia [FCAYC]. Desarrolla proyectos en esta instituci\u00f3n que incorporan plazos temporales largos, entre ellos: Territorio Archivo (2013); Regi\u00f3n (los relatos). Cambio de paisaje y pol\u00edticas del agua (2018); A punto de ser nada (2021); o La balsa. Tres actos para una intemperie (2024). Su trabajo investiga las relaciones, en distintas escalas temporales, entre materia, im\u00e1genes y procesos donde operan conceptos como territorio.&nbsp;<\/p>\n<figure data-ratio=\"auto\">\n    <img decoding=\"async\" src=\"https:\/\/concomitentes.org\/wp-content\/uploads\/2025\/07\/conchi-pineiro-scaled.jpg\" alt=\"Retrato de Conchi Pi\u00f1eiro\"><figcaption>\n    Conchi Pi\u00f1eiro  <\/figcaption><\/figure>\n<p><strong>Conchi Pi\u00f1eiro<\/strong> es Licenciada en Ciencias Ambientales y Doctora en Educaci\u00f3n Ambiental. Formadora&nbsp;e investigadora, docente en varios estudios de m\u00e1ster y posgrado, con m\u00e1s de 30 publicaciones. Facilitadora experta,&nbsp;Diplomada en Trabajo de Procesos y Democracia Profunda. Delegada del Patronato de FUHEM, desde&nbsp;2022. Socia fundadora y trabajadora de Altekio&nbsp;S.Coop.Mad.&nbsp;Participa en&nbsp;diferentes movimientos sociales y comunitarios desde hace&nbsp;m\u00e1s de 25 a\u00f1os.&nbsp;Apasionada de la innovaci\u00f3n para la transformaci\u00f3n ecosocial.<\/p>\n<figure data-ratio=\"auto\">\n    <img decoding=\"async\" src=\"https:\/\/concomitentes.org\/wp-content\/uploads\/2025\/07\/idoia-zabaleta-rotated.jpg\" alt=\"\"><figcaption>\n    Idoia Zabaleta  <\/figcaption><\/figure>\n<p><strong>Idoia Zabaleta Mor\u00e1n <\/strong>es core\u00f3grafa. En la Facultad de Biolog\u00eda se especializ\u00f3 en ecosistemas y din\u00e1mica de poblaciones. Estudia nueva danza e improvisaci\u00f3n en los a\u00f1os noventa. Desde el 2000 crea su propio trabajo y desde 2008 construye y codirige el espacio de residencias art\u00edsticas&nbsp;Azala, situado en el pueblo donde vive al sur de \u00c1lava, Lasierra. Desde 2019 es parte del equipo editorial de&nbsp;Borradores del futuro, una colecci\u00f3n de f\u00e1bulas que imaginan el futuro a partir de experiencias concretas. En 2023, la cooperativa de artistas Tractora publica&nbsp;Foku 2, una mirada sobre su trayectoria art\u00edstica.<\/p>\n<figure data-ratio=\"auto\">\n    <img decoding=\"async\" src=\"https:\/\/concomitentes.org\/wp-content\/uploads\/2025\/07\/rosa-llobregat.jpg\" alt=\"\"><figcaption>\n    Rosa Llobregat  <\/figcaption><\/figure>\n<p><strong>Rosa Llobregat<\/strong> es Senior Associate en la European Climate Foundation. Especialista en comunicaci\u00f3n estrat\u00e9gica e incidencia pol\u00edtica, ha trabajado en el \u00e1mbito de los derechos humanos en organizaciones internacionales, ONGs y academia, y ha sido asesora en el Parlamento Europeo. Actualmente centra su labor en las \u00e1reas de participaci\u00f3n ciudadana y cambio cultural en&nbsp;el marco de&nbsp;la transici\u00f3n ecosocial.&nbsp;&nbsp;<\/p>\n<figure data-ratio=\"auto\">\n    <img decoding=\"async\" src=\"https:\/\/concomitentes.org\/wp-content\/uploads\/2025\/07\/foto-isa.jpg\" alt=\"\"><figcaption>\n    Isabel Ojeda  <\/figcaption><\/figure>\n<p><strong>Isabel Ojeda Cruz <\/strong>es la directora del \u00e1rea de cultura de la UNIA. Licenciada en Comunicaci\u00f3n &#8211; Periodismo por la Universidad de Sevilla, Master en Comunicaci\u00f3n Empresarial y Master en Gesti\u00f3n Cultural por la Universidad de Barcelona, curs\u00f3 estudios de Historia del Arte en la U. de la Sorbona (Par\u00eds) y de Financiaci\u00f3n y Econom\u00eda de la Cultura por la U. de Dauphine (Par\u00eds). Ha trabajado en el&nbsp; Centro Andaluz de Arte Contempor\u00e1neo, en el Ayuntamiento de Sevilla como Directora General de Cultura y responsable de pol\u00edticas culturales y en UNIA. Pertenece al Consejo cient\u00edfico de la revista cultural Perif\u00e9rica de la Universidad de C\u00e1diz y del Observatorio Atalaya.&nbsp;<\/p>\n","protected":false},"excerpt":{"rendered":"<p>Os compartimos el perfil y trayectoria del panel de expertas que seleccionar\u00e1 el proyecto ganador de Micelio IV Convocatoria de Arte Participativo de Concomitentes. Alfredo Puente Alfredo Puente es curador [&hellip;]<\/p>\n","protected":false},"author":1,"featured_media":952,"comment_status":"open","ping_status":"open","sticky":false,"template":"","format":"standard","meta":{"_acf_changed":false,"footnotes":""},"categories":[1],"tags":[],"class_list":["post-951","post","type-post","status-publish","format-standard","has-post-thumbnail","hentry","category-diario"],"acf":[],"yoast_head":"<!-- This site is optimized with the Yoast SEO plugin v27.5 - https:\/\/yoast.com\/product\/yoast-seo-wordpress\/ -->\n<title>Cinco expertas integrar\u00e1n el comit\u00e9 para seleccionar el proyecto ganador de la convocatoria de Concomitentes - Concomitentes<\/title>\n<meta name=\"robots\" content=\"index, follow, max-snippet:-1, max-image-preview:large, max-video-preview:-1\" \/>\n<link rel=\"canonical\" href=\"https:\/\/concomitentes.org\/en\/five-experts-will-be-part-of-the-committee-to-select-the-winning-project-of-the-call-for-proposals-for-the-concomitant-call-for-proposals\/\" \/>\n<meta property=\"og:locale\" content=\"en_GB\" \/>\n<meta property=\"og:type\" content=\"article\" \/>\n<meta property=\"og:title\" content=\"Cinco expertas integrar\u00e1n el comit\u00e9 para seleccionar el proyecto ganador de la convocatoria de Concomitentes - Concomitentes\" \/>\n<meta property=\"og:description\" content=\"Os compartimos el perfil y trayectoria del panel de expertas que seleccionar\u00e1 el proyecto ganador de Micelio IV Convocatoria de Arte Participativo de Concomitentes. Alfredo Puente Alfredo Puente es curador [&hellip;]\" \/>\n<meta property=\"og:url\" content=\"https:\/\/concomitentes.org\/en\/five-experts-will-be-part-of-the-committee-to-select-the-winning-project-of-the-call-for-proposals-for-the-concomitant-call-for-proposals\/\" \/>\n<meta property=\"og:site_name\" content=\"Concomitentes\" \/>\n<meta property=\"article:published_time\" content=\"2025-03-06T00:00:00+00:00\" \/>\n<meta property=\"article:modified_time\" content=\"2025-07-15T18:52:27+00:00\" \/>\n<meta property=\"og:image\" content=\"https:\/\/concomitentes.org\/wp-content\/uploads\/2025\/06\/frame-562-scaled.png\" \/>\n\t<meta property=\"og:image:width\" content=\"2560\" \/>\n\t<meta property=\"og:image:height\" content=\"1438\" \/>\n\t<meta property=\"og:image:type\" content=\"image\/png\" \/>\n<meta name=\"author\" content=\"adminconcom\" \/>\n<meta name=\"twitter:card\" content=\"summary_large_image\" \/>\n<meta name=\"twitter:label1\" content=\"Written by\" \/>\n\t<meta name=\"twitter:data1\" content=\"adminconcom\" \/>\n\t<meta name=\"twitter:label2\" content=\"Estimated reading time\" \/>\n\t<meta name=\"twitter:data2\" content=\"2 minutes\" \/>\n<script type=\"application\/ld+json\" class=\"yoast-schema-graph\">{\"@context\":\"https:\\\/\\\/schema.org\",\"@graph\":[{\"@type\":\"Article\",\"@id\":\"https:\\\/\\\/concomitentes.org\\\/cinco-expertas-integraran-el-comite-para-seleccionar-el-proyecto-ganador-de-la-convocatoria-de-concomitentes\\\/#article\",\"isPartOf\":{\"@id\":\"https:\\\/\\\/concomitentes.org\\\/cinco-expertas-integraran-el-comite-para-seleccionar-el-proyecto-ganador-de-la-convocatoria-de-concomitentes\\\/\"},\"author\":{\"name\":\"adminconcom\",\"@id\":\"https:\\\/\\\/concomitentes.org\\\/en\\\/#\\\/schema\\\/person\\\/2bc91babfb92c6d60ab52debff35bf0d\"},\"headline\":\"Cinco expertas integrar\u00e1n el comit\u00e9 para seleccionar el proyecto ganador de la convocatoria de Concomitentes\",\"datePublished\":\"2025-03-06T00:00:00+00:00\",\"dateModified\":\"2025-07-15T18:52:27+00:00\",\"mainEntityOfPage\":{\"@id\":\"https:\\\/\\\/concomitentes.org\\\/cinco-expertas-integraran-el-comite-para-seleccionar-el-proyecto-ganador-de-la-convocatoria-de-concomitentes\\\/\"},\"wordCount\":510,\"commentCount\":0,\"image\":{\"@id\":\"https:\\\/\\\/concomitentes.org\\\/cinco-expertas-integraran-el-comite-para-seleccionar-el-proyecto-ganador-de-la-convocatoria-de-concomitentes\\\/#primaryimage\"},\"thumbnailUrl\":\"https:\\\/\\\/concomitentes.org\\\/wp-content\\\/uploads\\\/2025\\\/06\\\/frame-562-scaled.png\",\"articleSection\":[\"Diario\"],\"inLanguage\":\"en-GB\",\"potentialAction\":[{\"@type\":\"CommentAction\",\"name\":\"Comment\",\"target\":[\"https:\\\/\\\/concomitentes.org\\\/cinco-expertas-integraran-el-comite-para-seleccionar-el-proyecto-ganador-de-la-convocatoria-de-concomitentes\\\/#respond\"]}]},{\"@type\":\"WebPage\",\"@id\":\"https:\\\/\\\/concomitentes.org\\\/cinco-expertas-integraran-el-comite-para-seleccionar-el-proyecto-ganador-de-la-convocatoria-de-concomitentes\\\/\",\"url\":\"https:\\\/\\\/concomitentes.org\\\/cinco-expertas-integraran-el-comite-para-seleccionar-el-proyecto-ganador-de-la-convocatoria-de-concomitentes\\\/\",\"name\":\"Cinco expertas integrar\u00e1n el comit\u00e9 para seleccionar el proyecto ganador de la convocatoria de Concomitentes - Concomitentes\",\"isPartOf\":{\"@id\":\"https:\\\/\\\/concomitentes.org\\\/en\\\/#website\"},\"primaryImageOfPage\":{\"@id\":\"https:\\\/\\\/concomitentes.org\\\/cinco-expertas-integraran-el-comite-para-seleccionar-el-proyecto-ganador-de-la-convocatoria-de-concomitentes\\\/#primaryimage\"},\"image\":{\"@id\":\"https:\\\/\\\/concomitentes.org\\\/cinco-expertas-integraran-el-comite-para-seleccionar-el-proyecto-ganador-de-la-convocatoria-de-concomitentes\\\/#primaryimage\"},\"thumbnailUrl\":\"https:\\\/\\\/concomitentes.org\\\/wp-content\\\/uploads\\\/2025\\\/06\\\/frame-562-scaled.png\",\"datePublished\":\"2025-03-06T00:00:00+00:00\",\"dateModified\":\"2025-07-15T18:52:27+00:00\",\"author\":{\"@id\":\"https:\\\/\\\/concomitentes.org\\\/en\\\/#\\\/schema\\\/person\\\/2bc91babfb92c6d60ab52debff35bf0d\"},\"breadcrumb\":{\"@id\":\"https:\\\/\\\/concomitentes.org\\\/cinco-expertas-integraran-el-comite-para-seleccionar-el-proyecto-ganador-de-la-convocatoria-de-concomitentes\\\/#breadcrumb\"},\"inLanguage\":\"en-GB\",\"potentialAction\":[{\"@type\":\"ReadAction\",\"target\":[\"https:\\\/\\\/concomitentes.org\\\/cinco-expertas-integraran-el-comite-para-seleccionar-el-proyecto-ganador-de-la-convocatoria-de-concomitentes\\\/\"]}]},{\"@type\":\"ImageObject\",\"inLanguage\":\"en-GB\",\"@id\":\"https:\\\/\\\/concomitentes.org\\\/cinco-expertas-integraran-el-comite-para-seleccionar-el-proyecto-ganador-de-la-convocatoria-de-concomitentes\\\/#primaryimage\",\"url\":\"https:\\\/\\\/concomitentes.org\\\/wp-content\\\/uploads\\\/2025\\\/06\\\/frame-562-scaled.png\",\"contentUrl\":\"https:\\\/\\\/concomitentes.org\\\/wp-content\\\/uploads\\\/2025\\\/06\\\/frame-562-scaled.png\",\"width\":2560,\"height\":1438},{\"@type\":\"BreadcrumbList\",\"@id\":\"https:\\\/\\\/concomitentes.org\\\/cinco-expertas-integraran-el-comite-para-seleccionar-el-proyecto-ganador-de-la-convocatoria-de-concomitentes\\\/#breadcrumb\",\"itemListElement\":[{\"@type\":\"ListItem\",\"position\":1,\"name\":\"Portada\",\"item\":\"https:\\\/\\\/concomitentes.org\\\/\"},{\"@type\":\"ListItem\",\"position\":2,\"name\":\"Cinco expertas integrar\u00e1n el comit\u00e9 para seleccionar el proyecto ganador de la convocatoria de Concomitentes\"}]},{\"@type\":\"WebSite\",\"@id\":\"https:\\\/\\\/concomitentes.org\\\/en\\\/#website\",\"url\":\"https:\\\/\\\/concomitentes.org\\\/en\\\/\",\"name\":\"Concomitentes\",\"description\":\"Concomitentes promueve la creaci\u00f3n de obras de arte y media entre la sociedad civil que las encarga y los\\\/las artistas que las producen.\",\"potentialAction\":[{\"@type\":\"SearchAction\",\"target\":{\"@type\":\"EntryPoint\",\"urlTemplate\":\"https:\\\/\\\/concomitentes.org\\\/en\\\/?s={search_term_string}\"},\"query-input\":{\"@type\":\"PropertyValueSpecification\",\"valueRequired\":true,\"valueName\":\"search_term_string\"}}],\"inLanguage\":\"en-GB\"},{\"@type\":\"Person\",\"@id\":\"https:\\\/\\\/concomitentes.org\\\/en\\\/#\\\/schema\\\/person\\\/2bc91babfb92c6d60ab52debff35bf0d\",\"name\":\"adminconcom\",\"url\":\"https:\\\/\\\/concomitentes.org\\\/en\\\/author\\\/adminconcom\\\/\"}]}<\/script>\n<!-- \/ Yoast SEO plugin. -->","yoast_head_json":{"title":"Five experts will form the committee to select the winning project of the Concomitentes call for proposals - Concomitentes","robots":{"index":"index","follow":"follow","max-snippet":"max-snippet:-1","max-image-preview":"max-image-preview:large","max-video-preview":"max-video-preview:-1"},"canonical":"https:\/\/concomitentes.org\/en\/five-experts-will-be-part-of-the-committee-to-select-the-winning-project-of-the-call-for-proposals-for-the-concomitant-call-for-proposals\/","og_locale":"en_GB","og_type":"article","og_title":"Cinco expertas integrar\u00e1n el comit\u00e9 para seleccionar el proyecto ganador de la convocatoria de Concomitentes - Concomitentes","og_description":"Os compartimos el perfil y trayectoria del panel de expertas que seleccionar\u00e1 el proyecto ganador de Micelio IV Convocatoria de Arte Participativo de Concomitentes. Alfredo Puente Alfredo Puente es curador [&hellip;]","og_url":"https:\/\/concomitentes.org\/en\/five-experts-will-be-part-of-the-committee-to-select-the-winning-project-of-the-call-for-proposals-for-the-concomitant-call-for-proposals\/","og_site_name":"Concomitentes","article_published_time":"2025-03-06T00:00:00+00:00","article_modified_time":"2025-07-15T18:52:27+00:00","og_image":[{"width":2560,"height":1438,"url":"https:\/\/concomitentes.org\/wp-content\/uploads\/2025\/06\/frame-562-scaled.png","type":"image\/png"}],"author":"adminconcom","twitter_card":"summary_large_image","twitter_misc":{"Written by":"adminconcom","Estimated reading time":"2 minutes"},"schema":{"@context":"https:\/\/schema.org","@graph":[{"@type":"Article","@id":"https:\/\/concomitentes.org\/cinco-expertas-integraran-el-comite-para-seleccionar-el-proyecto-ganador-de-la-convocatoria-de-concomitentes\/#article","isPartOf":{"@id":"https:\/\/concomitentes.org\/cinco-expertas-integraran-el-comite-para-seleccionar-el-proyecto-ganador-de-la-convocatoria-de-concomitentes\/"},"author":{"name":"adminconcom","@id":"https:\/\/concomitentes.org\/en\/#\/schema\/person\/2bc91babfb92c6d60ab52debff35bf0d"},"headline":"Cinco expertas integrar\u00e1n el comit\u00e9 para seleccionar el proyecto ganador de la convocatoria de Concomitentes","datePublished":"2025-03-06T00:00:00+00:00","dateModified":"2025-07-15T18:52:27+00:00","mainEntityOfPage":{"@id":"https:\/\/concomitentes.org\/cinco-expertas-integraran-el-comite-para-seleccionar-el-proyecto-ganador-de-la-convocatoria-de-concomitentes\/"},"wordCount":510,"commentCount":0,"image":{"@id":"https:\/\/concomitentes.org\/cinco-expertas-integraran-el-comite-para-seleccionar-el-proyecto-ganador-de-la-convocatoria-de-concomitentes\/#primaryimage"},"thumbnailUrl":"https:\/\/concomitentes.org\/wp-content\/uploads\/2025\/06\/frame-562-scaled.png","articleSection":["Diario"],"inLanguage":"en-GB","potentialAction":[{"@type":"CommentAction","name":"Comment","target":["https:\/\/concomitentes.org\/cinco-expertas-integraran-el-comite-para-seleccionar-el-proyecto-ganador-de-la-convocatoria-de-concomitentes\/#respond"]}]},{"@type":"WebPage","@id":"https:\/\/concomitentes.org\/cinco-expertas-integraran-el-comite-para-seleccionar-el-proyecto-ganador-de-la-convocatoria-de-concomitentes\/","url":"https:\/\/concomitentes.org\/cinco-expertas-integraran-el-comite-para-seleccionar-el-proyecto-ganador-de-la-convocatoria-de-concomitentes\/","name":"Five experts will form the committee to select the winning project of the Concomitentes call for proposals - Concomitentes","isPartOf":{"@id":"https:\/\/concomitentes.org\/en\/#website"},"primaryImageOfPage":{"@id":"https:\/\/concomitentes.org\/cinco-expertas-integraran-el-comite-para-seleccionar-el-proyecto-ganador-de-la-convocatoria-de-concomitentes\/#primaryimage"},"image":{"@id":"https:\/\/concomitentes.org\/cinco-expertas-integraran-el-comite-para-seleccionar-el-proyecto-ganador-de-la-convocatoria-de-concomitentes\/#primaryimage"},"thumbnailUrl":"https:\/\/concomitentes.org\/wp-content\/uploads\/2025\/06\/frame-562-scaled.png","datePublished":"2025-03-06T00:00:00+00:00","dateModified":"2025-07-15T18:52:27+00:00","author":{"@id":"https:\/\/concomitentes.org\/en\/#\/schema\/person\/2bc91babfb92c6d60ab52debff35bf0d"},"breadcrumb":{"@id":"https:\/\/concomitentes.org\/cinco-expertas-integraran-el-comite-para-seleccionar-el-proyecto-ganador-de-la-convocatoria-de-concomitentes\/#breadcrumb"},"inLanguage":"en-GB","potentialAction":[{"@type":"ReadAction","target":["https:\/\/concomitentes.org\/cinco-expertas-integraran-el-comite-para-seleccionar-el-proyecto-ganador-de-la-convocatoria-de-concomitentes\/"]}]},{"@type":"ImageObject","inLanguage":"en-GB","@id":"https:\/\/concomitentes.org\/cinco-expertas-integraran-el-comite-para-seleccionar-el-proyecto-ganador-de-la-convocatoria-de-concomitentes\/#primaryimage","url":"https:\/\/concomitentes.org\/wp-content\/uploads\/2025\/06\/frame-562-scaled.png","contentUrl":"https:\/\/concomitentes.org\/wp-content\/uploads\/2025\/06\/frame-562-scaled.png","width":2560,"height":1438},{"@type":"BreadcrumbList","@id":"https:\/\/concomitentes.org\/cinco-expertas-integraran-el-comite-para-seleccionar-el-proyecto-ganador-de-la-convocatoria-de-concomitentes\/#breadcrumb","itemListElement":[{"@type":"ListItem","position":1,"name":"Portada","item":"https:\/\/concomitentes.org\/"},{"@type":"ListItem","position":2,"name":"Cinco expertas integrar\u00e1n el comit\u00e9 para seleccionar el proyecto ganador de la convocatoria de Concomitentes"}]},{"@type":"WebSite","@id":"https:\/\/concomitentes.org\/en\/#website","url":"https:\/\/concomitentes.org\/en\/","name":"Concomitentes","description":"Concomitentes promotes the creation of works of art and mediates between the civil society that commissions them and the artists who produce them.","potentialAction":[{"@type":"SearchAction","target":{"@type":"EntryPoint","urlTemplate":"https:\/\/concomitentes.org\/en\/?s={search_term_string}"},"query-input":{"@type":"PropertyValueSpecification","valueRequired":true,"valueName":"search_term_string"}}],"inLanguage":"en-GB"},{"@type":"Person","@id":"https:\/\/concomitentes.org\/en\/#\/schema\/person\/2bc91babfb92c6d60ab52debff35bf0d","name":"adminconcom","url":"https:\/\/concomitentes.org\/en\/author\/adminconcom\/"}]}},"_links":{"self":[{"href":"https:\/\/concomitentes.org\/en\/wp-json\/wp\/v2\/posts\/951","targetHints":{"allow":["GET"]}}],"collection":[{"href":"https:\/\/concomitentes.org\/en\/wp-json\/wp\/v2\/posts"}],"about":[{"href":"https:\/\/concomitentes.org\/en\/wp-json\/wp\/v2\/types\/post"}],"author":[{"embeddable":true,"href":"https:\/\/concomitentes.org\/en\/wp-json\/wp\/v2\/users\/1"}],"replies":[{"embeddable":true,"href":"https:\/\/concomitentes.org\/en\/wp-json\/wp\/v2\/comments?post=951"}],"version-history":[{"count":2,"href":"https:\/\/concomitentes.org\/en\/wp-json\/wp\/v2\/posts\/951\/revisions"}],"predecessor-version":[{"id":2321,"href":"https:\/\/concomitentes.org\/en\/wp-json\/wp\/v2\/posts\/951\/revisions\/2321"}],"wp:featuredmedia":[{"embeddable":true,"href":"https:\/\/concomitentes.org\/en\/wp-json\/wp\/v2\/media\/952"}],"wp:attachment":[{"href":"https:\/\/concomitentes.org\/en\/wp-json\/wp\/v2\/media?parent=951"}],"wp:term":[{"taxonomy":"category","embeddable":true,"href":"https:\/\/concomitentes.org\/en\/wp-json\/wp\/v2\/categories?post=951"},{"taxonomy":"post_tag","embeddable":true,"href":"https:\/\/concomitentes.org\/en\/wp-json\/wp\/v2\/tags?post=951"}],"curies":[{"name":"wp","href":"https:\/\/api.w.org\/{rel}","templated":true}]}}