{"id":929,"date":"2024-05-06T00:00:00","date_gmt":"2024-05-06T00:00:00","guid":{"rendered":"http:\/\/concomitentes.vl22350.dinaserver.com\/presentamos-bailando-la-diversidad-el-proximo-31-de-mayo-en-madrid\/"},"modified":"2025-07-15T18:51:26","modified_gmt":"2025-07-15T18:51:26","slug":"we-present-dancing-diversity-next-31-may-in-madrid","status":"publish","type":"post","link":"https:\/\/concomitentes.org\/en\/presentamos-bailando-la-diversidad-el-proximo-31-de-mayo-en-madrid\/","title":{"rendered":"We present 'Dancing Diversity' on 31 May in Madrid!"},"content":{"rendered":"<p>The <strong><u><a href=\"https:\/\/concomitentes.org\/en\/diary\/the-book-dancing-diversity-approaches-the-party-as-a-space-of-celebration-for-all-bodies\/\" rel=\"noopener noreferrer nofollow\">book \u2018Dancing Diversity\u2019<\/a><\/u><\/strong>, which we launched together with the publishing house <strong><u><a href=\"https:\/\/bartlebooth.org\/Bailando-la-diversidad\" rel=\"noopener noreferrer nofollow\">Bartlebooth<\/a><\/u><\/strong>, is now available in bookshops throughout Spain and will be presented in Madrid on <u>next Friday, 31 May at 17.00hrs<\/u>, at the bookshop \u2018Ateneo La Maliciosa\u2019, by the hand of <strong>Veronica Valentini<\/strong> and the Argentinian artist <strong>Osias Yanov<\/strong>.<\/p>\n<p>The publication is a living testimony of the experience and the road travelled together with the <strong><u><a href=\"https:\/\/concomitentes.org\/en\/concomitances\/diversorium\/\" rel=\"noopener noreferrer nofollow\">Diversorium<\/a><\/u><\/strong>, an artistic-participative project, - guided by the mediator-curator Veronica Valentini, together with <strong>Antonio Centeno<\/strong> y <strong>Maria Oliver<\/strong>, of the <a href=\"https:\/\/ovibcn.org\/\" rel=\"noopener noreferrer nofollow\">Barcelona Independent Living Office (OVI)<\/a>-which seeks to create a festive space in which people with and without functional diversity can live, enjoy and dance together, breaking down barriers with respect to functional diversity.<\/p>\n<p>Edited by Veronica Valentini, the book features texts by Antonio Centeno, Os\u00edas Yanov, the artist in charge of the artistic direction of the Diversorium that opened the BAM Festival at Barcelona's Merc\u00e8 festivities in 2022; who is joined by <strong>Marie Bardet<\/strong>, <strong>Bob Pop<\/strong>, <strong>Rachele Borghi<\/strong>, <strong>Brigitte Vasallo<\/strong> y <strong>A\u00efda Camprub\u00ed Hinojosa<\/strong>.&nbsp;<\/p>\n<p>In addition, the book is also accompanied by photographic documentation of the project. <strong>Eva Carasol<\/strong>; the sketches of Osias Yanov; the drawings of <strong>Tobias Dirty<\/strong>; and some parts of the fanzine made by <strong>Marta de la Gente<\/strong> y <strong>Santiago Villanueva<\/strong> in dialogue with the Argentinean artist.<\/p>\n<p>Learn more about what the Diversorium is all about by watching this video more.<\/p>","protected":false},"excerpt":{"rendered":"<p>El libro \u2018Bailando la diversidad\u2019, que lanzamos junto a la editorial Bartlebooth, ya est\u00e1 en las librer\u00edas de toda Espa\u00f1a y se presentar\u00e1 en Madrid el pr\u00f3ximo viernes, 31 de [&hellip;]<\/p>\n","protected":false},"author":1,"featured_media":930,"comment_status":"open","ping_status":"open","sticky":false,"template":"","format":"standard","meta":{"_acf_changed":false,"footnotes":""},"categories":[4],"tags":[],"class_list":["post-929","post","type-post","status-publish","format-standard","has-post-thumbnail","hentry","category-evento"],"acf":[],"yoast_head":"<!-- This site is optimized with the Yoast SEO plugin v27.5 - https:\/\/yoast.com\/product\/yoast-seo-wordpress\/ -->\n<title>\u00a1Presentamos \u2018Bailando la diversidad\u2019 el pr\u00f3ximo 31 de mayo en Madrid! - Concomitentes<\/title>\n<meta name=\"robots\" content=\"index, follow, max-snippet:-1, max-image-preview:large, max-video-preview:-1\" \/>\n<link rel=\"canonical\" href=\"https:\/\/concomitentes.org\/en\/we-present-dancing-diversity-next-31-may-in-madrid\/\" \/>\n<meta property=\"og:locale\" content=\"en_GB\" \/>\n<meta property=\"og:type\" content=\"article\" \/>\n<meta property=\"og:title\" content=\"\u00a1Presentamos \u2018Bailando la diversidad\u2019 el pr\u00f3ximo 31 de mayo en Madrid! - Concomitentes\" \/>\n<meta property=\"og:description\" content=\"El libro \u2018Bailando la diversidad\u2019, que lanzamos junto a la editorial Bartlebooth, ya est\u00e1 en las librer\u00edas de toda Espa\u00f1a y se presentar\u00e1 en Madrid el pr\u00f3ximo viernes, 31 de [&hellip;]\" \/>\n<meta property=\"og:url\" content=\"https:\/\/concomitentes.org\/en\/we-present-dancing-diversity-next-31-may-in-madrid\/\" \/>\n<meta property=\"og:site_name\" content=\"Concomitentes\" \/>\n<meta property=\"article:published_time\" content=\"2024-05-06T00:00:00+00:00\" \/>\n<meta property=\"article:modified_time\" content=\"2025-07-15T18:51:26+00:00\" \/>\n<meta property=\"og:image\" content=\"https:\/\/concomitentes.org\/wp-content\/uploads\/2025\/06\/twitter-_-libro-vero-scaled.jpg\" \/>\n\t<meta property=\"og:image:width\" content=\"2560\" \/>\n\t<meta property=\"og:image:height\" content=\"1529\" \/>\n\t<meta property=\"og:image:type\" content=\"image\/jpeg\" \/>\n<meta name=\"author\" content=\"adminconcom\" \/>\n<meta name=\"twitter:card\" content=\"summary_large_image\" \/>\n<meta name=\"twitter:label1\" content=\"Written by\" \/>\n\t<meta name=\"twitter:data1\" content=\"adminconcom\" \/>\n\t<meta name=\"twitter:label2\" content=\"Estimated reading time\" \/>\n\t<meta name=\"twitter:data2\" content=\"1 minute\" \/>\n<script type=\"application\/ld+json\" class=\"yoast-schema-graph\">{\"@context\":\"https:\\\/\\\/schema.org\",\"@graph\":[{\"@type\":\"Article\",\"@id\":\"https:\\\/\\\/concomitentes.org\\\/presentamos-bailando-la-diversidad-el-proximo-31-de-mayo-en-madrid\\\/#article\",\"isPartOf\":{\"@id\":\"https:\\\/\\\/concomitentes.org\\\/presentamos-bailando-la-diversidad-el-proximo-31-de-mayo-en-madrid\\\/\"},\"author\":{\"name\":\"adminconcom\",\"@id\":\"https:\\\/\\\/concomitentes.org\\\/en\\\/#\\\/schema\\\/person\\\/2bc91babfb92c6d60ab52debff35bf0d\"},\"headline\":\"\u00a1Presentamos \u2018Bailando la diversidad\u2019 el pr\u00f3ximo 31 de mayo en Madrid!\",\"datePublished\":\"2024-05-06T00:00:00+00:00\",\"dateModified\":\"2025-07-15T18:51:26+00:00\",\"mainEntityOfPage\":{\"@id\":\"https:\\\/\\\/concomitentes.org\\\/presentamos-bailando-la-diversidad-el-proximo-31-de-mayo-en-madrid\\\/\"},\"wordCount\":265,\"commentCount\":0,\"image\":{\"@id\":\"https:\\\/\\\/concomitentes.org\\\/presentamos-bailando-la-diversidad-el-proximo-31-de-mayo-en-madrid\\\/#primaryimage\"},\"thumbnailUrl\":\"https:\\\/\\\/concomitentes.org\\\/wp-content\\\/uploads\\\/2025\\\/06\\\/twitter-_-libro-vero-scaled.jpg\",\"articleSection\":[\"Evento\"],\"inLanguage\":\"en-GB\",\"potentialAction\":[{\"@type\":\"CommentAction\",\"name\":\"Comment\",\"target\":[\"https:\\\/\\\/concomitentes.org\\\/presentamos-bailando-la-diversidad-el-proximo-31-de-mayo-en-madrid\\\/#respond\"]}]},{\"@type\":\"WebPage\",\"@id\":\"https:\\\/\\\/concomitentes.org\\\/presentamos-bailando-la-diversidad-el-proximo-31-de-mayo-en-madrid\\\/\",\"url\":\"https:\\\/\\\/concomitentes.org\\\/presentamos-bailando-la-diversidad-el-proximo-31-de-mayo-en-madrid\\\/\",\"name\":\"\u00a1Presentamos \u2018Bailando la diversidad\u2019 el pr\u00f3ximo 31 de mayo en Madrid! - Concomitentes\",\"isPartOf\":{\"@id\":\"https:\\\/\\\/concomitentes.org\\\/en\\\/#website\"},\"primaryImageOfPage\":{\"@id\":\"https:\\\/\\\/concomitentes.org\\\/presentamos-bailando-la-diversidad-el-proximo-31-de-mayo-en-madrid\\\/#primaryimage\"},\"image\":{\"@id\":\"https:\\\/\\\/concomitentes.org\\\/presentamos-bailando-la-diversidad-el-proximo-31-de-mayo-en-madrid\\\/#primaryimage\"},\"thumbnailUrl\":\"https:\\\/\\\/concomitentes.org\\\/wp-content\\\/uploads\\\/2025\\\/06\\\/twitter-_-libro-vero-scaled.jpg\",\"datePublished\":\"2024-05-06T00:00:00+00:00\",\"dateModified\":\"2025-07-15T18:51:26+00:00\",\"author\":{\"@id\":\"https:\\\/\\\/concomitentes.org\\\/en\\\/#\\\/schema\\\/person\\\/2bc91babfb92c6d60ab52debff35bf0d\"},\"breadcrumb\":{\"@id\":\"https:\\\/\\\/concomitentes.org\\\/presentamos-bailando-la-diversidad-el-proximo-31-de-mayo-en-madrid\\\/#breadcrumb\"},\"inLanguage\":\"en-GB\",\"potentialAction\":[{\"@type\":\"ReadAction\",\"target\":[\"https:\\\/\\\/concomitentes.org\\\/presentamos-bailando-la-diversidad-el-proximo-31-de-mayo-en-madrid\\\/\"]}]},{\"@type\":\"ImageObject\",\"inLanguage\":\"en-GB\",\"@id\":\"https:\\\/\\\/concomitentes.org\\\/presentamos-bailando-la-diversidad-el-proximo-31-de-mayo-en-madrid\\\/#primaryimage\",\"url\":\"https:\\\/\\\/concomitentes.org\\\/wp-content\\\/uploads\\\/2025\\\/06\\\/twitter-_-libro-vero-scaled.jpg\",\"contentUrl\":\"https:\\\/\\\/concomitentes.org\\\/wp-content\\\/uploads\\\/2025\\\/06\\\/twitter-_-libro-vero-scaled.jpg\",\"width\":2560,\"height\":1529},{\"@type\":\"BreadcrumbList\",\"@id\":\"https:\\\/\\\/concomitentes.org\\\/presentamos-bailando-la-diversidad-el-proximo-31-de-mayo-en-madrid\\\/#breadcrumb\",\"itemListElement\":[{\"@type\":\"ListItem\",\"position\":1,\"name\":\"Portada\",\"item\":\"https:\\\/\\\/concomitentes.org\\\/\"},{\"@type\":\"ListItem\",\"position\":2,\"name\":\"\u00a1Presentamos \u2018Bailando la diversidad\u2019 el pr\u00f3ximo 31 de mayo en Madrid!\"}]},{\"@type\":\"WebSite\",\"@id\":\"https:\\\/\\\/concomitentes.org\\\/en\\\/#website\",\"url\":\"https:\\\/\\\/concomitentes.org\\\/en\\\/\",\"name\":\"Concomitentes\",\"description\":\"Concomitentes promueve la creaci\u00f3n de obras de arte y media entre la sociedad civil que las encarga y los\\\/las artistas que las producen.\",\"potentialAction\":[{\"@type\":\"SearchAction\",\"target\":{\"@type\":\"EntryPoint\",\"urlTemplate\":\"https:\\\/\\\/concomitentes.org\\\/en\\\/?s={search_term_string}\"},\"query-input\":{\"@type\":\"PropertyValueSpecification\",\"valueRequired\":true,\"valueName\":\"search_term_string\"}}],\"inLanguage\":\"en-GB\"},{\"@type\":\"Person\",\"@id\":\"https:\\\/\\\/concomitentes.org\\\/en\\\/#\\\/schema\\\/person\\\/2bc91babfb92c6d60ab52debff35bf0d\",\"name\":\"adminconcom\",\"url\":\"https:\\\/\\\/concomitentes.org\\\/en\\\/author\\\/adminconcom\\\/\"}]}<\/script>\n<!-- \/ Yoast SEO plugin. -->","yoast_head_json":{"title":"We present \u2018Dancing Diversity\u2019 on May 31st in Madrid! - Committed to","robots":{"index":"index","follow":"follow","max-snippet":"max-snippet:-1","max-image-preview":"max-image-preview:large","max-video-preview":"max-video-preview:-1"},"canonical":"https:\/\/concomitentes.org\/en\/we-present-dancing-diversity-next-31-may-in-madrid\/","og_locale":"en_GB","og_type":"article","og_title":"\u00a1Presentamos \u2018Bailando la diversidad\u2019 el pr\u00f3ximo 31 de mayo en Madrid! - Concomitentes","og_description":"El libro \u2018Bailando la diversidad\u2019, que lanzamos junto a la editorial Bartlebooth, ya est\u00e1 en las librer\u00edas de toda Espa\u00f1a y se presentar\u00e1 en Madrid el pr\u00f3ximo viernes, 31 de [&hellip;]","og_url":"https:\/\/concomitentes.org\/en\/we-present-dancing-diversity-next-31-may-in-madrid\/","og_site_name":"Concomitentes","article_published_time":"2024-05-06T00:00:00+00:00","article_modified_time":"2025-07-15T18:51:26+00:00","og_image":[{"width":2560,"height":1529,"url":"https:\/\/concomitentes.org\/wp-content\/uploads\/2025\/06\/twitter-_-libro-vero-scaled.jpg","type":"image\/jpeg"}],"author":"adminconcom","twitter_card":"summary_large_image","twitter_misc":{"Written by":"adminconcom","Estimated reading time":"1 minute"},"schema":{"@context":"https:\/\/schema.org","@graph":[{"@type":"Article","@id":"https:\/\/concomitentes.org\/presentamos-bailando-la-diversidad-el-proximo-31-de-mayo-en-madrid\/#article","isPartOf":{"@id":"https:\/\/concomitentes.org\/presentamos-bailando-la-diversidad-el-proximo-31-de-mayo-en-madrid\/"},"author":{"name":"adminconcom","@id":"https:\/\/concomitentes.org\/en\/#\/schema\/person\/2bc91babfb92c6d60ab52debff35bf0d"},"headline":"\u00a1Presentamos \u2018Bailando la diversidad\u2019 el pr\u00f3ximo 31 de mayo en Madrid!","datePublished":"2024-05-06T00:00:00+00:00","dateModified":"2025-07-15T18:51:26+00:00","mainEntityOfPage":{"@id":"https:\/\/concomitentes.org\/presentamos-bailando-la-diversidad-el-proximo-31-de-mayo-en-madrid\/"},"wordCount":265,"commentCount":0,"image":{"@id":"https:\/\/concomitentes.org\/presentamos-bailando-la-diversidad-el-proximo-31-de-mayo-en-madrid\/#primaryimage"},"thumbnailUrl":"https:\/\/concomitentes.org\/wp-content\/uploads\/2025\/06\/twitter-_-libro-vero-scaled.jpg","articleSection":["Evento"],"inLanguage":"en-GB","potentialAction":[{"@type":"CommentAction","name":"Comment","target":["https:\/\/concomitentes.org\/presentamos-bailando-la-diversidad-el-proximo-31-de-mayo-en-madrid\/#respond"]}]},{"@type":"WebPage","@id":"https:\/\/concomitentes.org\/presentamos-bailando-la-diversidad-el-proximo-31-de-mayo-en-madrid\/","url":"https:\/\/concomitentes.org\/presentamos-bailando-la-diversidad-el-proximo-31-de-mayo-en-madrid\/","name":"We present \u2018Dancing Diversity\u2019 on May 31st in Madrid! - Committed to","isPartOf":{"@id":"https:\/\/concomitentes.org\/en\/#website"},"primaryImageOfPage":{"@id":"https:\/\/concomitentes.org\/presentamos-bailando-la-diversidad-el-proximo-31-de-mayo-en-madrid\/#primaryimage"},"image":{"@id":"https:\/\/concomitentes.org\/presentamos-bailando-la-diversidad-el-proximo-31-de-mayo-en-madrid\/#primaryimage"},"thumbnailUrl":"https:\/\/concomitentes.org\/wp-content\/uploads\/2025\/06\/twitter-_-libro-vero-scaled.jpg","datePublished":"2024-05-06T00:00:00+00:00","dateModified":"2025-07-15T18:51:26+00:00","author":{"@id":"https:\/\/concomitentes.org\/en\/#\/schema\/person\/2bc91babfb92c6d60ab52debff35bf0d"},"breadcrumb":{"@id":"https:\/\/concomitentes.org\/presentamos-bailando-la-diversidad-el-proximo-31-de-mayo-en-madrid\/#breadcrumb"},"inLanguage":"en-GB","potentialAction":[{"@type":"ReadAction","target":["https:\/\/concomitentes.org\/presentamos-bailando-la-diversidad-el-proximo-31-de-mayo-en-madrid\/"]}]},{"@type":"ImageObject","inLanguage":"en-GB","@id":"https:\/\/concomitentes.org\/presentamos-bailando-la-diversidad-el-proximo-31-de-mayo-en-madrid\/#primaryimage","url":"https:\/\/concomitentes.org\/wp-content\/uploads\/2025\/06\/twitter-_-libro-vero-scaled.jpg","contentUrl":"https:\/\/concomitentes.org\/wp-content\/uploads\/2025\/06\/twitter-_-libro-vero-scaled.jpg","width":2560,"height":1529},{"@type":"BreadcrumbList","@id":"https:\/\/concomitentes.org\/presentamos-bailando-la-diversidad-el-proximo-31-de-mayo-en-madrid\/#breadcrumb","itemListElement":[{"@type":"ListItem","position":1,"name":"Portada","item":"https:\/\/concomitentes.org\/"},{"@type":"ListItem","position":2,"name":"\u00a1Presentamos \u2018Bailando la diversidad\u2019 el pr\u00f3ximo 31 de mayo en Madrid!"}]},{"@type":"WebSite","@id":"https:\/\/concomitentes.org\/en\/#website","url":"https:\/\/concomitentes.org\/en\/","name":"Concomitentes","description":"Concomitentes promotes the creation of works of art and mediates between the civil society that commissions them and the artists who produce them.","potentialAction":[{"@type":"SearchAction","target":{"@type":"EntryPoint","urlTemplate":"https:\/\/concomitentes.org\/en\/?s={search_term_string}"},"query-input":{"@type":"PropertyValueSpecification","valueRequired":true,"valueName":"search_term_string"}}],"inLanguage":"en-GB"},{"@type":"Person","@id":"https:\/\/concomitentes.org\/en\/#\/schema\/person\/2bc91babfb92c6d60ab52debff35bf0d","name":"adminconcom","url":"https:\/\/concomitentes.org\/en\/author\/adminconcom\/"}]}},"_links":{"self":[{"href":"https:\/\/concomitentes.org\/en\/wp-json\/wp\/v2\/posts\/929","targetHints":{"allow":["GET"]}}],"collection":[{"href":"https:\/\/concomitentes.org\/en\/wp-json\/wp\/v2\/posts"}],"about":[{"href":"https:\/\/concomitentes.org\/en\/wp-json\/wp\/v2\/types\/post"}],"author":[{"embeddable":true,"href":"https:\/\/concomitentes.org\/en\/wp-json\/wp\/v2\/users\/1"}],"replies":[{"embeddable":true,"href":"https:\/\/concomitentes.org\/en\/wp-json\/wp\/v2\/comments?post=929"}],"version-history":[{"count":1,"href":"https:\/\/concomitentes.org\/en\/wp-json\/wp\/v2\/posts\/929\/revisions"}],"predecessor-version":[{"id":1376,"href":"https:\/\/concomitentes.org\/en\/wp-json\/wp\/v2\/posts\/929\/revisions\/1376"}],"wp:featuredmedia":[{"embeddable":true,"href":"https:\/\/concomitentes.org\/en\/wp-json\/wp\/v2\/media\/930"}],"wp:attachment":[{"href":"https:\/\/concomitentes.org\/en\/wp-json\/wp\/v2\/media?parent=929"}],"wp:term":[{"taxonomy":"category","embeddable":true,"href":"https:\/\/concomitentes.org\/en\/wp-json\/wp\/v2\/categories?post=929"},{"taxonomy":"post_tag","embeddable":true,"href":"https:\/\/concomitentes.org\/en\/wp-json\/wp\/v2\/tags?post=929"}],"curies":[{"name":"wp","href":"https:\/\/api.w.org\/{rel}","templated":true}]}}