{"id":851,"date":"2024-06-20T00:00:00","date_gmt":"2024-06-20T00:00:00","guid":{"rendered":"http:\/\/concomitentes.vl22350.dinaserver.com\/matriculate\/"},"modified":"2025-07-15T18:51:24","modified_gmt":"2025-07-15T18:51:24","slug":"register","status":"publish","type":"post","link":"https:\/\/concomitentes.org\/en\/matriculate\/","title":{"rendered":"How to enrol in the 'Mediation Academy'?"},"content":{"rendered":"<p>Concomitentes presents the first edition of <strong><a href=\"https:\/\/concomitentes.org\/en\/public-programmes\/mediation-academy\/\" rel=\"noopener noreferrer nofollow\">\u2018Mediation Academy. Artistic mediation for the common good\u2019.\u2019<\/a><\/strong>, The aim of this online training space is to situate artistic mediation as a participatory curatorial practice, combining knowledge linked to the generation of spaces of enunciation, the potential of artistic communities and the importance of the commons.<\/p>\n<p>For this first year, the online training has two registration modalities:<\/p>\n<h2><strong><u>LISTENING MODE:<\/u><\/strong><\/h2>\n<ul>\n<li>\n<\/li>\n<li>\n<p>Ten sessions given by the panel of experts (9 hours of training).<\/p>\n<\/li>\n<li>\n<p><strong>Price:<\/strong> 70 euros<\/p>\n<\/li>\n<li>\n<\/li>\n<\/ul>\n<figure data-ratio=\"auto\">\n    <a href=\"https:\/\/buy.stripe.com\/14kg2c8k14OdauQaEH \"><br \/>\n    <img decoding=\"async\" src=\"https:\/\/concomitentes.org\/wp-content\/uploads\/2025\/07\/boton-reserva-ok.png\" alt=\"\"><br \/>\n  <\/a><\/p>\n<\/figure>\n<h2><strong><u>MODALITY PARTICIPATES:<\/u><\/strong><\/h2>\n<ul>\n<li>\n<\/li>\n<li>\n<p>Ten sessions given by the panel of experts (9 hours of training).<\/p>\n<\/li>\n<li>\n<p>Eleven hours of participation, through the development of a group case study*, supported by assigned mentors.<\/p>\n<\/li>\n<li>\n<p><strong>Price:<\/strong> 120 euros <\/p>\n<\/p>\n<p><strong><em>*To participate in this modality, additional information on education and professional experience will be requested in the registration form in order to create diverse and balanced groups.<\/em><\/strong><\/p>\n<\/p>\n<\/li>\n<\/ul>\n<figure data-ratio=\"auto\">\n    <a href=\"https:\/\/buy.stripe.com\/28ocQ09o56WleL65km \"><br \/>\n    <img decoding=\"async\" src=\"https:\/\/concomitentes.org\/wp-content\/uploads\/2025\/07\/boton-reserva-ok.png\" alt=\"\"><br \/>\n  <\/a><\/p>\n<\/figure>","protected":false},"excerpt":{"rendered":"<p>Concomitentes presenta la primera edici\u00f3n de \u2018Mediation Academy. Mediaci\u00f3n art\u00edstica para el bien com\u00fan\u2019, un espacio formativo online que busca situar la mediaci\u00f3n art\u00edstica como pr\u00e1ctica curatorial participativa, combinando conocimientos [&hellip;]<\/p>\n","protected":false},"author":1,"featured_media":852,"comment_status":"open","ping_status":"open","sticky":false,"template":"","format":"standard","meta":{"_acf_changed":false,"footnotes":""},"categories":[4],"tags":[],"class_list":["post-851","post","type-post","status-publish","format-standard","has-post-thumbnail","hentry","category-evento"],"acf":[],"yoast_head":"<!-- This site is optimized with the Yoast SEO plugin v27.5 - https:\/\/yoast.com\/product\/yoast-seo-wordpress\/ -->\n<title>\u00bfC\u00f3mo matricularte en la &#039;Mediation Academy&#039;? - Concomitentes<\/title>\n<meta name=\"robots\" content=\"index, follow, max-snippet:-1, max-image-preview:large, max-video-preview:-1\" \/>\n<link rel=\"canonical\" href=\"https:\/\/concomitentes.org\/en\/register\/\" \/>\n<meta property=\"og:locale\" content=\"en_GB\" \/>\n<meta property=\"og:type\" content=\"article\" \/>\n<meta property=\"og:title\" content=\"\u00bfC\u00f3mo matricularte en la &#039;Mediation Academy&#039;? - Concomitentes\" \/>\n<meta property=\"og:description\" content=\"Concomitentes presenta la primera edici\u00f3n de \u2018Mediation Academy. Mediaci\u00f3n art\u00edstica para el bien com\u00fan\u2019, un espacio formativo online que busca situar la mediaci\u00f3n art\u00edstica como pr\u00e1ctica curatorial participativa, combinando conocimientos [&hellip;]\" \/>\n<meta property=\"og:url\" content=\"https:\/\/concomitentes.org\/en\/register\/\" \/>\n<meta property=\"og:site_name\" content=\"Concomitentes\" \/>\n<meta property=\"article:published_time\" content=\"2024-06-20T00:00:00+00:00\" \/>\n<meta property=\"article:modified_time\" content=\"2025-07-15T18:51:24+00:00\" \/>\n<meta property=\"og:image\" content=\"https:\/\/concomitentes.org\/wp-content\/uploads\/2025\/06\/frame-1.png\" \/>\n\t<meta property=\"og:image:width\" content=\"650\" \/>\n\t<meta property=\"og:image:height\" content=\"650\" \/>\n\t<meta property=\"og:image:type\" content=\"image\/png\" \/>\n<meta name=\"author\" content=\"adminconcom\" \/>\n<meta name=\"twitter:card\" content=\"summary_large_image\" \/>\n<meta name=\"twitter:label1\" content=\"Written by\" \/>\n\t<meta name=\"twitter:data1\" content=\"adminconcom\" \/>\n\t<meta name=\"twitter:label2\" content=\"Estimated reading time\" \/>\n\t<meta name=\"twitter:data2\" content=\"1 minute\" \/>\n<script type=\"application\/ld+json\" class=\"yoast-schema-graph\">{\"@context\":\"https:\\\/\\\/schema.org\",\"@graph\":[{\"@type\":\"Article\",\"@id\":\"https:\\\/\\\/concomitentes.org\\\/matriculate\\\/#article\",\"isPartOf\":{\"@id\":\"https:\\\/\\\/concomitentes.org\\\/matriculate\\\/\"},\"author\":{\"name\":\"adminconcom\",\"@id\":\"https:\\\/\\\/concomitentes.org\\\/en\\\/#\\\/schema\\\/person\\\/2bc91babfb92c6d60ab52debff35bf0d\"},\"headline\":\"\u00bfC\u00f3mo matricularte en la &#8216;Mediation Academy&#8217;?\",\"datePublished\":\"2024-06-20T00:00:00+00:00\",\"dateModified\":\"2025-07-15T18:51:24+00:00\",\"mainEntityOfPage\":{\"@id\":\"https:\\\/\\\/concomitentes.org\\\/matriculate\\\/\"},\"wordCount\":169,\"commentCount\":0,\"image\":{\"@id\":\"https:\\\/\\\/concomitentes.org\\\/matriculate\\\/#primaryimage\"},\"thumbnailUrl\":\"https:\\\/\\\/concomitentes.org\\\/wp-content\\\/uploads\\\/2025\\\/06\\\/frame-1.png\",\"articleSection\":[\"Evento\"],\"inLanguage\":\"en-GB\",\"potentialAction\":[{\"@type\":\"CommentAction\",\"name\":\"Comment\",\"target\":[\"https:\\\/\\\/concomitentes.org\\\/matriculate\\\/#respond\"]}]},{\"@type\":\"WebPage\",\"@id\":\"https:\\\/\\\/concomitentes.org\\\/matriculate\\\/\",\"url\":\"https:\\\/\\\/concomitentes.org\\\/matriculate\\\/\",\"name\":\"\u00bfC\u00f3mo matricularte en la 'Mediation Academy'? - Concomitentes\",\"isPartOf\":{\"@id\":\"https:\\\/\\\/concomitentes.org\\\/en\\\/#website\"},\"primaryImageOfPage\":{\"@id\":\"https:\\\/\\\/concomitentes.org\\\/matriculate\\\/#primaryimage\"},\"image\":{\"@id\":\"https:\\\/\\\/concomitentes.org\\\/matriculate\\\/#primaryimage\"},\"thumbnailUrl\":\"https:\\\/\\\/concomitentes.org\\\/wp-content\\\/uploads\\\/2025\\\/06\\\/frame-1.png\",\"datePublished\":\"2024-06-20T00:00:00+00:00\",\"dateModified\":\"2025-07-15T18:51:24+00:00\",\"author\":{\"@id\":\"https:\\\/\\\/concomitentes.org\\\/en\\\/#\\\/schema\\\/person\\\/2bc91babfb92c6d60ab52debff35bf0d\"},\"breadcrumb\":{\"@id\":\"https:\\\/\\\/concomitentes.org\\\/matriculate\\\/#breadcrumb\"},\"inLanguage\":\"en-GB\",\"potentialAction\":[{\"@type\":\"ReadAction\",\"target\":[\"https:\\\/\\\/concomitentes.org\\\/matriculate\\\/\"]}]},{\"@type\":\"ImageObject\",\"inLanguage\":\"en-GB\",\"@id\":\"https:\\\/\\\/concomitentes.org\\\/matriculate\\\/#primaryimage\",\"url\":\"https:\\\/\\\/concomitentes.org\\\/wp-content\\\/uploads\\\/2025\\\/06\\\/frame-1.png\",\"contentUrl\":\"https:\\\/\\\/concomitentes.org\\\/wp-content\\\/uploads\\\/2025\\\/06\\\/frame-1.png\",\"width\":650,\"height\":650},{\"@type\":\"BreadcrumbList\",\"@id\":\"https:\\\/\\\/concomitentes.org\\\/matriculate\\\/#breadcrumb\",\"itemListElement\":[{\"@type\":\"ListItem\",\"position\":1,\"name\":\"Portada\",\"item\":\"https:\\\/\\\/concomitentes.org\\\/\"},{\"@type\":\"ListItem\",\"position\":2,\"name\":\"\u00bfC\u00f3mo matricularte en la &#8216;Mediation Academy&#8217;?\"}]},{\"@type\":\"WebSite\",\"@id\":\"https:\\\/\\\/concomitentes.org\\\/en\\\/#website\",\"url\":\"https:\\\/\\\/concomitentes.org\\\/en\\\/\",\"name\":\"Concomitentes\",\"description\":\"Concomitentes promueve la creaci\u00f3n de obras de arte y media entre la sociedad civil que las encarga y los\\\/las artistas que las producen.\",\"potentialAction\":[{\"@type\":\"SearchAction\",\"target\":{\"@type\":\"EntryPoint\",\"urlTemplate\":\"https:\\\/\\\/concomitentes.org\\\/en\\\/?s={search_term_string}\"},\"query-input\":{\"@type\":\"PropertyValueSpecification\",\"valueRequired\":true,\"valueName\":\"search_term_string\"}}],\"inLanguage\":\"en-GB\"},{\"@type\":\"Person\",\"@id\":\"https:\\\/\\\/concomitentes.org\\\/en\\\/#\\\/schema\\\/person\\\/2bc91babfb92c6d60ab52debff35bf0d\",\"name\":\"adminconcom\",\"url\":\"https:\\\/\\\/concomitentes.org\\\/en\\\/author\\\/adminconcom\\\/\"}]}<\/script>\n<!-- \/ Yoast SEO plugin. -->","yoast_head_json":{"title":"How to enrol in the 'Mediation Academy'? - Partners","robots":{"index":"index","follow":"follow","max-snippet":"max-snippet:-1","max-image-preview":"max-image-preview:large","max-video-preview":"max-video-preview:-1"},"canonical":"https:\/\/concomitentes.org\/en\/register\/","og_locale":"en_GB","og_type":"article","og_title":"\u00bfC\u00f3mo matricularte en la 'Mediation Academy'? - Concomitentes","og_description":"Concomitentes presenta la primera edici\u00f3n de \u2018Mediation Academy. Mediaci\u00f3n art\u00edstica para el bien com\u00fan\u2019, un espacio formativo online que busca situar la mediaci\u00f3n art\u00edstica como pr\u00e1ctica curatorial participativa, combinando conocimientos [&hellip;]","og_url":"https:\/\/concomitentes.org\/en\/register\/","og_site_name":"Concomitentes","article_published_time":"2024-06-20T00:00:00+00:00","article_modified_time":"2025-07-15T18:51:24+00:00","og_image":[{"width":650,"height":650,"url":"https:\/\/concomitentes.org\/wp-content\/uploads\/2025\/06\/frame-1.png","type":"image\/png"}],"author":"adminconcom","twitter_card":"summary_large_image","twitter_misc":{"Written by":"adminconcom","Estimated reading time":"1 minute"},"schema":{"@context":"https:\/\/schema.org","@graph":[{"@type":"Article","@id":"https:\/\/concomitentes.org\/matriculate\/#article","isPartOf":{"@id":"https:\/\/concomitentes.org\/matriculate\/"},"author":{"name":"adminconcom","@id":"https:\/\/concomitentes.org\/en\/#\/schema\/person\/2bc91babfb92c6d60ab52debff35bf0d"},"headline":"\u00bfC\u00f3mo matricularte en la &#8216;Mediation Academy&#8217;?","datePublished":"2024-06-20T00:00:00+00:00","dateModified":"2025-07-15T18:51:24+00:00","mainEntityOfPage":{"@id":"https:\/\/concomitentes.org\/matriculate\/"},"wordCount":169,"commentCount":0,"image":{"@id":"https:\/\/concomitentes.org\/matriculate\/#primaryimage"},"thumbnailUrl":"https:\/\/concomitentes.org\/wp-content\/uploads\/2025\/06\/frame-1.png","articleSection":["Evento"],"inLanguage":"en-GB","potentialAction":[{"@type":"CommentAction","name":"Comment","target":["https:\/\/concomitentes.org\/matriculate\/#respond"]}]},{"@type":"WebPage","@id":"https:\/\/concomitentes.org\/matriculate\/","url":"https:\/\/concomitentes.org\/matriculate\/","name":"How to enrol in the 'Mediation Academy'? - Partners","isPartOf":{"@id":"https:\/\/concomitentes.org\/en\/#website"},"primaryImageOfPage":{"@id":"https:\/\/concomitentes.org\/matriculate\/#primaryimage"},"image":{"@id":"https:\/\/concomitentes.org\/matriculate\/#primaryimage"},"thumbnailUrl":"https:\/\/concomitentes.org\/wp-content\/uploads\/2025\/06\/frame-1.png","datePublished":"2024-06-20T00:00:00+00:00","dateModified":"2025-07-15T18:51:24+00:00","author":{"@id":"https:\/\/concomitentes.org\/en\/#\/schema\/person\/2bc91babfb92c6d60ab52debff35bf0d"},"breadcrumb":{"@id":"https:\/\/concomitentes.org\/matriculate\/#breadcrumb"},"inLanguage":"en-GB","potentialAction":[{"@type":"ReadAction","target":["https:\/\/concomitentes.org\/matriculate\/"]}]},{"@type":"ImageObject","inLanguage":"en-GB","@id":"https:\/\/concomitentes.org\/matriculate\/#primaryimage","url":"https:\/\/concomitentes.org\/wp-content\/uploads\/2025\/06\/frame-1.png","contentUrl":"https:\/\/concomitentes.org\/wp-content\/uploads\/2025\/06\/frame-1.png","width":650,"height":650},{"@type":"BreadcrumbList","@id":"https:\/\/concomitentes.org\/matriculate\/#breadcrumb","itemListElement":[{"@type":"ListItem","position":1,"name":"Portada","item":"https:\/\/concomitentes.org\/"},{"@type":"ListItem","position":2,"name":"\u00bfC\u00f3mo matricularte en la &#8216;Mediation Academy&#8217;?"}]},{"@type":"WebSite","@id":"https:\/\/concomitentes.org\/en\/#website","url":"https:\/\/concomitentes.org\/en\/","name":"Concomitentes","description":"Concomitentes promotes the creation of works of art and mediates between the civil society that commissions them and the artists who produce them.","potentialAction":[{"@type":"SearchAction","target":{"@type":"EntryPoint","urlTemplate":"https:\/\/concomitentes.org\/en\/?s={search_term_string}"},"query-input":{"@type":"PropertyValueSpecification","valueRequired":true,"valueName":"search_term_string"}}],"inLanguage":"en-GB"},{"@type":"Person","@id":"https:\/\/concomitentes.org\/en\/#\/schema\/person\/2bc91babfb92c6d60ab52debff35bf0d","name":"adminconcom","url":"https:\/\/concomitentes.org\/en\/author\/adminconcom\/"}]}},"_links":{"self":[{"href":"https:\/\/concomitentes.org\/en\/wp-json\/wp\/v2\/posts\/851","targetHints":{"allow":["GET"]}}],"collection":[{"href":"https:\/\/concomitentes.org\/en\/wp-json\/wp\/v2\/posts"}],"about":[{"href":"https:\/\/concomitentes.org\/en\/wp-json\/wp\/v2\/types\/post"}],"author":[{"embeddable":true,"href":"https:\/\/concomitentes.org\/en\/wp-json\/wp\/v2\/users\/1"}],"replies":[{"embeddable":true,"href":"https:\/\/concomitentes.org\/en\/wp-json\/wp\/v2\/comments?post=851"}],"version-history":[{"count":2,"href":"https:\/\/concomitentes.org\/en\/wp-json\/wp\/v2\/posts\/851\/revisions"}],"predecessor-version":[{"id":2164,"href":"https:\/\/concomitentes.org\/en\/wp-json\/wp\/v2\/posts\/851\/revisions\/2164"}],"wp:featuredmedia":[{"embeddable":true,"href":"https:\/\/concomitentes.org\/en\/wp-json\/wp\/v2\/media\/852"}],"wp:attachment":[{"href":"https:\/\/concomitentes.org\/en\/wp-json\/wp\/v2\/media?parent=851"}],"wp:term":[{"taxonomy":"category","embeddable":true,"href":"https:\/\/concomitentes.org\/en\/wp-json\/wp\/v2\/categories?post=851"},{"taxonomy":"post_tag","embeddable":true,"href":"https:\/\/concomitentes.org\/en\/wp-json\/wp\/v2\/tags?post=851"}],"curies":[{"name":"wp","href":"https:\/\/api.w.org\/{rel}","templated":true}]}}