{"id":837,"date":"2024-04-23T00:00:00","date_gmt":"2024-04-23T00:00:00","guid":{"rendered":"http:\/\/concomitentes.vl22350.dinaserver.com\/inauguracioncarmenogueira\/"},"modified":"2025-07-15T18:51:23","modified_gmt":"2025-07-15T18:51:23","slug":"inaugurationcarmenogueira","status":"publish","type":"post","link":"https:\/\/concomitentes.org\/en\/inauguracioncarmenogueira\/","title":{"rendered":"The artistic intervention of Carme Nogueira will be inaugurated on 25th May in the Parque do Pasatempo in Betanzos."},"content":{"rendered":"<p><a href=\"#Castellano\" class=\"sliding-link\" ><br \/>\n  To read the news in English click here.<\/a><\/p>\n<p>The project <a href=\"https:\/\/concomitentes.org\/en\/concomitances\/legacy-of-care\/\" rel=\"noopener noreferrer nofollow\">\u2018Coidado Legacy\u2019 <\/a>iniciou a s\u00faa andaina en 2018, da man do mediador <a href=\"https:\/\/concomitentes.org\/en\/protagonists\/fran-quiroga\/?proyecto=legado-cuidado\" rel=\"noopener noreferrer nofollow\">Fran Quiroga<\/a> and the citizens of Betanzos, with the aim of reflecting, through an artistic-participative process, on the care of the historical legacy of the Irm\u00e1ns Garc\u00eda Naveira in this Galician town.<\/p>\n<p>As a result of this journey, the Galician artist <a href=\"https:\/\/concomitentes.org\/en\/protagonists\/carme-nogueira\/?proyecto=legado-cuidado\" rel=\"noopener noreferrer nofollow\">Carme Nogueira<\/a> created an artistic intervention in the Parque do Pasatempo that will be inaugurated publicly next Saturday, 25th of May at 12h. In addition, the surroundings where the work will be installed have been transformed and intervened with a landscape proposal by I\u00f1igo Segurola.<\/p>\n<p><strong>A canle da antiga canle as inspiration<\/strong><\/p>\n<p>The artistic intervention, which will consist of seven modular pieces of recycled cement measuring 150x100x 67cm based on a fictitious creation of the Fountain of Neptune, will take place in the immediate vicinity of the statue of Charity. The objective, beyond the work itself, is to transform this space so that it becomes a place of coexistence for the neighbours. Thus, the pieces will be able to be used as benches, stairs, tables... and other uses that accompany the collective needs of this reimagined place.<\/p>\n<p>The artistic inspiration for this work, in Carme's own words, was the presence of \u201cwater\u201d as a skeleton that supports both the visual and sculptural realities of the place. The disappearance of the canal that used to run through the park today interrupts the reading of the sculptural and landscape ensemble, and this absence also gives way to imagination, to generate other horizons that respond to a collective expectation.<\/p>\n<figure data-ratio=\"auto\">\n    <img decoding=\"async\" src=\"https:\/\/concomitentes.org\/wp-content\/uploads\/2025\/07\/c7b1e22b-c2cd-4351-9d73-dff57b26786a.jpg\" alt=\"Portrait of the Galician artist Carme Nogueira for Intersecci\u00f3n. \u00a9 Andrea Rodr\u00edguez\"><figcaption>\n    Portrait of the Galician artist Carme Nogueira for Intersecci\u00f3n. \u00a9 Andrea Rodr\u00edguez  <\/figcaption><\/figure>\n<p>In addition to the production of these artistic pieces, there will also be a landscape intervention by the landscape designer I\u00f1igo Segurola. His proposal focuses on recreating the canle as much as possible and accompanying this intervention with a dense plantation of exotic character. A plantation that will act as a screen facing the pitch and the advertising values of the current football pitch, creating a sophisticated backdrop, rich in textures and visual contrasts, which is designed to emulate a semi-tropical intervention that recovers the collecting spirit implicit in the origins of the Parque do Pasatempo. Among other natural elements, the proposal includes the planting of four sequoias, four false coconut trees or 29 Japanese banana trees, among others.&nbsp;&nbsp;<\/p>\n<p>The project also had the technical assistance of the architect Carmen Calatayud, the architecture professor of the University of A Coru\u00f1a Jos\u00e9 Manuel V\u00e1zquez Mosquera and the archaeological team Arbore, as well as the production of the company ARCE for the garden.<\/p>\n<p>The artistic work takes place in an area declared of Cultural Interest (BIC), the highest figure of heritage protection in Spain. This work will be a new heritage resource for Betanzos, enriching the already rich cultural heritage of the town. This work is the result of the invaluable support of the Daniel and Nina Carasso Foundation, as well as the Council of Betanzos, the Deputation of A Coru\u00f1a, the Xunta de Galicia and the Government of Spain through the Spanish Presidency of the Council of the European Union. We also collaborated with the Asociaci\u00f3n Amigas do Parque do Pasatiempo, ACLP Roxin Roxal and the Asociaci\u00f3n Amigos del Casco Hist\u00f3rico de Betanzos.<\/p>\n<figure data-ratio=\"auto\">\n    <img decoding=\"async\" src=\"https:\/\/concomitentes.org\/wp-content\/uploads\/2025\/07\/49500910861_c7898b63fa_k.jpg\" alt=\"One of the first public activities of Legado Coidado. \u00a9 \u00d3scar Gorriz\"><figcaption>\n    One of the first public activities of Legado Coidado. \u00a9 \u00d3scar Gorriz  <\/figcaption><\/figure>\n<p><strong>Artistic and landscape combination<\/strong><\/p>\n<p>Carme Nogueira (Vigo, 1970) holds a degree in Fine Arts from the University of Salamanca and a PhD from the University of Vigo. In her artistic career she has worked from body criticism to the concept of identity or domestic intimacy with respect to her gender position. She is currently working on the processes of subjectivation and the normalising function of spaces through photography and installation. His work is part of several Spanish museums, such as the Reina Sof\u00eda, MUSAC and CGAC.<\/p>\n<p>On his side, I\u00f1igo Segurola was in charge of the gardening section of the famous Bricoman\u00eda programme and since 1994 he has been co-owner of Lur Paisajistak. Nowadays he is still developing projects as a landscape gardener, but he is focused on his life's project, Lur Garden.<\/p>\n<\/p>\n<p><a name=\"Castellano\" id=\"Castellano\" class=\"anchor\" ><br \/>\n  <\/a><\/p>\n<p>The project \u2018Legado Cuidado\u2019 (Legacy Care) began in 2018, with the help of the mediator Fran Quiroga and the neighbours of Betanzos, with the aim of reflecting, through an artistic-participative process, on the care of the historical legacy of the Garc\u00eda Naveira brothers in this Galician town.<\/p>\n<p>As a result of this journey, the Galician artist Carme Nogueira has created an artistic intervention in the Parque do Pasatiempo which will be publicly inaugurated on <u>next Saturday, 25th May at 12h.<\/u> In addition, the surroundings where the work will be installed have been transformed and intervened with a landscape proposal by I\u00f1igo Segurola.<\/p>\n<p><strong>The old canal bed as inspiration<\/strong><\/p>\n<p>The artistic intervention, which will be made up of seven 150x100x 67cm modular pieces of recycled cement based on a fictitious cutting up of the Fountain of Neptune, will be made in the vicinity of the Statue of Charity. The aim, beyond the work itself, is to transform this space into a place of conviviality for local residents. Thus, the pieces can be used as benches, stairs, tables... and other uses that accompany the collective needs of this reimagined place.<\/p>\n<p>The artistic inspiration for this work, in Carme's own words, was the presence of \u201cwater\u201d as a skeleton that supports both the plant and sculptural realities of the place. The disappearance of the canal that used to run through the park today interrupts the reading of the sculptural and landscape ensemble, and this absence also gives way to the imagination, to generate other horizons that respond to a collective expectation.<\/p>\n<p>In addition to the production of these artistic pieces, there will also be a landscape intervention by the landscape designer I\u00f1igo Segurola. His proposal focuses on recreating the canal as far as possible and accompanying this intervention with a dense planting of an exotic nature. A plantation that will act as a screen towards the enclosure and advertising hoardings of the current football pitch, generating a sophisticated backdrop, rich in textures and plant contrasts, which is projected to emulate a semi-tropical intervention that recovers the collecting spirit implicit in the origins of the Parque do Pasatempo. Among other natural elements, the proposal includes the planting of four sequoias, four false coconut trees and 29 Japanese banana trees, among others.&nbsp;&nbsp;<\/p>\n<p>The project has also benefited from the technical assistance of architect Carmen Calatayud, architecture professor at the University of A Coru\u00f1a Jos\u00e9 Manuel V\u00e1zquez Mosquera and the Arbore archaeology team, as well as the production of the ARCE company for the garden.&nbsp;<\/p>\n<p>The artistic work takes place in an area declared of Cultural Interest (BIC), the highest figure of heritage protection in Spain. This work will represent a new heritage resource for Betanzos, enriching the already rich cultural heritage of the town. This work is the result of the invaluable support of the Daniel and Nina Carasso Foundation, as well as the Town Council of Betanzos, the Provincial Council of A Coru\u00f1a, the Xunta de Galicia and the Government of Spain through the Spanish Presidency of the Council of the European Union. It has also collaborated with the Asociaci\u00f3n Amigas del Parque del Pasatiempo, ACLP Roxin Roxal and the Asociaci\u00f3n Amigos del Casco Hist\u00f3rico de Betanzos.<\/p>\n<p><strong>Artistic and landscape combination<\/strong><\/p>\n<p><a href=\"http:\/\/www.cntxt.org\" rel=\"noopener noreferrer nofollow\">Carme Nogueira<\/a> (Vigo, 1970) holds a degree in Fine Arts from the University of Salamanca and a PhD from the University of Vigo. In her artistic career she has worked from corporal criticism to the concept of identity or domestic intimacy with respect to her gender position. She is currently working on the processes of subjectivation and the normalising function of spaces through photography and installation. Her work forms part of several Spanish museums, such as the Reina Sof\u00eda, the MUSAC and the CGAC, and her latest projects include: \u2018Vida Hurdana. Lo que escriben los ni\u00f1os\u2019 presented at the Lal\u00edn Biennial (2017), \u2018El Contrato\u2019, Bilbao 2014; among others.<\/p>\n<p>I\u00f1igo Segurola was in charge of the gardening section of the famous Bricoman\u00eda programme and since 1994 he has been co-owner of Lur Paisajistak. Today he continues to develop projects as a landscape gardener, focusing on the project of his life, Lur Garden.<\/p><\/p>","protected":false},"excerpt":{"rendered":"<p>Para leer la noticia en castellano pulsa aqu\u00ed. O proxecto \u2018Legado Coidado\u2019 iniciou a s\u00faa andaina en 2018, da man do mediador Fran Quiroga e os veci\u00f1os de Betanzos, co [&hellip;]<\/p>\n","protected":false},"author":1,"featured_media":838,"comment_status":"open","ping_status":"open","sticky":false,"template":"","format":"standard","meta":{"_acf_changed":false,"footnotes":""},"categories":[4],"tags":[],"class_list":["post-837","post","type-post","status-publish","format-standard","has-post-thumbnail","hentry","category-evento"],"acf":[],"yoast_head":"<!-- This site is optimized with the Yoast SEO plugin v27.5 - https:\/\/yoast.com\/product\/yoast-seo-wordpress\/ -->\n<title>A intervenci\u00f3n art\u00edstica de Carme Nogueira inaugurarase o 25 de maio no Parque do Pasatempo en Betanzos - Concomitentes<\/title>\n<meta name=\"robots\" content=\"index, follow, max-snippet:-1, max-image-preview:large, max-video-preview:-1\" \/>\n<link rel=\"canonical\" href=\"https:\/\/concomitentes.org\/en\/inaugurationcarmenogueira\/\" \/>\n<meta property=\"og:locale\" content=\"en_GB\" \/>\n<meta property=\"og:type\" content=\"article\" \/>\n<meta property=\"og:title\" content=\"A intervenci\u00f3n art\u00edstica de Carme Nogueira inaugurarase o 25 de maio no Parque do Pasatempo en Betanzos - Concomitentes\" \/>\n<meta property=\"og:description\" content=\"Para leer la noticia en castellano pulsa aqu\u00ed. O proxecto \u2018Legado Coidado\u2019 iniciou a s\u00faa andaina en 2018, da man do mediador Fran Quiroga e os veci\u00f1os de Betanzos, co [&hellip;]\" \/>\n<meta property=\"og:url\" content=\"https:\/\/concomitentes.org\/en\/inaugurationcarmenogueira\/\" \/>\n<meta property=\"og:site_name\" content=\"Concomitentes\" \/>\n<meta property=\"article:published_time\" content=\"2024-04-23T00:00:00+00:00\" \/>\n<meta property=\"article:modified_time\" content=\"2025-07-15T18:51:23+00:00\" \/>\n<meta property=\"og:image\" content=\"https:\/\/concomitentes.org\/wp-content\/uploads\/2025\/06\/twitter_1600x900_legado-cuidado-scaled.jpg\" \/>\n\t<meta property=\"og:image:width\" content=\"2560\" \/>\n\t<meta property=\"og:image:height\" content=\"1440\" \/>\n\t<meta property=\"og:image:type\" content=\"image\/jpeg\" \/>\n<meta name=\"author\" content=\"adminconcom\" \/>\n<meta name=\"twitter:card\" content=\"summary_large_image\" \/>\n<meta name=\"twitter:label1\" content=\"Written by\" \/>\n\t<meta name=\"twitter:data1\" content=\"adminconcom\" \/>\n\t<meta name=\"twitter:label2\" content=\"Estimated reading time\" \/>\n\t<meta name=\"twitter:data2\" content=\"7 minutes\" \/>\n<script type=\"application\/ld+json\" class=\"yoast-schema-graph\">{\"@context\":\"https:\\\/\\\/schema.org\",\"@graph\":[{\"@type\":\"Article\",\"@id\":\"https:\\\/\\\/concomitentes.org\\\/inauguracioncarmenogueira\\\/#article\",\"isPartOf\":{\"@id\":\"https:\\\/\\\/concomitentes.org\\\/inauguracioncarmenogueira\\\/\"},\"author\":{\"name\":\"adminconcom\",\"@id\":\"https:\\\/\\\/concomitentes.org\\\/en\\\/#\\\/schema\\\/person\\\/2bc91babfb92c6d60ab52debff35bf0d\"},\"headline\":\"A intervenci\u00f3n art\u00edstica de Carme Nogueira inaugurarase o 25 de maio no Parque do Pasatempo en Betanzos\",\"datePublished\":\"2024-04-23T00:00:00+00:00\",\"dateModified\":\"2025-07-15T18:51:23+00:00\",\"mainEntityOfPage\":{\"@id\":\"https:\\\/\\\/concomitentes.org\\\/inauguracioncarmenogueira\\\/\"},\"wordCount\":1521,\"commentCount\":0,\"image\":{\"@id\":\"https:\\\/\\\/concomitentes.org\\\/inauguracioncarmenogueira\\\/#primaryimage\"},\"thumbnailUrl\":\"https:\\\/\\\/concomitentes.org\\\/wp-content\\\/uploads\\\/2025\\\/06\\\/twitter_1600x900_legado-cuidado-scaled.jpg\",\"articleSection\":[\"Evento\"],\"inLanguage\":\"en-GB\",\"potentialAction\":[{\"@type\":\"CommentAction\",\"name\":\"Comment\",\"target\":[\"https:\\\/\\\/concomitentes.org\\\/inauguracioncarmenogueira\\\/#respond\"]}]},{\"@type\":\"WebPage\",\"@id\":\"https:\\\/\\\/concomitentes.org\\\/inauguracioncarmenogueira\\\/\",\"url\":\"https:\\\/\\\/concomitentes.org\\\/inauguracioncarmenogueira\\\/\",\"name\":\"A intervenci\u00f3n art\u00edstica de Carme Nogueira inaugurarase o 25 de maio no Parque do Pasatempo en Betanzos - Concomitentes\",\"isPartOf\":{\"@id\":\"https:\\\/\\\/concomitentes.org\\\/en\\\/#website\"},\"primaryImageOfPage\":{\"@id\":\"https:\\\/\\\/concomitentes.org\\\/inauguracioncarmenogueira\\\/#primaryimage\"},\"image\":{\"@id\":\"https:\\\/\\\/concomitentes.org\\\/inauguracioncarmenogueira\\\/#primaryimage\"},\"thumbnailUrl\":\"https:\\\/\\\/concomitentes.org\\\/wp-content\\\/uploads\\\/2025\\\/06\\\/twitter_1600x900_legado-cuidado-scaled.jpg\",\"datePublished\":\"2024-04-23T00:00:00+00:00\",\"dateModified\":\"2025-07-15T18:51:23+00:00\",\"author\":{\"@id\":\"https:\\\/\\\/concomitentes.org\\\/en\\\/#\\\/schema\\\/person\\\/2bc91babfb92c6d60ab52debff35bf0d\"},\"breadcrumb\":{\"@id\":\"https:\\\/\\\/concomitentes.org\\\/inauguracioncarmenogueira\\\/#breadcrumb\"},\"inLanguage\":\"en-GB\",\"potentialAction\":[{\"@type\":\"ReadAction\",\"target\":[\"https:\\\/\\\/concomitentes.org\\\/inauguracioncarmenogueira\\\/\"]}]},{\"@type\":\"ImageObject\",\"inLanguage\":\"en-GB\",\"@id\":\"https:\\\/\\\/concomitentes.org\\\/inauguracioncarmenogueira\\\/#primaryimage\",\"url\":\"https:\\\/\\\/concomitentes.org\\\/wp-content\\\/uploads\\\/2025\\\/06\\\/twitter_1600x900_legado-cuidado-scaled.jpg\",\"contentUrl\":\"https:\\\/\\\/concomitentes.org\\\/wp-content\\\/uploads\\\/2025\\\/06\\\/twitter_1600x900_legado-cuidado-scaled.jpg\",\"width\":2560,\"height\":1440},{\"@type\":\"BreadcrumbList\",\"@id\":\"https:\\\/\\\/concomitentes.org\\\/inauguracioncarmenogueira\\\/#breadcrumb\",\"itemListElement\":[{\"@type\":\"ListItem\",\"position\":1,\"name\":\"Portada\",\"item\":\"https:\\\/\\\/concomitentes.org\\\/\"},{\"@type\":\"ListItem\",\"position\":2,\"name\":\"A intervenci\u00f3n art\u00edstica de Carme Nogueira inaugurarase o 25 de maio no Parque do Pasatempo en Betanzos\"}]},{\"@type\":\"WebSite\",\"@id\":\"https:\\\/\\\/concomitentes.org\\\/en\\\/#website\",\"url\":\"https:\\\/\\\/concomitentes.org\\\/en\\\/\",\"name\":\"Concomitentes\",\"description\":\"Concomitentes promueve la creaci\u00f3n de obras de arte y media entre la sociedad civil que las encarga y los\\\/las artistas que las producen.\",\"potentialAction\":[{\"@type\":\"SearchAction\",\"target\":{\"@type\":\"EntryPoint\",\"urlTemplate\":\"https:\\\/\\\/concomitentes.org\\\/en\\\/?s={search_term_string}\"},\"query-input\":{\"@type\":\"PropertyValueSpecification\",\"valueRequired\":true,\"valueName\":\"search_term_string\"}}],\"inLanguage\":\"en-GB\"},{\"@type\":\"Person\",\"@id\":\"https:\\\/\\\/concomitentes.org\\\/en\\\/#\\\/schema\\\/person\\\/2bc91babfb92c6d60ab52debff35bf0d\",\"name\":\"adminconcom\",\"url\":\"https:\\\/\\\/concomitentes.org\\\/en\\\/author\\\/adminconcom\\\/\"}]}<\/script>\n<!-- \/ Yoast SEO plugin. -->","yoast_head_json":{"title":"Carme Nogueira's artistic intervention will be inaugurated on 25th May in the Parque do Pasatempo in Betanzos - Concomitentes","robots":{"index":"index","follow":"follow","max-snippet":"max-snippet:-1","max-image-preview":"max-image-preview:large","max-video-preview":"max-video-preview:-1"},"canonical":"https:\/\/concomitentes.org\/en\/inaugurationcarmenogueira\/","og_locale":"en_GB","og_type":"article","og_title":"A intervenci\u00f3n art\u00edstica de Carme Nogueira inaugurarase o 25 de maio no Parque do Pasatempo en Betanzos - Concomitentes","og_description":"Para leer la noticia en castellano pulsa aqu\u00ed. O proxecto \u2018Legado Coidado\u2019 iniciou a s\u00faa andaina en 2018, da man do mediador Fran Quiroga e os veci\u00f1os de Betanzos, co [&hellip;]","og_url":"https:\/\/concomitentes.org\/en\/inaugurationcarmenogueira\/","og_site_name":"Concomitentes","article_published_time":"2024-04-23T00:00:00+00:00","article_modified_time":"2025-07-15T18:51:23+00:00","og_image":[{"width":2560,"height":1440,"url":"https:\/\/concomitentes.org\/wp-content\/uploads\/2025\/06\/twitter_1600x900_legado-cuidado-scaled.jpg","type":"image\/jpeg"}],"author":"adminconcom","twitter_card":"summary_large_image","twitter_misc":{"Written by":"adminconcom","Estimated reading time":"7 minutes"},"schema":{"@context":"https:\/\/schema.org","@graph":[{"@type":"Article","@id":"https:\/\/concomitentes.org\/inauguracioncarmenogueira\/#article","isPartOf":{"@id":"https:\/\/concomitentes.org\/inauguracioncarmenogueira\/"},"author":{"name":"adminconcom","@id":"https:\/\/concomitentes.org\/en\/#\/schema\/person\/2bc91babfb92c6d60ab52debff35bf0d"},"headline":"A intervenci\u00f3n art\u00edstica de Carme Nogueira inaugurarase o 25 de maio no Parque do Pasatempo en Betanzos","datePublished":"2024-04-23T00:00:00+00:00","dateModified":"2025-07-15T18:51:23+00:00","mainEntityOfPage":{"@id":"https:\/\/concomitentes.org\/inauguracioncarmenogueira\/"},"wordCount":1521,"commentCount":0,"image":{"@id":"https:\/\/concomitentes.org\/inauguracioncarmenogueira\/#primaryimage"},"thumbnailUrl":"https:\/\/concomitentes.org\/wp-content\/uploads\/2025\/06\/twitter_1600x900_legado-cuidado-scaled.jpg","articleSection":["Evento"],"inLanguage":"en-GB","potentialAction":[{"@type":"CommentAction","name":"Comment","target":["https:\/\/concomitentes.org\/inauguracioncarmenogueira\/#respond"]}]},{"@type":"WebPage","@id":"https:\/\/concomitentes.org\/inauguracioncarmenogueira\/","url":"https:\/\/concomitentes.org\/inauguracioncarmenogueira\/","name":"Carme Nogueira's artistic intervention will be inaugurated on 25th May in the Parque do Pasatempo in Betanzos - Concomitentes","isPartOf":{"@id":"https:\/\/concomitentes.org\/en\/#website"},"primaryImageOfPage":{"@id":"https:\/\/concomitentes.org\/inauguracioncarmenogueira\/#primaryimage"},"image":{"@id":"https:\/\/concomitentes.org\/inauguracioncarmenogueira\/#primaryimage"},"thumbnailUrl":"https:\/\/concomitentes.org\/wp-content\/uploads\/2025\/06\/twitter_1600x900_legado-cuidado-scaled.jpg","datePublished":"2024-04-23T00:00:00+00:00","dateModified":"2025-07-15T18:51:23+00:00","author":{"@id":"https:\/\/concomitentes.org\/en\/#\/schema\/person\/2bc91babfb92c6d60ab52debff35bf0d"},"breadcrumb":{"@id":"https:\/\/concomitentes.org\/inauguracioncarmenogueira\/#breadcrumb"},"inLanguage":"en-GB","potentialAction":[{"@type":"ReadAction","target":["https:\/\/concomitentes.org\/inauguracioncarmenogueira\/"]}]},{"@type":"ImageObject","inLanguage":"en-GB","@id":"https:\/\/concomitentes.org\/inauguracioncarmenogueira\/#primaryimage","url":"https:\/\/concomitentes.org\/wp-content\/uploads\/2025\/06\/twitter_1600x900_legado-cuidado-scaled.jpg","contentUrl":"https:\/\/concomitentes.org\/wp-content\/uploads\/2025\/06\/twitter_1600x900_legado-cuidado-scaled.jpg","width":2560,"height":1440},{"@type":"BreadcrumbList","@id":"https:\/\/concomitentes.org\/inauguracioncarmenogueira\/#breadcrumb","itemListElement":[{"@type":"ListItem","position":1,"name":"Portada","item":"https:\/\/concomitentes.org\/"},{"@type":"ListItem","position":2,"name":"A intervenci\u00f3n art\u00edstica de Carme Nogueira inaugurarase o 25 de maio no Parque do Pasatempo en Betanzos"}]},{"@type":"WebSite","@id":"https:\/\/concomitentes.org\/en\/#website","url":"https:\/\/concomitentes.org\/en\/","name":"Concomitentes","description":"Concomitentes promotes the creation of works of art and mediates between the civil society that commissions them and the artists who produce them.","potentialAction":[{"@type":"SearchAction","target":{"@type":"EntryPoint","urlTemplate":"https:\/\/concomitentes.org\/en\/?s={search_term_string}"},"query-input":{"@type":"PropertyValueSpecification","valueRequired":true,"valueName":"search_term_string"}}],"inLanguage":"en-GB"},{"@type":"Person","@id":"https:\/\/concomitentes.org\/en\/#\/schema\/person\/2bc91babfb92c6d60ab52debff35bf0d","name":"adminconcom","url":"https:\/\/concomitentes.org\/en\/author\/adminconcom\/"}]}},"_links":{"self":[{"href":"https:\/\/concomitentes.org\/en\/wp-json\/wp\/v2\/posts\/837","targetHints":{"allow":["GET"]}}],"collection":[{"href":"https:\/\/concomitentes.org\/en\/wp-json\/wp\/v2\/posts"}],"about":[{"href":"https:\/\/concomitentes.org\/en\/wp-json\/wp\/v2\/types\/post"}],"author":[{"embeddable":true,"href":"https:\/\/concomitentes.org\/en\/wp-json\/wp\/v2\/users\/1"}],"replies":[{"embeddable":true,"href":"https:\/\/concomitentes.org\/en\/wp-json\/wp\/v2\/comments?post=837"}],"version-history":[{"count":3,"href":"https:\/\/concomitentes.org\/en\/wp-json\/wp\/v2\/posts\/837\/revisions"}],"predecessor-version":[{"id":2148,"href":"https:\/\/concomitentes.org\/en\/wp-json\/wp\/v2\/posts\/837\/revisions\/2148"}],"wp:featuredmedia":[{"embeddable":true,"href":"https:\/\/concomitentes.org\/en\/wp-json\/wp\/v2\/media\/838"}],"wp:attachment":[{"href":"https:\/\/concomitentes.org\/en\/wp-json\/wp\/v2\/media?parent=837"}],"wp:term":[{"taxonomy":"category","embeddable":true,"href":"https:\/\/concomitentes.org\/en\/wp-json\/wp\/v2\/categories?post=837"},{"taxonomy":"post_tag","embeddable":true,"href":"https:\/\/concomitentes.org\/en\/wp-json\/wp\/v2\/tags?post=837"}],"curies":[{"name":"wp","href":"https:\/\/api.w.org\/{rel}","templated":true}]}}