{"id":797,"date":"2023-11-13T00:00:00","date_gmt":"2023-11-13T00:00:00","guid":{"rendered":"http:\/\/concomitentes.vl22350.dinaserver.com\/las-manos-los-deseos-y-los-nudos\/"},"modified":"2025-07-15T18:51:22","modified_gmt":"2025-07-15T18:51:22","slug":"hands-wishes-and-knots","status":"publish","type":"post","link":"https:\/\/concomitentes.org\/en\/las-manos-los-deseos-y-los-nudos\/","title":{"rendered":"Hands, wishes and knots"},"content":{"rendered":"<p>There is a desire in the Le\u00f3n region of La Sobarriba, often hidden, to be together. To do something together, to build together. It has been going on for months. Before the beginning of the concomitance of \u2018Narrativas Solares\u2019. And it happens because, in places like this, being together has always been what has saved us, but for some time now, this being together has been emptying of content.&nbsp;<\/p>\n<p>So the work, now, consists only in remembering. It is to focus our attention on what was already happening, to put our senses back on the territory, on the land, on its inhabitants (human and more than human), in order to weave life together.<\/p>\n<figure data-ratio=\"auto\">\n    <img decoding=\"async\" src=\"https:\/\/concomitentes.org\/wp-content\/uploads\/2025\/07\/53318246679_0dd2000033_k.jpg\" alt=\"A moment of the collective activity (hacendera) \/ Photo: Mar Asti\u00e1rraga\"><figcaption>\n    A moment of the collective activity (hacendera) \/ Photo: Mar Asti\u00e1rraga  <\/figcaption><\/figure>\n<p>On the 3rd and 4th of November we were doing it in Le\u00f3n. Remembering the struggle of \u2018La Plataforma en Defensa de La Sobarriba\u2019 and the path that \u2018Narrativas Solares\u2019 has chosen in order to give a common voice to the neighbours and to all that is more than human in this territory.<\/p>\n<p>It was a special moment for us. We had thought about how to tell the rest of the public about the reasons that had brought us together in this concomitance, as well as to publicly present Auxi G\u00e1lvez, the artist who will accompany with her piece this desire of ours to be together and begin the work in community, in hacendera *(1).&nbsp;<\/p>\n<figure data-ratio=\"auto\">\n    <img decoding=\"async\" src=\"https:\/\/concomitentes.org\/wp-content\/uploads\/2025\/07\/53318130748_9389b522e1_k.jpg\" alt=\"Master Justo, a wise neighbour of Villavente, who explained how to make a live sebe \/ Photo: Mar Asti\u00e1rraga\"><figcaption>\n    Master Justo, a wise neighbour of Villavente, who explained how to make a live sebe \/ Photo: Mar Asti\u00e1rraga  <\/figcaption><\/figure>\n<p>We have explained the reasons on many occasions, in private and public spaces, but doing so in the Faculty of Biological and Environmental Sciences of the ULE with Daniela Canestrari and Estrella Alfaro, professors who are experts in the effects suffered by environmental diversity in the face of the implementation of macro energy structures in rural areas, has helped us to think about how the words that construct the ideas that make up the story, allow us to soften the effects that these infrastructures create on places: we say biodiversity and we think of forests, and not of a continuity of mountains with windmills on their summits; we say farm and we imagine a farmer with his animals, and not a fenced extension of 190 hectares of solar panels; we say landscape and we think of that idyllic landscape designed to be enjoyed by the tourist or the walker, not to be inhabited by those who walk it every day with their chores or by the Black Crow and its breeding in community.<\/p>\n<figure data-ratio=\"auto\">\n    <img decoding=\"async\" src=\"https:\/\/concomitentes.org\/wp-content\/uploads\/2025\/07\/53318361805_9cb8e8078d_k.jpg\" alt=\"A moment of the collective activity (hacendera), which took place on 4 November in La Sobarriba. \/ Photo: Mar Asti\u00e1rraga\"><figcaption>\n    A moment of the collective activity (hacendera), which took place on 4 November in La Sobarriba. \/ Photo: Mar Asti\u00e1rraga  <\/figcaption><\/figure>\n<p>To take up signs and meanings from the place where they had been appropriated. This is one of the ideas of \u2018Solar Narratives\u2019. Thinking about this, a quote from John Berger comes to mind, which the recent winner of the Cervantes Prize, Lu\u00eds Mateo D\u00edez from Le\u00f3n, puts at the beginning of the third edition of Relato de Babia: \u201cThe self-portrait of each town is not built with stones, but with words, spoken and remembered: with opinions, stories, eyewitness accounts, legends, comments and rumours. And it is a continuous portrait, never to be stopped. Until relatively recently, the only materials available to a people and its inhabitants to define themselves were their own spoken words. The portrait that each people painted of itself, apart from the physical achievements of the fruits of its labour, was the only thing that reflected the meaning of its existence. And this is what we have been immersed in since we began.<\/p>\n<p>Auxi G\u00e1lvez accompanies us in our self-portrait, giving us a frame for this self-portrait in which we can be and feel-think (in the manner of Orlando Fals Borda). Thinking from the heart and from the mind with the territory, co-reasoning. But this framework is more than an object, a space or a place. It is a possibility to return to a possible, desired narrative with the co-authors who inhabit the lines of the Sobarribe\u00f1o territory.&nbsp;<\/p>\n<figure data-ratio=\"auto\">\n    <img decoding=\"async\" src=\"https:\/\/concomitentes.org\/wp-content\/uploads\/2025\/07\/53318362170_ad90b26b50_k.jpg\" alt=\"Photo of the artist of &#039;Solar Narratives&#039;, Auxi G\u00e1lvez. \/ Photo: Mar Asti\u00e1rraga\"><figcaption>\n    Photo of the artist of \u2018Solar Narratives\u2019, Auxi G\u00e1lvez. \/ Photo: Mar Asti\u00e1rraga  <\/figcaption><\/figure>\n<p>And in writing with knots, as if they were vegetable khipus, we were there on Saturday morning, the 4th. Weaving community with knowledge, art and science through the act of building a living sebe as the beginning of construction. With the patience of the master Justo (a wise neighbour from Villavente who showed us how to make the sebe viva), with the smiles of everyone, with the songs of Azucena, with the photos of Mar, with the sun that dried us after the downpour of water that had soaked us on the way, with the desire to learn of everyone (but especially of Soraya), with the excited guests watching the work begin, with the hincones, with the vilortas and the cincones, with the people of Villavente, with the people of Villavente who were so excited to see how the work began, the vilortas and the cinchos (all these words are important because they allow us to escape from the unifying narrative of the extractivist colonist), with the parva we drank to regain strength and warm up, with the Pintas goat eating the vegetable remains of the construction, with Marina telling us about each bush we planted, with the girls running around the communal land that will host the piece of \u2018Solar Narratives\u2019 but that will be for everyone.<\/p>\n<p>Thus, with all these ways of writing in this territory, is how we will continue the narration of the project. Narrating with our hands, our actions, our knots and our desires.<\/p>\n<p><strong>To see the full gallery of the day click here <a href=\"https:\/\/www.flickr.com\/photos\/186832731@N03\/albums\/72177720312546389\/with\/53317025917\/\" rel=\"noopener noreferrer nofollow\">here<\/a>.<\/strong><\/p>\n<\/p>\n<p>* (1) The \"hacendera\" or \"facendera\" in Le\u00f3n is a collective work carried out by all the villagers for communal work.<\/p>","protected":false},"excerpt":{"rendered":"<p>Existe un deseo en la comarca leonesa de La Sobarriba, muchas veces oculto, de estar juntas. De hacer algo juntas, de construir en com\u00fan. Lleva sucediendo desde hace meses. Antes [&hellip;]<\/p>\n","protected":false},"author":1,"featured_media":798,"comment_status":"open","ping_status":"open","sticky":false,"template":"","format":"standard","meta":{"_acf_changed":false,"footnotes":""},"categories":[6],"tags":[],"class_list":["post-797","post","type-post","status-publish","format-standard","has-post-thumbnail","hentry","category-reflexion"],"acf":[],"yoast_head":"<!-- This site is optimized with the Yoast SEO plugin v27.5 - https:\/\/yoast.com\/product\/yoast-seo-wordpress\/ -->\n<title>Las manos, los deseos y los nudos - Concomitentes<\/title>\n<meta name=\"robots\" content=\"index, follow, max-snippet:-1, max-image-preview:large, max-video-preview:-1\" \/>\n<link rel=\"canonical\" href=\"https:\/\/concomitentes.org\/en\/hands-wishes-and-knots\/\" \/>\n<meta property=\"og:locale\" content=\"en_GB\" \/>\n<meta property=\"og:type\" content=\"article\" \/>\n<meta property=\"og:title\" content=\"Las manos, los deseos y los nudos - Concomitentes\" \/>\n<meta property=\"og:description\" content=\"Existe un deseo en la comarca leonesa de La Sobarriba, muchas veces oculto, de estar juntas. De hacer algo juntas, de construir en com\u00fan. Lleva sucediendo desde hace meses. Antes [&hellip;]\" \/>\n<meta property=\"og:url\" content=\"https:\/\/concomitentes.org\/en\/hands-wishes-and-knots\/\" \/>\n<meta property=\"og:site_name\" content=\"Concomitentes\" \/>\n<meta property=\"article:published_time\" content=\"2023-11-13T00:00:00+00:00\" \/>\n<meta property=\"article:modified_time\" content=\"2025-07-15T18:51:22+00:00\" \/>\n<meta property=\"og:image\" content=\"https:\/\/concomitentes.org\/wp-content\/uploads\/2025\/06\/53317025772_670a2c0418_c.jpg\" \/>\n\t<meta property=\"og:image:width\" content=\"800\" \/>\n\t<meta property=\"og:image:height\" content=\"600\" \/>\n\t<meta property=\"og:image:type\" content=\"image\/jpeg\" \/>\n<meta name=\"author\" content=\"adminconcom\" \/>\n<meta name=\"twitter:card\" content=\"summary_large_image\" \/>\n<meta name=\"twitter:label1\" content=\"Written by\" \/>\n\t<meta name=\"twitter:data1\" content=\"adminconcom\" \/>\n\t<meta name=\"twitter:label2\" content=\"Estimated reading time\" \/>\n\t<meta name=\"twitter:data2\" content=\"5 minutes\" \/>\n<script type=\"application\/ld+json\" class=\"yoast-schema-graph\">{\"@context\":\"https:\\\/\\\/schema.org\",\"@graph\":[{\"@type\":\"Article\",\"@id\":\"https:\\\/\\\/concomitentes.org\\\/las-manos-los-deseos-y-los-nudos\\\/#article\",\"isPartOf\":{\"@id\":\"https:\\\/\\\/concomitentes.org\\\/las-manos-los-deseos-y-los-nudos\\\/\"},\"author\":{\"name\":\"adminconcom\",\"@id\":\"https:\\\/\\\/concomitentes.org\\\/en\\\/#\\\/schema\\\/person\\\/2bc91babfb92c6d60ab52debff35bf0d\"},\"headline\":\"Las manos, los deseos y los nudos\",\"datePublished\":\"2023-11-13T00:00:00+00:00\",\"dateModified\":\"2025-07-15T18:51:22+00:00\",\"mainEntityOfPage\":{\"@id\":\"https:\\\/\\\/concomitentes.org\\\/las-manos-los-deseos-y-los-nudos\\\/\"},\"wordCount\":994,\"commentCount\":0,\"image\":{\"@id\":\"https:\\\/\\\/concomitentes.org\\\/las-manos-los-deseos-y-los-nudos\\\/#primaryimage\"},\"thumbnailUrl\":\"https:\\\/\\\/concomitentes.org\\\/wp-content\\\/uploads\\\/2025\\\/06\\\/53317025772_670a2c0418_c.jpg\",\"articleSection\":[\"Reflexi\u00f3n\"],\"inLanguage\":\"en-GB\",\"potentialAction\":[{\"@type\":\"CommentAction\",\"name\":\"Comment\",\"target\":[\"https:\\\/\\\/concomitentes.org\\\/las-manos-los-deseos-y-los-nudos\\\/#respond\"]}]},{\"@type\":\"WebPage\",\"@id\":\"https:\\\/\\\/concomitentes.org\\\/las-manos-los-deseos-y-los-nudos\\\/\",\"url\":\"https:\\\/\\\/concomitentes.org\\\/las-manos-los-deseos-y-los-nudos\\\/\",\"name\":\"Las manos, los deseos y los nudos - Concomitentes\",\"isPartOf\":{\"@id\":\"https:\\\/\\\/concomitentes.org\\\/en\\\/#website\"},\"primaryImageOfPage\":{\"@id\":\"https:\\\/\\\/concomitentes.org\\\/las-manos-los-deseos-y-los-nudos\\\/#primaryimage\"},\"image\":{\"@id\":\"https:\\\/\\\/concomitentes.org\\\/las-manos-los-deseos-y-los-nudos\\\/#primaryimage\"},\"thumbnailUrl\":\"https:\\\/\\\/concomitentes.org\\\/wp-content\\\/uploads\\\/2025\\\/06\\\/53317025772_670a2c0418_c.jpg\",\"datePublished\":\"2023-11-13T00:00:00+00:00\",\"dateModified\":\"2025-07-15T18:51:22+00:00\",\"author\":{\"@id\":\"https:\\\/\\\/concomitentes.org\\\/en\\\/#\\\/schema\\\/person\\\/2bc91babfb92c6d60ab52debff35bf0d\"},\"breadcrumb\":{\"@id\":\"https:\\\/\\\/concomitentes.org\\\/las-manos-los-deseos-y-los-nudos\\\/#breadcrumb\"},\"inLanguage\":\"en-GB\",\"potentialAction\":[{\"@type\":\"ReadAction\",\"target\":[\"https:\\\/\\\/concomitentes.org\\\/las-manos-los-deseos-y-los-nudos\\\/\"]}]},{\"@type\":\"ImageObject\",\"inLanguage\":\"en-GB\",\"@id\":\"https:\\\/\\\/concomitentes.org\\\/las-manos-los-deseos-y-los-nudos\\\/#primaryimage\",\"url\":\"https:\\\/\\\/concomitentes.org\\\/wp-content\\\/uploads\\\/2025\\\/06\\\/53317025772_670a2c0418_c.jpg\",\"contentUrl\":\"https:\\\/\\\/concomitentes.org\\\/wp-content\\\/uploads\\\/2025\\\/06\\\/53317025772_670a2c0418_c.jpg\",\"width\":800,\"height\":600},{\"@type\":\"BreadcrumbList\",\"@id\":\"https:\\\/\\\/concomitentes.org\\\/las-manos-los-deseos-y-los-nudos\\\/#breadcrumb\",\"itemListElement\":[{\"@type\":\"ListItem\",\"position\":1,\"name\":\"Portada\",\"item\":\"https:\\\/\\\/concomitentes.org\\\/\"},{\"@type\":\"ListItem\",\"position\":2,\"name\":\"Las manos, los deseos y los nudos\"}]},{\"@type\":\"WebSite\",\"@id\":\"https:\\\/\\\/concomitentes.org\\\/en\\\/#website\",\"url\":\"https:\\\/\\\/concomitentes.org\\\/en\\\/\",\"name\":\"Concomitentes\",\"description\":\"Concomitentes promueve la creaci\u00f3n de obras de arte y media entre la sociedad civil que las encarga y los\\\/las artistas que las producen.\",\"potentialAction\":[{\"@type\":\"SearchAction\",\"target\":{\"@type\":\"EntryPoint\",\"urlTemplate\":\"https:\\\/\\\/concomitentes.org\\\/en\\\/?s={search_term_string}\"},\"query-input\":{\"@type\":\"PropertyValueSpecification\",\"valueRequired\":true,\"valueName\":\"search_term_string\"}}],\"inLanguage\":\"en-GB\"},{\"@type\":\"Person\",\"@id\":\"https:\\\/\\\/concomitentes.org\\\/en\\\/#\\\/schema\\\/person\\\/2bc91babfb92c6d60ab52debff35bf0d\",\"name\":\"adminconcom\",\"url\":\"https:\\\/\\\/concomitentes.org\\\/en\\\/author\\\/adminconcom\\\/\"}]}<\/script>\n<!-- \/ Yoast SEO plugin. -->","yoast_head_json":{"title":"Hands, wishes and knots - Concomitentes","robots":{"index":"index","follow":"follow","max-snippet":"max-snippet:-1","max-image-preview":"max-image-preview:large","max-video-preview":"max-video-preview:-1"},"canonical":"https:\/\/concomitentes.org\/en\/hands-wishes-and-knots\/","og_locale":"en_GB","og_type":"article","og_title":"Las manos, los deseos y los nudos - Concomitentes","og_description":"Existe un deseo en la comarca leonesa de La Sobarriba, muchas veces oculto, de estar juntas. De hacer algo juntas, de construir en com\u00fan. Lleva sucediendo desde hace meses. Antes [&hellip;]","og_url":"https:\/\/concomitentes.org\/en\/hands-wishes-and-knots\/","og_site_name":"Concomitentes","article_published_time":"2023-11-13T00:00:00+00:00","article_modified_time":"2025-07-15T18:51:22+00:00","og_image":[{"width":800,"height":600,"url":"https:\/\/concomitentes.org\/wp-content\/uploads\/2025\/06\/53317025772_670a2c0418_c.jpg","type":"image\/jpeg"}],"author":"adminconcom","twitter_card":"summary_large_image","twitter_misc":{"Written by":"adminconcom","Estimated reading time":"5 minutes"},"schema":{"@context":"https:\/\/schema.org","@graph":[{"@type":"Article","@id":"https:\/\/concomitentes.org\/las-manos-los-deseos-y-los-nudos\/#article","isPartOf":{"@id":"https:\/\/concomitentes.org\/las-manos-los-deseos-y-los-nudos\/"},"author":{"name":"adminconcom","@id":"https:\/\/concomitentes.org\/en\/#\/schema\/person\/2bc91babfb92c6d60ab52debff35bf0d"},"headline":"Las manos, los deseos y los nudos","datePublished":"2023-11-13T00:00:00+00:00","dateModified":"2025-07-15T18:51:22+00:00","mainEntityOfPage":{"@id":"https:\/\/concomitentes.org\/las-manos-los-deseos-y-los-nudos\/"},"wordCount":994,"commentCount":0,"image":{"@id":"https:\/\/concomitentes.org\/las-manos-los-deseos-y-los-nudos\/#primaryimage"},"thumbnailUrl":"https:\/\/concomitentes.org\/wp-content\/uploads\/2025\/06\/53317025772_670a2c0418_c.jpg","articleSection":["Reflexi\u00f3n"],"inLanguage":"en-GB","potentialAction":[{"@type":"CommentAction","name":"Comment","target":["https:\/\/concomitentes.org\/las-manos-los-deseos-y-los-nudos\/#respond"]}]},{"@type":"WebPage","@id":"https:\/\/concomitentes.org\/las-manos-los-deseos-y-los-nudos\/","url":"https:\/\/concomitentes.org\/las-manos-los-deseos-y-los-nudos\/","name":"Hands, wishes and knots - Concomitentes","isPartOf":{"@id":"https:\/\/concomitentes.org\/en\/#website"},"primaryImageOfPage":{"@id":"https:\/\/concomitentes.org\/las-manos-los-deseos-y-los-nudos\/#primaryimage"},"image":{"@id":"https:\/\/concomitentes.org\/las-manos-los-deseos-y-los-nudos\/#primaryimage"},"thumbnailUrl":"https:\/\/concomitentes.org\/wp-content\/uploads\/2025\/06\/53317025772_670a2c0418_c.jpg","datePublished":"2023-11-13T00:00:00+00:00","dateModified":"2025-07-15T18:51:22+00:00","author":{"@id":"https:\/\/concomitentes.org\/en\/#\/schema\/person\/2bc91babfb92c6d60ab52debff35bf0d"},"breadcrumb":{"@id":"https:\/\/concomitentes.org\/las-manos-los-deseos-y-los-nudos\/#breadcrumb"},"inLanguage":"en-GB","potentialAction":[{"@type":"ReadAction","target":["https:\/\/concomitentes.org\/las-manos-los-deseos-y-los-nudos\/"]}]},{"@type":"ImageObject","inLanguage":"en-GB","@id":"https:\/\/concomitentes.org\/las-manos-los-deseos-y-los-nudos\/#primaryimage","url":"https:\/\/concomitentes.org\/wp-content\/uploads\/2025\/06\/53317025772_670a2c0418_c.jpg","contentUrl":"https:\/\/concomitentes.org\/wp-content\/uploads\/2025\/06\/53317025772_670a2c0418_c.jpg","width":800,"height":600},{"@type":"BreadcrumbList","@id":"https:\/\/concomitentes.org\/las-manos-los-deseos-y-los-nudos\/#breadcrumb","itemListElement":[{"@type":"ListItem","position":1,"name":"Portada","item":"https:\/\/concomitentes.org\/"},{"@type":"ListItem","position":2,"name":"Las manos, los deseos y los nudos"}]},{"@type":"WebSite","@id":"https:\/\/concomitentes.org\/en\/#website","url":"https:\/\/concomitentes.org\/en\/","name":"Concomitentes","description":"Concomitentes promotes the creation of works of art and mediates between the civil society that commissions them and the artists who produce them.","potentialAction":[{"@type":"SearchAction","target":{"@type":"EntryPoint","urlTemplate":"https:\/\/concomitentes.org\/en\/?s={search_term_string}"},"query-input":{"@type":"PropertyValueSpecification","valueRequired":true,"valueName":"search_term_string"}}],"inLanguage":"en-GB"},{"@type":"Person","@id":"https:\/\/concomitentes.org\/en\/#\/schema\/person\/2bc91babfb92c6d60ab52debff35bf0d","name":"adminconcom","url":"https:\/\/concomitentes.org\/en\/author\/adminconcom\/"}]}},"_links":{"self":[{"href":"https:\/\/concomitentes.org\/en\/wp-json\/wp\/v2\/posts\/797","targetHints":{"allow":["GET"]}}],"collection":[{"href":"https:\/\/concomitentes.org\/en\/wp-json\/wp\/v2\/posts"}],"about":[{"href":"https:\/\/concomitentes.org\/en\/wp-json\/wp\/v2\/types\/post"}],"author":[{"embeddable":true,"href":"https:\/\/concomitentes.org\/en\/wp-json\/wp\/v2\/users\/1"}],"replies":[{"embeddable":true,"href":"https:\/\/concomitentes.org\/en\/wp-json\/wp\/v2\/comments?post=797"}],"version-history":[{"count":2,"href":"https:\/\/concomitentes.org\/en\/wp-json\/wp\/v2\/posts\/797\/revisions"}],"predecessor-version":[{"id":2094,"href":"https:\/\/concomitentes.org\/en\/wp-json\/wp\/v2\/posts\/797\/revisions\/2094"}],"wp:featuredmedia":[{"embeddable":true,"href":"https:\/\/concomitentes.org\/en\/wp-json\/wp\/v2\/media\/798"}],"wp:attachment":[{"href":"https:\/\/concomitentes.org\/en\/wp-json\/wp\/v2\/media?parent=797"}],"wp:term":[{"taxonomy":"category","embeddable":true,"href":"https:\/\/concomitentes.org\/en\/wp-json\/wp\/v2\/categories?post=797"},{"taxonomy":"post_tag","embeddable":true,"href":"https:\/\/concomitentes.org\/en\/wp-json\/wp\/v2\/tags?post=797"}],"curies":[{"name":"wp","href":"https:\/\/api.w.org\/{rel}","templated":true}]}}