{"id":795,"date":"2023-10-23T00:00:00","date_gmt":"2023-10-23T00:00:00","guid":{"rendered":"http:\/\/concomitentes.vl22350.dinaserver.com\/actividad-publica-en-leon-narrativas-solares-entretejiendo-arte-ciencia-y-comunidades\/"},"modified":"2025-07-15T18:51:22","modified_gmt":"2025-07-15T18:51:22","slug":"public-activity-in-leon-solar-narratives-interweaving-art-science-and-communities","status":"publish","type":"post","link":"https:\/\/concomitentes.org\/en\/actividad-publica-en-leon-narrativas-solares-entretejiendo-arte-ciencia-y-comunidades\/","title":{"rendered":"Public activity in Le\u00f3n: 'Solar Narratives. Interweaving art, science and communities'."},"content":{"rendered":"<p>The project \u2018Solar Narratives\u2019 organises the public activity \u2018Interweaving art, science and communities\u2019 on Friday, 3 November, at the University of Le\u00f3n and the Ateneo El Alb\u00e9itar; and Saturday, 4 November, in Villavente de la Sobarriba.<\/p>\n<p>The first day will focus on the public presentation of the artist and architect, Mar\u00eda Auxiliadora G\u00e1lvez, who is in charge of the artistic production of the project. On the following day, a collective work will be developed to begin to build the structure of the artistic piece.<\/p>\n<p>The mediator, Alfredo Escapa, will take part in the activities together with the group of participants. Both days have the collaboration of the University of Le\u00f3n, the Area of Cultural Activities of the University of Le\u00f3n, the Villavente Neighbourhood Council and the Town Council of Valdefresno.<\/p>\n<p>\u2018Solar Narratives\u2019 has been working since 2022 with the mediator, Alfredo Escapa, and \u2018La Plataforma Ciudadana para la Defensa de la Sobarriba\u2019 to activate an ecological transition that is just, sustainable and committed to the territory of this region of Le\u00f3n, where the installation of 10,000 macro-solar plants is planned, threatening crops, pastures and forests in the local context.<\/p>\n<p><strong>Full programme for the two days<\/strong><\/p>\n<p><u>Day 1: Friday, 3 November<\/u><\/p>\n<p><strong><u>Round table: \u201cMacro-renewables, science, population and art\u201d.\u201d<\/u><\/strong><\/p>\n<p>Round table to exchange experiences and to problematise the effects of renewable energy macrostructures on animals, plants and humans.<\/p>\n<p><strong>Location:<\/strong> Aula de Grados de la Facultad de Ciencias Biol\u00f3gicas y Ambientales de la Universidad de Le\u00f3n (Faculty of Biological and Environmental Sciences of the University of Le\u00f3n)<\/p>\n<p><strong>Time: <\/strong>10.00hrs<\/p>\n<p><strong>Participants:<\/strong><\/p>\n<p><strong>Alfredo Escapa Presa.<\/strong> Mediator of the concomitance \u2018Solar Narratives\u2019. His lines of work are in the correlations established between creation, education and social transformations. The projects in which he is currently immersed are Autorretrato audiovisual, Apuntes para un presente compartido; in addition to launching the +D12 programme at MUSAC and working, since 2012, in the collective La rara troupe.<\/p>\n<p><strong>Daniela Canestrari.<\/strong> Lecturer at the Faculty of Biological and Environmental Sciences of the University of Le\u00f3n. Her research interests are ethology and cooperative reproduction and social behaviour in corvids. She is one of the driving forces behind the Plataforma en defensa de la Sobarriba and is a member of the \u2018Narrativas Solares\u2019 group.&nbsp;<\/p>\n<p><strong>Estrella Alfaro-Saiz. <\/strong>With a degree in Environmental Sciences from the University of Castilla-La Mancha, she holds a PhD from the University of Le\u00f3n, and specialises in the conservation of threatened flora. A lecturer and researcher at the University of Le\u00f3n, she has been working since 2006 on various research projects associated with vegetation mapping, the conservation of plant species and Natura 2000 Network sites.<\/p>\n<p><strong>M\u00aa Auxiliadora G\u00e1lvez.<\/strong>&nbsp; Architect by the E.T.S.A.M. and Doctor in Architecture, she is also a landscape architect and teacher of the Feldenkrais Method of Somatic Education. Since 1998 she has been teaching at the San Pablo Ceu University in Madrid. In 2016 she founded the \u201cPlataforma de Som\u00e1tica aplicada a la Arquitectura y el Paisaje\u201d-PSAAP, where aspects of ecology are addressed from the experience of the body in art, and in architectural, urban and landscape design.&nbsp;<\/p>\n<p><strong><u>Public presentation of the artist of \u2018Solar Narratives\u2019.\u2019<\/u><\/strong><\/p>\n<p>The round table will trigger a dialogue about the process that has been undertaken to choose the artist, the format of the piece and what the next steps are.<\/p>\n<p><strong>Location:<\/strong> Exhibition Hall of the Ateneo El Alb\u00e9itar of the University of Le\u00f3n<\/p>\n<p><strong>Time: <\/strong>18.30hrs<\/p>\n<p><strong>Participants:<\/strong> Artist, Mar\u00eda Auxiliadora G\u00e1lvez; commissioners Marta Alaiz, Carolina Bartolom\u00e9, Daniela Canestrari, Marina Castro, Fran de la Calzada, Carlos Padilla, Aurora Panizo; and mediator Alfredo Escapa.<\/p>\n<p><u>Day 2: Saturday, 4 November<\/u><\/p>\n<p><strong><u>Collective activity of collective construction of the artistic work<\/u><\/strong><\/p>\n<p>Hacendera (collective work that is done in order to make something for the common good) to begin to build the structure of the living sebe that the piece of the concomitance Solar Narratives will have.<\/p>\n<p><strong>Location:<\/strong> Villavente de la Sobarriba, exit on foot from the bus stop.<\/p>\n<p><strong>Time: <\/strong>10.00hrs<\/p>\n<p>In November, following the popular wisdom that says \u201cin November any stick catches fire\u201d, and under the expert supervision of the local maintainers (from Villavente de la Sobarriba itself) Justo Rodr\u00edguez and Maruja Benavides; the members of the Plataforma en Defensa de la Sobarriba, the mediator, M\u00aa Auxiliadora G\u00e1lvez and those who wish to come and learn this ancestral fencing technique, work will begin to build part of the structure for the architectural piece that will be finished in the spring of 2024.<\/p>\n<p>And as it's sure to be cold, we'll be laying out the parva (a <em>vasin<\/em> of white marc with a sultana or churro) to make learning and temperatures more enjoyable.<\/p>","protected":false},"excerpt":{"rendered":"<p>El proyecto \u2018Narrativas Solares\u2019 organiza la actividad p\u00fablica \u2018Entretejiendo arte, ciencia y comunidades\u2019 el viernes, 3 de noviembre, en la Universidad de Le\u00f3n y el Ateneo El Alb\u00e9itar; y s\u00e1bado, [&hellip;]<\/p>\n","protected":false},"author":1,"featured_media":796,"comment_status":"open","ping_status":"open","sticky":false,"template":"","format":"standard","meta":{"_acf_changed":false,"footnotes":""},"categories":[4],"tags":[],"class_list":["post-795","post","type-post","status-publish","format-standard","has-post-thumbnail","hentry","category-evento"],"acf":[],"yoast_head":"<!-- This site is optimized with the Yoast SEO plugin v27.5 - https:\/\/yoast.com\/product\/yoast-seo-wordpress\/ -->\n<title>Actividad p\u00fablica en Le\u00f3n: \u2018Narrativas Solares. Entretejiendo arte, ciencia y comunidades\u2019 - Concomitentes<\/title>\n<meta name=\"robots\" content=\"index, follow, max-snippet:-1, max-image-preview:large, max-video-preview:-1\" \/>\n<link rel=\"canonical\" href=\"https:\/\/concomitentes.org\/en\/public-activity-in-leon-solar-narratives-interweaving-art-science-and-communities\/\" \/>\n<meta property=\"og:locale\" content=\"en_GB\" \/>\n<meta property=\"og:type\" content=\"article\" \/>\n<meta property=\"og:title\" content=\"Actividad p\u00fablica en Le\u00f3n: \u2018Narrativas Solares. Entretejiendo arte, ciencia y comunidades\u2019 - Concomitentes\" \/>\n<meta property=\"og:description\" content=\"El proyecto \u2018Narrativas Solares\u2019 organiza la actividad p\u00fablica \u2018Entretejiendo arte, ciencia y comunidades\u2019 el viernes, 3 de noviembre, en la Universidad de Le\u00f3n y el Ateneo El Alb\u00e9itar; y s\u00e1bado, [&hellip;]\" \/>\n<meta property=\"og:url\" content=\"https:\/\/concomitentes.org\/en\/public-activity-in-leon-solar-narratives-interweaving-art-science-and-communities\/\" \/>\n<meta property=\"og:site_name\" content=\"Concomitentes\" \/>\n<meta property=\"article:published_time\" content=\"2023-10-23T00:00:00+00:00\" \/>\n<meta property=\"article:modified_time\" content=\"2025-07-15T18:51:22+00:00\" \/>\n<meta property=\"og:image\" content=\"https:\/\/concomitentes.org\/wp-content\/uploads\/2025\/06\/captura-de-pantalla-2023-10-18-a-las-15.22.46.png\" \/>\n\t<meta property=\"og:image:width\" content=\"982\" \/>\n\t<meta property=\"og:image:height\" content=\"594\" \/>\n\t<meta property=\"og:image:type\" content=\"image\/png\" \/>\n<meta name=\"author\" content=\"adminconcom\" \/>\n<meta name=\"twitter:card\" content=\"summary_large_image\" \/>\n<meta name=\"twitter:label1\" content=\"Written by\" \/>\n\t<meta name=\"twitter:data1\" content=\"adminconcom\" \/>\n\t<meta name=\"twitter:label2\" content=\"Estimated reading time\" \/>\n\t<meta name=\"twitter:data2\" content=\"4 minutes\" \/>\n<script type=\"application\/ld+json\" class=\"yoast-schema-graph\">{\"@context\":\"https:\\\/\\\/schema.org\",\"@graph\":[{\"@type\":\"Article\",\"@id\":\"https:\\\/\\\/concomitentes.org\\\/actividad-publica-en-leon-narrativas-solares-entretejiendo-arte-ciencia-y-comunidades\\\/#article\",\"isPartOf\":{\"@id\":\"https:\\\/\\\/concomitentes.org\\\/actividad-publica-en-leon-narrativas-solares-entretejiendo-arte-ciencia-y-comunidades\\\/\"},\"author\":{\"name\":\"adminconcom\",\"@id\":\"https:\\\/\\\/concomitentes.org\\\/en\\\/#\\\/schema\\\/person\\\/2bc91babfb92c6d60ab52debff35bf0d\"},\"headline\":\"Actividad p\u00fablica en Le\u00f3n: \u2018Narrativas Solares. Entretejiendo arte, ciencia y comunidades\u2019\",\"datePublished\":\"2023-10-23T00:00:00+00:00\",\"dateModified\":\"2025-07-15T18:51:22+00:00\",\"mainEntityOfPage\":{\"@id\":\"https:\\\/\\\/concomitentes.org\\\/actividad-publica-en-leon-narrativas-solares-entretejiendo-arte-ciencia-y-comunidades\\\/\"},\"wordCount\":841,\"commentCount\":0,\"image\":{\"@id\":\"https:\\\/\\\/concomitentes.org\\\/actividad-publica-en-leon-narrativas-solares-entretejiendo-arte-ciencia-y-comunidades\\\/#primaryimage\"},\"thumbnailUrl\":\"https:\\\/\\\/concomitentes.org\\\/wp-content\\\/uploads\\\/2025\\\/06\\\/captura-de-pantalla-2023-10-18-a-las-15.22.46.png\",\"articleSection\":[\"Evento\"],\"inLanguage\":\"en-GB\",\"potentialAction\":[{\"@type\":\"CommentAction\",\"name\":\"Comment\",\"target\":[\"https:\\\/\\\/concomitentes.org\\\/actividad-publica-en-leon-narrativas-solares-entretejiendo-arte-ciencia-y-comunidades\\\/#respond\"]}]},{\"@type\":\"WebPage\",\"@id\":\"https:\\\/\\\/concomitentes.org\\\/actividad-publica-en-leon-narrativas-solares-entretejiendo-arte-ciencia-y-comunidades\\\/\",\"url\":\"https:\\\/\\\/concomitentes.org\\\/actividad-publica-en-leon-narrativas-solares-entretejiendo-arte-ciencia-y-comunidades\\\/\",\"name\":\"Actividad p\u00fablica en Le\u00f3n: \u2018Narrativas Solares. Entretejiendo arte, ciencia y comunidades\u2019 - Concomitentes\",\"isPartOf\":{\"@id\":\"https:\\\/\\\/concomitentes.org\\\/en\\\/#website\"},\"primaryImageOfPage\":{\"@id\":\"https:\\\/\\\/concomitentes.org\\\/actividad-publica-en-leon-narrativas-solares-entretejiendo-arte-ciencia-y-comunidades\\\/#primaryimage\"},\"image\":{\"@id\":\"https:\\\/\\\/concomitentes.org\\\/actividad-publica-en-leon-narrativas-solares-entretejiendo-arte-ciencia-y-comunidades\\\/#primaryimage\"},\"thumbnailUrl\":\"https:\\\/\\\/concomitentes.org\\\/wp-content\\\/uploads\\\/2025\\\/06\\\/captura-de-pantalla-2023-10-18-a-las-15.22.46.png\",\"datePublished\":\"2023-10-23T00:00:00+00:00\",\"dateModified\":\"2025-07-15T18:51:22+00:00\",\"author\":{\"@id\":\"https:\\\/\\\/concomitentes.org\\\/en\\\/#\\\/schema\\\/person\\\/2bc91babfb92c6d60ab52debff35bf0d\"},\"breadcrumb\":{\"@id\":\"https:\\\/\\\/concomitentes.org\\\/actividad-publica-en-leon-narrativas-solares-entretejiendo-arte-ciencia-y-comunidades\\\/#breadcrumb\"},\"inLanguage\":\"en-GB\",\"potentialAction\":[{\"@type\":\"ReadAction\",\"target\":[\"https:\\\/\\\/concomitentes.org\\\/actividad-publica-en-leon-narrativas-solares-entretejiendo-arte-ciencia-y-comunidades\\\/\"]}]},{\"@type\":\"ImageObject\",\"inLanguage\":\"en-GB\",\"@id\":\"https:\\\/\\\/concomitentes.org\\\/actividad-publica-en-leon-narrativas-solares-entretejiendo-arte-ciencia-y-comunidades\\\/#primaryimage\",\"url\":\"https:\\\/\\\/concomitentes.org\\\/wp-content\\\/uploads\\\/2025\\\/06\\\/captura-de-pantalla-2023-10-18-a-las-15.22.46.png\",\"contentUrl\":\"https:\\\/\\\/concomitentes.org\\\/wp-content\\\/uploads\\\/2025\\\/06\\\/captura-de-pantalla-2023-10-18-a-las-15.22.46.png\",\"width\":982,\"height\":594},{\"@type\":\"BreadcrumbList\",\"@id\":\"https:\\\/\\\/concomitentes.org\\\/actividad-publica-en-leon-narrativas-solares-entretejiendo-arte-ciencia-y-comunidades\\\/#breadcrumb\",\"itemListElement\":[{\"@type\":\"ListItem\",\"position\":1,\"name\":\"Portada\",\"item\":\"https:\\\/\\\/concomitentes.org\\\/\"},{\"@type\":\"ListItem\",\"position\":2,\"name\":\"Actividad p\u00fablica en Le\u00f3n: \u2018Narrativas Solares. Entretejiendo arte, ciencia y comunidades\u2019\"}]},{\"@type\":\"WebSite\",\"@id\":\"https:\\\/\\\/concomitentes.org\\\/en\\\/#website\",\"url\":\"https:\\\/\\\/concomitentes.org\\\/en\\\/\",\"name\":\"Concomitentes\",\"description\":\"Concomitentes promueve la creaci\u00f3n de obras de arte y media entre la sociedad civil que las encarga y los\\\/las artistas que las producen.\",\"potentialAction\":[{\"@type\":\"SearchAction\",\"target\":{\"@type\":\"EntryPoint\",\"urlTemplate\":\"https:\\\/\\\/concomitentes.org\\\/en\\\/?s={search_term_string}\"},\"query-input\":{\"@type\":\"PropertyValueSpecification\",\"valueRequired\":true,\"valueName\":\"search_term_string\"}}],\"inLanguage\":\"en-GB\"},{\"@type\":\"Person\",\"@id\":\"https:\\\/\\\/concomitentes.org\\\/en\\\/#\\\/schema\\\/person\\\/2bc91babfb92c6d60ab52debff35bf0d\",\"name\":\"adminconcom\",\"url\":\"https:\\\/\\\/concomitentes.org\\\/en\\\/author\\\/adminconcom\\\/\"}]}<\/script>\n<!-- \/ Yoast SEO plugin. -->","yoast_head_json":{"title":"Public activity in Le\u00f3n: \u2018Solar Narratives. Interweaving art, science and communities\u2019 - Concomitentes","robots":{"index":"index","follow":"follow","max-snippet":"max-snippet:-1","max-image-preview":"max-image-preview:large","max-video-preview":"max-video-preview:-1"},"canonical":"https:\/\/concomitentes.org\/en\/public-activity-in-leon-solar-narratives-interweaving-art-science-and-communities\/","og_locale":"en_GB","og_type":"article","og_title":"Actividad p\u00fablica en Le\u00f3n: \u2018Narrativas Solares. Entretejiendo arte, ciencia y comunidades\u2019 - Concomitentes","og_description":"El proyecto \u2018Narrativas Solares\u2019 organiza la actividad p\u00fablica \u2018Entretejiendo arte, ciencia y comunidades\u2019 el viernes, 3 de noviembre, en la Universidad de Le\u00f3n y el Ateneo El Alb\u00e9itar; y s\u00e1bado, [&hellip;]","og_url":"https:\/\/concomitentes.org\/en\/public-activity-in-leon-solar-narratives-interweaving-art-science-and-communities\/","og_site_name":"Concomitentes","article_published_time":"2023-10-23T00:00:00+00:00","article_modified_time":"2025-07-15T18:51:22+00:00","og_image":[{"width":982,"height":594,"url":"https:\/\/concomitentes.org\/wp-content\/uploads\/2025\/06\/captura-de-pantalla-2023-10-18-a-las-15.22.46.png","type":"image\/png"}],"author":"adminconcom","twitter_card":"summary_large_image","twitter_misc":{"Written by":"adminconcom","Estimated reading time":"4 minutes"},"schema":{"@context":"https:\/\/schema.org","@graph":[{"@type":"Article","@id":"https:\/\/concomitentes.org\/actividad-publica-en-leon-narrativas-solares-entretejiendo-arte-ciencia-y-comunidades\/#article","isPartOf":{"@id":"https:\/\/concomitentes.org\/actividad-publica-en-leon-narrativas-solares-entretejiendo-arte-ciencia-y-comunidades\/"},"author":{"name":"adminconcom","@id":"https:\/\/concomitentes.org\/en\/#\/schema\/person\/2bc91babfb92c6d60ab52debff35bf0d"},"headline":"Actividad p\u00fablica en Le\u00f3n: \u2018Narrativas Solares. Entretejiendo arte, ciencia y comunidades\u2019","datePublished":"2023-10-23T00:00:00+00:00","dateModified":"2025-07-15T18:51:22+00:00","mainEntityOfPage":{"@id":"https:\/\/concomitentes.org\/actividad-publica-en-leon-narrativas-solares-entretejiendo-arte-ciencia-y-comunidades\/"},"wordCount":841,"commentCount":0,"image":{"@id":"https:\/\/concomitentes.org\/actividad-publica-en-leon-narrativas-solares-entretejiendo-arte-ciencia-y-comunidades\/#primaryimage"},"thumbnailUrl":"https:\/\/concomitentes.org\/wp-content\/uploads\/2025\/06\/captura-de-pantalla-2023-10-18-a-las-15.22.46.png","articleSection":["Evento"],"inLanguage":"en-GB","potentialAction":[{"@type":"CommentAction","name":"Comment","target":["https:\/\/concomitentes.org\/actividad-publica-en-leon-narrativas-solares-entretejiendo-arte-ciencia-y-comunidades\/#respond"]}]},{"@type":"WebPage","@id":"https:\/\/concomitentes.org\/actividad-publica-en-leon-narrativas-solares-entretejiendo-arte-ciencia-y-comunidades\/","url":"https:\/\/concomitentes.org\/actividad-publica-en-leon-narrativas-solares-entretejiendo-arte-ciencia-y-comunidades\/","name":"Public activity in Le\u00f3n: \u2018Solar Narratives. Interweaving art, science and communities\u2019 - Concomitentes","isPartOf":{"@id":"https:\/\/concomitentes.org\/en\/#website"},"primaryImageOfPage":{"@id":"https:\/\/concomitentes.org\/actividad-publica-en-leon-narrativas-solares-entretejiendo-arte-ciencia-y-comunidades\/#primaryimage"},"image":{"@id":"https:\/\/concomitentes.org\/actividad-publica-en-leon-narrativas-solares-entretejiendo-arte-ciencia-y-comunidades\/#primaryimage"},"thumbnailUrl":"https:\/\/concomitentes.org\/wp-content\/uploads\/2025\/06\/captura-de-pantalla-2023-10-18-a-las-15.22.46.png","datePublished":"2023-10-23T00:00:00+00:00","dateModified":"2025-07-15T18:51:22+00:00","author":{"@id":"https:\/\/concomitentes.org\/en\/#\/schema\/person\/2bc91babfb92c6d60ab52debff35bf0d"},"breadcrumb":{"@id":"https:\/\/concomitentes.org\/actividad-publica-en-leon-narrativas-solares-entretejiendo-arte-ciencia-y-comunidades\/#breadcrumb"},"inLanguage":"en-GB","potentialAction":[{"@type":"ReadAction","target":["https:\/\/concomitentes.org\/actividad-publica-en-leon-narrativas-solares-entretejiendo-arte-ciencia-y-comunidades\/"]}]},{"@type":"ImageObject","inLanguage":"en-GB","@id":"https:\/\/concomitentes.org\/actividad-publica-en-leon-narrativas-solares-entretejiendo-arte-ciencia-y-comunidades\/#primaryimage","url":"https:\/\/concomitentes.org\/wp-content\/uploads\/2025\/06\/captura-de-pantalla-2023-10-18-a-las-15.22.46.png","contentUrl":"https:\/\/concomitentes.org\/wp-content\/uploads\/2025\/06\/captura-de-pantalla-2023-10-18-a-las-15.22.46.png","width":982,"height":594},{"@type":"BreadcrumbList","@id":"https:\/\/concomitentes.org\/actividad-publica-en-leon-narrativas-solares-entretejiendo-arte-ciencia-y-comunidades\/#breadcrumb","itemListElement":[{"@type":"ListItem","position":1,"name":"Portada","item":"https:\/\/concomitentes.org\/"},{"@type":"ListItem","position":2,"name":"Actividad p\u00fablica en Le\u00f3n: \u2018Narrativas Solares. Entretejiendo arte, ciencia y comunidades\u2019"}]},{"@type":"WebSite","@id":"https:\/\/concomitentes.org\/en\/#website","url":"https:\/\/concomitentes.org\/en\/","name":"Concomitentes","description":"Concomitentes promotes the creation of works of art and mediates between the civil society that commissions them and the artists who produce them.","potentialAction":[{"@type":"SearchAction","target":{"@type":"EntryPoint","urlTemplate":"https:\/\/concomitentes.org\/en\/?s={search_term_string}"},"query-input":{"@type":"PropertyValueSpecification","valueRequired":true,"valueName":"search_term_string"}}],"inLanguage":"en-GB"},{"@type":"Person","@id":"https:\/\/concomitentes.org\/en\/#\/schema\/person\/2bc91babfb92c6d60ab52debff35bf0d","name":"adminconcom","url":"https:\/\/concomitentes.org\/en\/author\/adminconcom\/"}]}},"_links":{"self":[{"href":"https:\/\/concomitentes.org\/en\/wp-json\/wp\/v2\/posts\/795","targetHints":{"allow":["GET"]}}],"collection":[{"href":"https:\/\/concomitentes.org\/en\/wp-json\/wp\/v2\/posts"}],"about":[{"href":"https:\/\/concomitentes.org\/en\/wp-json\/wp\/v2\/types\/post"}],"author":[{"embeddable":true,"href":"https:\/\/concomitentes.org\/en\/wp-json\/wp\/v2\/users\/1"}],"replies":[{"embeddable":true,"href":"https:\/\/concomitentes.org\/en\/wp-json\/wp\/v2\/comments?post=795"}],"version-history":[{"count":1,"href":"https:\/\/concomitentes.org\/en\/wp-json\/wp\/v2\/posts\/795\/revisions"}],"predecessor-version":[{"id":1320,"href":"https:\/\/concomitentes.org\/en\/wp-json\/wp\/v2\/posts\/795\/revisions\/1320"}],"wp:featuredmedia":[{"embeddable":true,"href":"https:\/\/concomitentes.org\/en\/wp-json\/wp\/v2\/media\/796"}],"wp:attachment":[{"href":"https:\/\/concomitentes.org\/en\/wp-json\/wp\/v2\/media?parent=795"}],"wp:term":[{"taxonomy":"category","embeddable":true,"href":"https:\/\/concomitentes.org\/en\/wp-json\/wp\/v2\/categories?post=795"},{"taxonomy":"post_tag","embeddable":true,"href":"https:\/\/concomitentes.org\/en\/wp-json\/wp\/v2\/tags?post=795"}],"curies":[{"name":"wp","href":"https:\/\/api.w.org\/{rel}","templated":true}]}}