{"id":789,"date":"2023-09-28T00:00:00","date_gmt":"2023-09-28T00:00:00","guid":{"rendered":"http:\/\/concomitentes.vl22350.dinaserver.com\/el-proyecto-narrativas-solares-participara-de-la-actividad-colonizacion-franquista-y-vaciamiento-capitalista\/"},"modified":"2025-07-15T18:51:22","modified_gmt":"2025-07-15T18:51:22","slug":"the-solar-narratives-project-will-participate-in-the-francoist-colonisation-and-capitalist-emptying-activity","status":"publish","type":"post","link":"https:\/\/concomitentes.org\/en\/el-proyecto-narrativas-solares-participara-de-la-actividad-colonizacion-franquista-y-vaciamiento-capitalista\/","title":{"rendered":"The project 'Solar Narratives' will participate in the activity 'Franco's colonisation and capitalist emptying'."},"content":{"rendered":"<p>The <u><a href=\"https:\/\/welcomespanishrevolution.com\/\" rel=\"noopener noreferrer nofollow\">Spanish (R)evolution programme<\/a><\/u>, organised by the Complutense University of Madrid and Carleton University, is organising from tomorrow until Sunday, the activity <u><a href=\"https:\/\/welcomespanishrevolution.com\/castilla-y-leon\/\" rel=\"noopener noreferrer nofollow\">\u2018Franco's colonisation and capitalist emptying\u2019.\u2019<\/a><\/u>, in the provinces of Valladolid and Le\u00f3n.<\/p>\n<p>Specifically, the programme, designed to promote the learning of Spanish through interaction with people from different cultural backgrounds, will include a visit on Sunday to the region of La Sobarriba, where the Concomitentes project, Solar Narratives, is being developed, which seeks to rethink how to activate an ecological transition that is committed to and fair with the territory.<\/p>\n<p>During the walk through the space, the mediator Alfredo Escapa will take part, as well as some of the comitentes and neighbours of the region. An initiative that will provide an opportunity to talk about the context and practice promoted by Concomitentes, as well as the causes behind the struggle of the Sobarriba Platform, which began working on this project in 2022, and which in 2024 will inaugurate a work that represents this journey of mediation and participatory process.<\/p>\n<p>After the visit, the tour will continue to other areas of the province of Le\u00f3n, such as Villavente to Sahechores or the city of Le\u00f3n.&nbsp;<\/p>\n<p>See the full programme <u><a href=\"https:\/\/welcomespanishrevolution.com\/castilla-y-leon\/\" rel=\"noopener noreferrer nofollow\">here<\/a><\/u>.<\/p>","protected":false},"excerpt":{"rendered":"<p>El programa (R)evoluci\u00f3n espa\u00f1ola, organizado por la Universidad Complutense de Madrid y la Carleton University, organiza desde ma\u00f1ana y hasta el domingo la actividad \u2018Colonizaci\u00f3n franquista y vaciamiento capitalista\u2019, en [&hellip;]<\/p>\n","protected":false},"author":1,"featured_media":790,"comment_status":"open","ping_status":"open","sticky":false,"template":"","format":"standard","meta":{"_acf_changed":false,"footnotes":""},"categories":[4],"tags":[],"class_list":["post-789","post","type-post","status-publish","format-standard","has-post-thumbnail","hentry","category-evento"],"acf":[],"yoast_head":"<!-- This site is optimized with the Yoast SEO plugin v27.5 - https:\/\/yoast.com\/product\/yoast-seo-wordpress\/ -->\n<title>El proyecto \u2018Narrativas Solares\u2019 participar\u00e1 de la actividad \u2018Colonizaci\u00f3n franquista y vaciamiento capitalista\u2019 - Concomitentes<\/title>\n<meta name=\"robots\" content=\"index, follow, max-snippet:-1, max-image-preview:large, max-video-preview:-1\" \/>\n<link rel=\"canonical\" href=\"https:\/\/concomitentes.org\/en\/the-solar-narratives-project-will-participate-in-the-francoist-colonisation-and-capitalist-emptying-activity\/\" \/>\n<meta property=\"og:locale\" content=\"en_GB\" \/>\n<meta property=\"og:type\" content=\"article\" \/>\n<meta property=\"og:title\" content=\"El proyecto \u2018Narrativas Solares\u2019 participar\u00e1 de la actividad \u2018Colonizaci\u00f3n franquista y vaciamiento capitalista\u2019 - Concomitentes\" \/>\n<meta property=\"og:description\" content=\"El programa (R)evoluci\u00f3n espa\u00f1ola, organizado por la Universidad Complutense de Madrid y la Carleton University, organiza desde ma\u00f1ana y hasta el domingo la actividad \u2018Colonizaci\u00f3n franquista y vaciamiento capitalista\u2019, en [&hellip;]\" \/>\n<meta property=\"og:url\" content=\"https:\/\/concomitentes.org\/en\/the-solar-narratives-project-will-participate-in-the-francoist-colonisation-and-capitalist-emptying-activity\/\" \/>\n<meta property=\"og:site_name\" content=\"Concomitentes\" \/>\n<meta property=\"article:published_time\" content=\"2023-09-28T00:00:00+00:00\" \/>\n<meta property=\"article:modified_time\" content=\"2025-07-15T18:51:22+00:00\" \/>\n<meta property=\"og:image\" content=\"https:\/\/concomitentes.org\/wp-content\/uploads\/2025\/06\/52558401286_0c89b25334_k.jpg\" \/>\n\t<meta property=\"og:image:width\" content=\"2048\" \/>\n\t<meta property=\"og:image:height\" content=\"1366\" \/>\n\t<meta property=\"og:image:type\" content=\"image\/jpeg\" \/>\n<meta name=\"author\" content=\"adminconcom\" \/>\n<meta name=\"twitter:card\" content=\"summary_large_image\" \/>\n<meta name=\"twitter:label1\" content=\"Written by\" \/>\n\t<meta name=\"twitter:data1\" content=\"adminconcom\" \/>\n\t<meta name=\"twitter:label2\" content=\"Estimated reading time\" \/>\n\t<meta name=\"twitter:data2\" content=\"1 minute\" \/>\n<script type=\"application\/ld+json\" class=\"yoast-schema-graph\">{\"@context\":\"https:\\\/\\\/schema.org\",\"@graph\":[{\"@type\":\"Article\",\"@id\":\"https:\\\/\\\/concomitentes.org\\\/el-proyecto-narrativas-solares-participara-de-la-actividad-colonizacion-franquista-y-vaciamiento-capitalista\\\/#article\",\"isPartOf\":{\"@id\":\"https:\\\/\\\/concomitentes.org\\\/el-proyecto-narrativas-solares-participara-de-la-actividad-colonizacion-franquista-y-vaciamiento-capitalista\\\/\"},\"author\":{\"name\":\"adminconcom\",\"@id\":\"https:\\\/\\\/concomitentes.org\\\/en\\\/#\\\/schema\\\/person\\\/2bc91babfb92c6d60ab52debff35bf0d\"},\"headline\":\"El proyecto \u2018Narrativas Solares\u2019 participar\u00e1 de la actividad \u2018Colonizaci\u00f3n franquista y vaciamiento capitalista\u2019\",\"datePublished\":\"2023-09-28T00:00:00+00:00\",\"dateModified\":\"2025-07-15T18:51:22+00:00\",\"mainEntityOfPage\":{\"@id\":\"https:\\\/\\\/concomitentes.org\\\/el-proyecto-narrativas-solares-participara-de-la-actividad-colonizacion-franquista-y-vaciamiento-capitalista\\\/\"},\"wordCount\":237,\"commentCount\":0,\"image\":{\"@id\":\"https:\\\/\\\/concomitentes.org\\\/el-proyecto-narrativas-solares-participara-de-la-actividad-colonizacion-franquista-y-vaciamiento-capitalista\\\/#primaryimage\"},\"thumbnailUrl\":\"https:\\\/\\\/concomitentes.org\\\/wp-content\\\/uploads\\\/2025\\\/06\\\/52558401286_0c89b25334_k.jpg\",\"articleSection\":[\"Evento\"],\"inLanguage\":\"en-GB\",\"potentialAction\":[{\"@type\":\"CommentAction\",\"name\":\"Comment\",\"target\":[\"https:\\\/\\\/concomitentes.org\\\/el-proyecto-narrativas-solares-participara-de-la-actividad-colonizacion-franquista-y-vaciamiento-capitalista\\\/#respond\"]}]},{\"@type\":\"WebPage\",\"@id\":\"https:\\\/\\\/concomitentes.org\\\/el-proyecto-narrativas-solares-participara-de-la-actividad-colonizacion-franquista-y-vaciamiento-capitalista\\\/\",\"url\":\"https:\\\/\\\/concomitentes.org\\\/el-proyecto-narrativas-solares-participara-de-la-actividad-colonizacion-franquista-y-vaciamiento-capitalista\\\/\",\"name\":\"El proyecto \u2018Narrativas Solares\u2019 participar\u00e1 de la actividad \u2018Colonizaci\u00f3n franquista y vaciamiento capitalista\u2019 - Concomitentes\",\"isPartOf\":{\"@id\":\"https:\\\/\\\/concomitentes.org\\\/en\\\/#website\"},\"primaryImageOfPage\":{\"@id\":\"https:\\\/\\\/concomitentes.org\\\/el-proyecto-narrativas-solares-participara-de-la-actividad-colonizacion-franquista-y-vaciamiento-capitalista\\\/#primaryimage\"},\"image\":{\"@id\":\"https:\\\/\\\/concomitentes.org\\\/el-proyecto-narrativas-solares-participara-de-la-actividad-colonizacion-franquista-y-vaciamiento-capitalista\\\/#primaryimage\"},\"thumbnailUrl\":\"https:\\\/\\\/concomitentes.org\\\/wp-content\\\/uploads\\\/2025\\\/06\\\/52558401286_0c89b25334_k.jpg\",\"datePublished\":\"2023-09-28T00:00:00+00:00\",\"dateModified\":\"2025-07-15T18:51:22+00:00\",\"author\":{\"@id\":\"https:\\\/\\\/concomitentes.org\\\/en\\\/#\\\/schema\\\/person\\\/2bc91babfb92c6d60ab52debff35bf0d\"},\"breadcrumb\":{\"@id\":\"https:\\\/\\\/concomitentes.org\\\/el-proyecto-narrativas-solares-participara-de-la-actividad-colonizacion-franquista-y-vaciamiento-capitalista\\\/#breadcrumb\"},\"inLanguage\":\"en-GB\",\"potentialAction\":[{\"@type\":\"ReadAction\",\"target\":[\"https:\\\/\\\/concomitentes.org\\\/el-proyecto-narrativas-solares-participara-de-la-actividad-colonizacion-franquista-y-vaciamiento-capitalista\\\/\"]}]},{\"@type\":\"ImageObject\",\"inLanguage\":\"en-GB\",\"@id\":\"https:\\\/\\\/concomitentes.org\\\/el-proyecto-narrativas-solares-participara-de-la-actividad-colonizacion-franquista-y-vaciamiento-capitalista\\\/#primaryimage\",\"url\":\"https:\\\/\\\/concomitentes.org\\\/wp-content\\\/uploads\\\/2025\\\/06\\\/52558401286_0c89b25334_k.jpg\",\"contentUrl\":\"https:\\\/\\\/concomitentes.org\\\/wp-content\\\/uploads\\\/2025\\\/06\\\/52558401286_0c89b25334_k.jpg\",\"width\":2048,\"height\":1366},{\"@type\":\"BreadcrumbList\",\"@id\":\"https:\\\/\\\/concomitentes.org\\\/el-proyecto-narrativas-solares-participara-de-la-actividad-colonizacion-franquista-y-vaciamiento-capitalista\\\/#breadcrumb\",\"itemListElement\":[{\"@type\":\"ListItem\",\"position\":1,\"name\":\"Portada\",\"item\":\"https:\\\/\\\/concomitentes.org\\\/\"},{\"@type\":\"ListItem\",\"position\":2,\"name\":\"El proyecto \u2018Narrativas Solares\u2019 participar\u00e1 de la actividad \u2018Colonizaci\u00f3n franquista y vaciamiento capitalista\u2019\"}]},{\"@type\":\"WebSite\",\"@id\":\"https:\\\/\\\/concomitentes.org\\\/en\\\/#website\",\"url\":\"https:\\\/\\\/concomitentes.org\\\/en\\\/\",\"name\":\"Concomitentes\",\"description\":\"Concomitentes promueve la creaci\u00f3n de obras de arte y media entre la sociedad civil que las encarga y los\\\/las artistas que las producen.\",\"potentialAction\":[{\"@type\":\"SearchAction\",\"target\":{\"@type\":\"EntryPoint\",\"urlTemplate\":\"https:\\\/\\\/concomitentes.org\\\/en\\\/?s={search_term_string}\"},\"query-input\":{\"@type\":\"PropertyValueSpecification\",\"valueRequired\":true,\"valueName\":\"search_term_string\"}}],\"inLanguage\":\"en-GB\"},{\"@type\":\"Person\",\"@id\":\"https:\\\/\\\/concomitentes.org\\\/en\\\/#\\\/schema\\\/person\\\/2bc91babfb92c6d60ab52debff35bf0d\",\"name\":\"adminconcom\",\"url\":\"https:\\\/\\\/concomitentes.org\\\/en\\\/author\\\/adminconcom\\\/\"}]}<\/script>\n<!-- \/ Yoast SEO plugin. -->","yoast_head_json":{"title":"The \u2018Solar Narratives\u2019 project will participate in the activity \u2018Franco's colonisation and capitalist emptying\u2019 - Concomitentes","robots":{"index":"index","follow":"follow","max-snippet":"max-snippet:-1","max-image-preview":"max-image-preview:large","max-video-preview":"max-video-preview:-1"},"canonical":"https:\/\/concomitentes.org\/en\/the-solar-narratives-project-will-participate-in-the-francoist-colonisation-and-capitalist-emptying-activity\/","og_locale":"en_GB","og_type":"article","og_title":"El proyecto \u2018Narrativas Solares\u2019 participar\u00e1 de la actividad \u2018Colonizaci\u00f3n franquista y vaciamiento capitalista\u2019 - Concomitentes","og_description":"El programa (R)evoluci\u00f3n espa\u00f1ola, organizado por la Universidad Complutense de Madrid y la Carleton University, organiza desde ma\u00f1ana y hasta el domingo la actividad \u2018Colonizaci\u00f3n franquista y vaciamiento capitalista\u2019, en [&hellip;]","og_url":"https:\/\/concomitentes.org\/en\/the-solar-narratives-project-will-participate-in-the-francoist-colonisation-and-capitalist-emptying-activity\/","og_site_name":"Concomitentes","article_published_time":"2023-09-28T00:00:00+00:00","article_modified_time":"2025-07-15T18:51:22+00:00","og_image":[{"width":2048,"height":1366,"url":"https:\/\/concomitentes.org\/wp-content\/uploads\/2025\/06\/52558401286_0c89b25334_k.jpg","type":"image\/jpeg"}],"author":"adminconcom","twitter_card":"summary_large_image","twitter_misc":{"Written by":"adminconcom","Estimated reading time":"1 minute"},"schema":{"@context":"https:\/\/schema.org","@graph":[{"@type":"Article","@id":"https:\/\/concomitentes.org\/el-proyecto-narrativas-solares-participara-de-la-actividad-colonizacion-franquista-y-vaciamiento-capitalista\/#article","isPartOf":{"@id":"https:\/\/concomitentes.org\/el-proyecto-narrativas-solares-participara-de-la-actividad-colonizacion-franquista-y-vaciamiento-capitalista\/"},"author":{"name":"adminconcom","@id":"https:\/\/concomitentes.org\/en\/#\/schema\/person\/2bc91babfb92c6d60ab52debff35bf0d"},"headline":"El proyecto \u2018Narrativas Solares\u2019 participar\u00e1 de la actividad \u2018Colonizaci\u00f3n franquista y vaciamiento capitalista\u2019","datePublished":"2023-09-28T00:00:00+00:00","dateModified":"2025-07-15T18:51:22+00:00","mainEntityOfPage":{"@id":"https:\/\/concomitentes.org\/el-proyecto-narrativas-solares-participara-de-la-actividad-colonizacion-franquista-y-vaciamiento-capitalista\/"},"wordCount":237,"commentCount":0,"image":{"@id":"https:\/\/concomitentes.org\/el-proyecto-narrativas-solares-participara-de-la-actividad-colonizacion-franquista-y-vaciamiento-capitalista\/#primaryimage"},"thumbnailUrl":"https:\/\/concomitentes.org\/wp-content\/uploads\/2025\/06\/52558401286_0c89b25334_k.jpg","articleSection":["Evento"],"inLanguage":"en-GB","potentialAction":[{"@type":"CommentAction","name":"Comment","target":["https:\/\/concomitentes.org\/el-proyecto-narrativas-solares-participara-de-la-actividad-colonizacion-franquista-y-vaciamiento-capitalista\/#respond"]}]},{"@type":"WebPage","@id":"https:\/\/concomitentes.org\/el-proyecto-narrativas-solares-participara-de-la-actividad-colonizacion-franquista-y-vaciamiento-capitalista\/","url":"https:\/\/concomitentes.org\/el-proyecto-narrativas-solares-participara-de-la-actividad-colonizacion-franquista-y-vaciamiento-capitalista\/","name":"The \u2018Solar Narratives\u2019 project will participate in the activity \u2018Franco's colonisation and capitalist emptying\u2019 - Concomitentes","isPartOf":{"@id":"https:\/\/concomitentes.org\/en\/#website"},"primaryImageOfPage":{"@id":"https:\/\/concomitentes.org\/el-proyecto-narrativas-solares-participara-de-la-actividad-colonizacion-franquista-y-vaciamiento-capitalista\/#primaryimage"},"image":{"@id":"https:\/\/concomitentes.org\/el-proyecto-narrativas-solares-participara-de-la-actividad-colonizacion-franquista-y-vaciamiento-capitalista\/#primaryimage"},"thumbnailUrl":"https:\/\/concomitentes.org\/wp-content\/uploads\/2025\/06\/52558401286_0c89b25334_k.jpg","datePublished":"2023-09-28T00:00:00+00:00","dateModified":"2025-07-15T18:51:22+00:00","author":{"@id":"https:\/\/concomitentes.org\/en\/#\/schema\/person\/2bc91babfb92c6d60ab52debff35bf0d"},"breadcrumb":{"@id":"https:\/\/concomitentes.org\/el-proyecto-narrativas-solares-participara-de-la-actividad-colonizacion-franquista-y-vaciamiento-capitalista\/#breadcrumb"},"inLanguage":"en-GB","potentialAction":[{"@type":"ReadAction","target":["https:\/\/concomitentes.org\/el-proyecto-narrativas-solares-participara-de-la-actividad-colonizacion-franquista-y-vaciamiento-capitalista\/"]}]},{"@type":"ImageObject","inLanguage":"en-GB","@id":"https:\/\/concomitentes.org\/el-proyecto-narrativas-solares-participara-de-la-actividad-colonizacion-franquista-y-vaciamiento-capitalista\/#primaryimage","url":"https:\/\/concomitentes.org\/wp-content\/uploads\/2025\/06\/52558401286_0c89b25334_k.jpg","contentUrl":"https:\/\/concomitentes.org\/wp-content\/uploads\/2025\/06\/52558401286_0c89b25334_k.jpg","width":2048,"height":1366},{"@type":"BreadcrumbList","@id":"https:\/\/concomitentes.org\/el-proyecto-narrativas-solares-participara-de-la-actividad-colonizacion-franquista-y-vaciamiento-capitalista\/#breadcrumb","itemListElement":[{"@type":"ListItem","position":1,"name":"Portada","item":"https:\/\/concomitentes.org\/"},{"@type":"ListItem","position":2,"name":"El proyecto \u2018Narrativas Solares\u2019 participar\u00e1 de la actividad \u2018Colonizaci\u00f3n franquista y vaciamiento capitalista\u2019"}]},{"@type":"WebSite","@id":"https:\/\/concomitentes.org\/en\/#website","url":"https:\/\/concomitentes.org\/en\/","name":"Concomitentes","description":"Concomitentes promotes the creation of works of art and mediates between the civil society that commissions them and the artists who produce them.","potentialAction":[{"@type":"SearchAction","target":{"@type":"EntryPoint","urlTemplate":"https:\/\/concomitentes.org\/en\/?s={search_term_string}"},"query-input":{"@type":"PropertyValueSpecification","valueRequired":true,"valueName":"search_term_string"}}],"inLanguage":"en-GB"},{"@type":"Person","@id":"https:\/\/concomitentes.org\/en\/#\/schema\/person\/2bc91babfb92c6d60ab52debff35bf0d","name":"adminconcom","url":"https:\/\/concomitentes.org\/en\/author\/adminconcom\/"}]}},"_links":{"self":[{"href":"https:\/\/concomitentes.org\/en\/wp-json\/wp\/v2\/posts\/789","targetHints":{"allow":["GET"]}}],"collection":[{"href":"https:\/\/concomitentes.org\/en\/wp-json\/wp\/v2\/posts"}],"about":[{"href":"https:\/\/concomitentes.org\/en\/wp-json\/wp\/v2\/types\/post"}],"author":[{"embeddable":true,"href":"https:\/\/concomitentes.org\/en\/wp-json\/wp\/v2\/users\/1"}],"replies":[{"embeddable":true,"href":"https:\/\/concomitentes.org\/en\/wp-json\/wp\/v2\/comments?post=789"}],"version-history":[{"count":1,"href":"https:\/\/concomitentes.org\/en\/wp-json\/wp\/v2\/posts\/789\/revisions"}],"predecessor-version":[{"id":1317,"href":"https:\/\/concomitentes.org\/en\/wp-json\/wp\/v2\/posts\/789\/revisions\/1317"}],"wp:featuredmedia":[{"embeddable":true,"href":"https:\/\/concomitentes.org\/en\/wp-json\/wp\/v2\/media\/790"}],"wp:attachment":[{"href":"https:\/\/concomitentes.org\/en\/wp-json\/wp\/v2\/media?parent=789"}],"wp:term":[{"taxonomy":"category","embeddable":true,"href":"https:\/\/concomitentes.org\/en\/wp-json\/wp\/v2\/categories?post=789"},{"taxonomy":"post_tag","embeddable":true,"href":"https:\/\/concomitentes.org\/en\/wp-json\/wp\/v2\/tags?post=789"}],"curies":[{"name":"wp","href":"https:\/\/api.w.org\/{rel}","templated":true}]}}