{"id":757,"date":"2023-04-21T00:00:00","date_gmt":"2023-04-21T00:00:00","guid":{"rendered":"http:\/\/concomitentes.vl22350.dinaserver.com\/concomitentes-presenta-en-madrid-los-resultados-de-5-anos-de-trabajo-de-uci-pediatrica\/"},"modified":"2025-07-15T18:51:21","modified_gmt":"2025-07-15T18:51:21","slug":"concomitentes-presents-the-results-of-5-years-of-paediatric-icu-work-in-madrid","status":"publish","type":"post","link":"https:\/\/concomitentes.org\/en\/concomitentes-presenta-en-madrid-los-resultados-de-5-anos-de-trabajo-de-uci-pediatrica\/","title":{"rendered":"Concomitentes presents in Madrid the results of five years of work on 'Paediatric ICU'."},"content":{"rendered":"<p><strong>**** REGISTER <a href=\"https:\/\/docs.google.com\/forms\/d\/1AJyw8daG0JVpRIHlz3EA7kbQLgyTfLIpnpTnCuM87QM\/viewform?edit_requested=true\" rel=\"noopener noreferrer nofollow\">HERE<\/a> AT THE EVENT****<\/strong><\/p>\n<p><strong>**** FOLLOW US <a href=\"https:\/\/www.youtube.com\/watch?v=0xQeNJcoqi0&amp;ab_channel=Concomitentes\" rel=\"noopener noreferrer nofollow\">HERE <\/a>BY STREMING****<\/strong><\/p>\n<p>Concomitentes, where we promote the creation of works of art, mediating between the citizens who commission them and the artists who produce them, is organising the public presentation, \u2018Culture that heals\u2019, of the results of one of the four pilot projects, <a href=\"https:\/\/concomitentes.org\/en\/concomitances\/uci-paediatrica-tenerife\/\" rel=\"noopener noreferrer nofollow\">Paediatric ICU<\/a>which will take place on <strong><u>next Thursday, 1 June, at 18.30hrs at the CaixaForum of Madrid<\/u><\/strong>.<\/p>\n<p><strong>Paediatric ICU: Three artistic works and a book after five years of work<\/strong><\/p>\n<p>The concomitance, Paediatric ICU, has been working for the last five years with Concomitentes mediator Felipe G. Gil of ZEMOS98 and a group of five nurses from the Intensive Care Unit of the Nuestra Se\u00f1ora de Candelaria University Hospital in Tenerife -Quique Chinea, Lili Quintero, Ruym\u00e1n Morales, Seve Torres and Laura Le\u00f3n-, to identify how art and culture can contribute to improving the emotional care of paediatric patients and the relatives who accompany them during their hospitalisation process.<\/p>\n<p>How can the stress and anxiety caused by these spaces be alleviated?&nbsp;<strong>Is it possible to help nurses and other health professionals, through an artistic process and the creation of a cultural product, in the emotional care of patients and their families?<\/strong>&nbsp;With these questions as a background, the mediation space - based on listening, exchange and negotiation, and in which art and culture have been placed at the service of the social and professional needs of the participants - has generated three cultural and artistic works: A podcast \u2018In the Paediatric ICU\u2019 (listen to it <a href=\"https:\/\/omny.fm\/shows\/en-la-uci-pediatrica\" rel=\"noopener noreferrer nofollow\">here<\/a>) directed by <u><a href=\"https:\/\/concomitentes.org\/en\/protagonists\/elena-cabrera\/?proyecto=uci-pediatrica-tenerife\" rel=\"noopener noreferrer nofollow\">Elena Cabrera<\/a><\/u>; the illustrated story \u2018Hospitalario\u2019, signed by Miguel L\u00f3pez&nbsp;<u><a href=\"https:\/\/concomitentes.org\/en\/protagonists\/the-haematocritic\/?proyecto=uci-pediatrica-tenerife\" rel=\"noopener noreferrer nofollow\">The Hematocritic<\/a><\/u> and the illustrator from the Canary Islands&nbsp;<u><a href=\"https:\/\/concomitentes.org\/en\/protagonists\/cynthia-hierro\/?proyecto=uci-pediatrica-tenerife\" rel=\"noopener noreferrer nofollow\">Cynthia Hierro<\/a><\/u>; and \u2018la cuidateca\u2019, a mobile library built by the architect,&nbsp;<u><a href=\"https:\/\/concomitentes.org\/en\/protagonists\/artemi-hernandez\/?proyecto=uci-pediatrica-tenerife\" rel=\"noopener noreferrer nofollow\">Artemi Hern\u00e1ndez<\/a><\/u>, of the Office of Civic Innovation of Tenerife.<\/p>\n<p>This meeting will show the conclusions accumulated in this long journey, with the voices of the protagonists of the project and the authors of the book \u2018...'.\u2018<u><a href=\"https:\/\/concomitentes.org\/en\/diary\/hospitality-against-prognosis-the-book-that-reclaims-health-as-a-common-good-and-the-culture-that-heals\/?proyecto=uci-pediatrica-tenerife\" rel=\"noopener noreferrer nofollow\">Hospitality against the odds<\/a><\/u>\u2019, -launched last March together with Bartlebooth Publishers-, <strong>which traces lines of flight to think about health as a common good while gathering the lessons learned by the working group since 2018.<\/strong>.<\/p>\n<p>This project has been developed thanks to <a href=\"https:\/\/www.fondationcarasso.org\/es\/\" rel=\"noopener noreferrer nofollow\">Daniel and Nina Carasso Foundation<\/a>, The project's founding patron, with the support of the <strong>College of Nurses of Santa Cruz de Tenerife<\/strong> y <strong><a href=\"https:\/\/cajacanarias.com\/\" rel=\"noopener noreferrer nofollow\">CajaCanarias Foundation<\/a><\/strong>, and with the collaboration of <strong><a href=\"https:\/\/fundacionlacaixa.org\/es\/pobreza-infantil?utm_source=sc&amp;utm_medium=cpc&amp;utm_campaign=plan-editorial&amp;utm_content=caixaproinfancia&amp;utm_term=601067&amp;gclid=Cj0KCQjwu-KiBhCsARIsAPztUF1kucy5IPzlzrtGT-SDTQ87mH9Cw6v1Zuiknc9U8ULl1e5A1ERwIKAaAgnwEALw_wcB\" rel=\"noopener noreferrer nofollow\">la Caixa\u00ab Foundation<\/a>\u00ab<\/strong> and the <strong>Canary Health Service<\/strong>.<\/p>\n<\/p>\n<p><strong>Press release of the event <a href=\"https:\/\/concomitentes.org\/en\/media\/pages\/diary\/concomitentes-presents-the-results-of-5-years-of-paediatric-icu-work-in-madrid\/8e756a6b99-1683875927\/comunicado-de-prensa_-evento-final-de-uci-pediatrica-madrid.docx.pdf\/\" rel=\"noopener noreferrer nofollow\">here<\/a>.<\/strong><\/p>\n<p><strong>See the full photo gallery of the event <a href=\"https:\/\/www.flickr.com\/photos\/186832731@N03\/albums\/72177720308828492\" rel=\"noopener noreferrer nofollow\">here<\/a>.<\/strong><\/p>","protected":false},"excerpt":{"rendered":"<p>****INSCR\u00cdBETE AQU\u00cd EN EL EVENTO**** ****S\u00cdGUENOS AQU\u00cd POR STREMING**** Concomitentes, -desde d\u00f3nde promovemos la creaci\u00f3n de obras de arte, mediando entre la ciudadan\u00eda que las encarga y las artistas que [&hellip;]<\/p>\n","protected":false},"author":1,"featured_media":758,"comment_status":"open","ping_status":"open","sticky":false,"template":"","format":"standard","meta":{"_acf_changed":false,"footnotes":""},"categories":[4],"tags":[],"class_list":["post-757","post","type-post","status-publish","format-standard","has-post-thumbnail","hentry","category-evento"],"acf":[],"yoast_head":"<!-- This site is optimized with the Yoast SEO plugin v27.5 - https:\/\/yoast.com\/product\/yoast-seo-wordpress\/ -->\n<title>Concomitentes presenta en Madrid los resultados de cinco a\u00f1os de trabajo de \u2018UCI Pedi\u00e1trica\u2019 - Concomitentes<\/title>\n<meta name=\"robots\" content=\"index, follow, max-snippet:-1, max-image-preview:large, max-video-preview:-1\" \/>\n<link rel=\"canonical\" href=\"https:\/\/concomitentes.org\/en\/concomitentes-presents-the-results-of-5-years-of-paediatric-icu-work-in-madrid\/\" \/>\n<meta property=\"og:locale\" content=\"en_GB\" \/>\n<meta property=\"og:type\" content=\"article\" \/>\n<meta property=\"og:title\" content=\"Concomitentes presenta en Madrid los resultados de cinco a\u00f1os de trabajo de \u2018UCI Pedi\u00e1trica\u2019 - Concomitentes\" \/>\n<meta property=\"og:description\" content=\"****INSCR\u00cdBETE AQU\u00cd EN EL EVENTO**** ****S\u00cdGUENOS AQU\u00cd POR STREMING**** Concomitentes, -desde d\u00f3nde promovemos la creaci\u00f3n de obras de arte, mediando entre la ciudadan\u00eda que las encarga y las artistas que [&hellip;]\" \/>\n<meta property=\"og:url\" content=\"https:\/\/concomitentes.org\/en\/concomitentes-presents-the-results-of-5-years-of-paediatric-icu-work-in-madrid\/\" \/>\n<meta property=\"og:site_name\" content=\"Concomitentes\" \/>\n<meta property=\"article:published_time\" content=\"2023-04-21T00:00:00+00:00\" \/>\n<meta property=\"article:modified_time\" content=\"2025-07-15T18:51:21+00:00\" \/>\n<meta property=\"og:image\" content=\"https:\/\/concomitentes.org\/wp-content\/uploads\/2025\/06\/twitter_2023.jpg\" \/>\n\t<meta property=\"og:image:width\" content=\"1024\" \/>\n\t<meta property=\"og:image:height\" content=\"512\" \/>\n\t<meta property=\"og:image:type\" content=\"image\/jpeg\" \/>\n<meta name=\"author\" content=\"adminconcom\" \/>\n<meta name=\"twitter:card\" content=\"summary_large_image\" \/>\n<meta name=\"twitter:label1\" content=\"Written by\" \/>\n\t<meta name=\"twitter:data1\" content=\"adminconcom\" \/>\n\t<meta name=\"twitter:label2\" content=\"Estimated reading time\" \/>\n\t<meta name=\"twitter:data2\" content=\"2 minutes\" \/>\n<script type=\"application\/ld+json\" class=\"yoast-schema-graph\">{\"@context\":\"https:\\\/\\\/schema.org\",\"@graph\":[{\"@type\":\"Article\",\"@id\":\"https:\\\/\\\/concomitentes.org\\\/concomitentes-presenta-en-madrid-los-resultados-de-5-anos-de-trabajo-de-uci-pediatrica\\\/#article\",\"isPartOf\":{\"@id\":\"https:\\\/\\\/concomitentes.org\\\/concomitentes-presenta-en-madrid-los-resultados-de-5-anos-de-trabajo-de-uci-pediatrica\\\/\"},\"author\":{\"name\":\"adminconcom\",\"@id\":\"https:\\\/\\\/concomitentes.org\\\/en\\\/#\\\/schema\\\/person\\\/2bc91babfb92c6d60ab52debff35bf0d\"},\"headline\":\"Concomitentes presenta en Madrid los resultados de cinco a\u00f1os de trabajo de \u2018UCI Pedi\u00e1trica\u2019\",\"datePublished\":\"2023-04-21T00:00:00+00:00\",\"dateModified\":\"2025-07-15T18:51:21+00:00\",\"mainEntityOfPage\":{\"@id\":\"https:\\\/\\\/concomitentes.org\\\/concomitentes-presenta-en-madrid-los-resultados-de-5-anos-de-trabajo-de-uci-pediatrica\\\/\"},\"wordCount\":501,\"commentCount\":0,\"image\":{\"@id\":\"https:\\\/\\\/concomitentes.org\\\/concomitentes-presenta-en-madrid-los-resultados-de-5-anos-de-trabajo-de-uci-pediatrica\\\/#primaryimage\"},\"thumbnailUrl\":\"https:\\\/\\\/concomitentes.org\\\/wp-content\\\/uploads\\\/2025\\\/06\\\/twitter_2023.jpg\",\"articleSection\":[\"Evento\"],\"inLanguage\":\"en-GB\",\"potentialAction\":[{\"@type\":\"CommentAction\",\"name\":\"Comment\",\"target\":[\"https:\\\/\\\/concomitentes.org\\\/concomitentes-presenta-en-madrid-los-resultados-de-5-anos-de-trabajo-de-uci-pediatrica\\\/#respond\"]}]},{\"@type\":\"WebPage\",\"@id\":\"https:\\\/\\\/concomitentes.org\\\/concomitentes-presenta-en-madrid-los-resultados-de-5-anos-de-trabajo-de-uci-pediatrica\\\/\",\"url\":\"https:\\\/\\\/concomitentes.org\\\/concomitentes-presenta-en-madrid-los-resultados-de-5-anos-de-trabajo-de-uci-pediatrica\\\/\",\"name\":\"Concomitentes presenta en Madrid los resultados de cinco a\u00f1os de trabajo de \u2018UCI Pedi\u00e1trica\u2019 - Concomitentes\",\"isPartOf\":{\"@id\":\"https:\\\/\\\/concomitentes.org\\\/en\\\/#website\"},\"primaryImageOfPage\":{\"@id\":\"https:\\\/\\\/concomitentes.org\\\/concomitentes-presenta-en-madrid-los-resultados-de-5-anos-de-trabajo-de-uci-pediatrica\\\/#primaryimage\"},\"image\":{\"@id\":\"https:\\\/\\\/concomitentes.org\\\/concomitentes-presenta-en-madrid-los-resultados-de-5-anos-de-trabajo-de-uci-pediatrica\\\/#primaryimage\"},\"thumbnailUrl\":\"https:\\\/\\\/concomitentes.org\\\/wp-content\\\/uploads\\\/2025\\\/06\\\/twitter_2023.jpg\",\"datePublished\":\"2023-04-21T00:00:00+00:00\",\"dateModified\":\"2025-07-15T18:51:21+00:00\",\"author\":{\"@id\":\"https:\\\/\\\/concomitentes.org\\\/en\\\/#\\\/schema\\\/person\\\/2bc91babfb92c6d60ab52debff35bf0d\"},\"breadcrumb\":{\"@id\":\"https:\\\/\\\/concomitentes.org\\\/concomitentes-presenta-en-madrid-los-resultados-de-5-anos-de-trabajo-de-uci-pediatrica\\\/#breadcrumb\"},\"inLanguage\":\"en-GB\",\"potentialAction\":[{\"@type\":\"ReadAction\",\"target\":[\"https:\\\/\\\/concomitentes.org\\\/concomitentes-presenta-en-madrid-los-resultados-de-5-anos-de-trabajo-de-uci-pediatrica\\\/\"]}]},{\"@type\":\"ImageObject\",\"inLanguage\":\"en-GB\",\"@id\":\"https:\\\/\\\/concomitentes.org\\\/concomitentes-presenta-en-madrid-los-resultados-de-5-anos-de-trabajo-de-uci-pediatrica\\\/#primaryimage\",\"url\":\"https:\\\/\\\/concomitentes.org\\\/wp-content\\\/uploads\\\/2025\\\/06\\\/twitter_2023.jpg\",\"contentUrl\":\"https:\\\/\\\/concomitentes.org\\\/wp-content\\\/uploads\\\/2025\\\/06\\\/twitter_2023.jpg\",\"width\":1024,\"height\":512},{\"@type\":\"BreadcrumbList\",\"@id\":\"https:\\\/\\\/concomitentes.org\\\/concomitentes-presenta-en-madrid-los-resultados-de-5-anos-de-trabajo-de-uci-pediatrica\\\/#breadcrumb\",\"itemListElement\":[{\"@type\":\"ListItem\",\"position\":1,\"name\":\"Portada\",\"item\":\"https:\\\/\\\/concomitentes.org\\\/\"},{\"@type\":\"ListItem\",\"position\":2,\"name\":\"Concomitentes presenta en Madrid los resultados de cinco a\u00f1os de trabajo de \u2018UCI Pedi\u00e1trica\u2019\"}]},{\"@type\":\"WebSite\",\"@id\":\"https:\\\/\\\/concomitentes.org\\\/en\\\/#website\",\"url\":\"https:\\\/\\\/concomitentes.org\\\/en\\\/\",\"name\":\"Concomitentes\",\"description\":\"Concomitentes promueve la creaci\u00f3n de obras de arte y media entre la sociedad civil que las encarga y los\\\/las artistas que las producen.\",\"potentialAction\":[{\"@type\":\"SearchAction\",\"target\":{\"@type\":\"EntryPoint\",\"urlTemplate\":\"https:\\\/\\\/concomitentes.org\\\/en\\\/?s={search_term_string}\"},\"query-input\":{\"@type\":\"PropertyValueSpecification\",\"valueRequired\":true,\"valueName\":\"search_term_string\"}}],\"inLanguage\":\"en-GB\"},{\"@type\":\"Person\",\"@id\":\"https:\\\/\\\/concomitentes.org\\\/en\\\/#\\\/schema\\\/person\\\/2bc91babfb92c6d60ab52debff35bf0d\",\"name\":\"adminconcom\",\"url\":\"https:\\\/\\\/concomitentes.org\\\/en\\\/author\\\/adminconcom\\\/\"}]}<\/script>\n<!-- \/ Yoast SEO plugin. -->","yoast_head_json":{"title":"Concomitentes presents in Madrid the results of five years of work on \u2018Paediatric ICU\u2019 - Concomitentes","robots":{"index":"index","follow":"follow","max-snippet":"max-snippet:-1","max-image-preview":"max-image-preview:large","max-video-preview":"max-video-preview:-1"},"canonical":"https:\/\/concomitentes.org\/en\/concomitentes-presents-the-results-of-5-years-of-paediatric-icu-work-in-madrid\/","og_locale":"en_GB","og_type":"article","og_title":"Concomitentes presenta en Madrid los resultados de cinco a\u00f1os de trabajo de \u2018UCI Pedi\u00e1trica\u2019 - Concomitentes","og_description":"****INSCR\u00cdBETE AQU\u00cd EN EL EVENTO**** ****S\u00cdGUENOS AQU\u00cd POR STREMING**** Concomitentes, -desde d\u00f3nde promovemos la creaci\u00f3n de obras de arte, mediando entre la ciudadan\u00eda que las encarga y las artistas que [&hellip;]","og_url":"https:\/\/concomitentes.org\/en\/concomitentes-presents-the-results-of-5-years-of-paediatric-icu-work-in-madrid\/","og_site_name":"Concomitentes","article_published_time":"2023-04-21T00:00:00+00:00","article_modified_time":"2025-07-15T18:51:21+00:00","og_image":[{"width":1024,"height":512,"url":"https:\/\/concomitentes.org\/wp-content\/uploads\/2025\/06\/twitter_2023.jpg","type":"image\/jpeg"}],"author":"adminconcom","twitter_card":"summary_large_image","twitter_misc":{"Written by":"adminconcom","Estimated reading time":"2 minutes"},"schema":{"@context":"https:\/\/schema.org","@graph":[{"@type":"Article","@id":"https:\/\/concomitentes.org\/concomitentes-presenta-en-madrid-los-resultados-de-5-anos-de-trabajo-de-uci-pediatrica\/#article","isPartOf":{"@id":"https:\/\/concomitentes.org\/concomitentes-presenta-en-madrid-los-resultados-de-5-anos-de-trabajo-de-uci-pediatrica\/"},"author":{"name":"adminconcom","@id":"https:\/\/concomitentes.org\/en\/#\/schema\/person\/2bc91babfb92c6d60ab52debff35bf0d"},"headline":"Concomitentes presenta en Madrid los resultados de cinco a\u00f1os de trabajo de \u2018UCI Pedi\u00e1trica\u2019","datePublished":"2023-04-21T00:00:00+00:00","dateModified":"2025-07-15T18:51:21+00:00","mainEntityOfPage":{"@id":"https:\/\/concomitentes.org\/concomitentes-presenta-en-madrid-los-resultados-de-5-anos-de-trabajo-de-uci-pediatrica\/"},"wordCount":501,"commentCount":0,"image":{"@id":"https:\/\/concomitentes.org\/concomitentes-presenta-en-madrid-los-resultados-de-5-anos-de-trabajo-de-uci-pediatrica\/#primaryimage"},"thumbnailUrl":"https:\/\/concomitentes.org\/wp-content\/uploads\/2025\/06\/twitter_2023.jpg","articleSection":["Evento"],"inLanguage":"en-GB","potentialAction":[{"@type":"CommentAction","name":"Comment","target":["https:\/\/concomitentes.org\/concomitentes-presenta-en-madrid-los-resultados-de-5-anos-de-trabajo-de-uci-pediatrica\/#respond"]}]},{"@type":"WebPage","@id":"https:\/\/concomitentes.org\/concomitentes-presenta-en-madrid-los-resultados-de-5-anos-de-trabajo-de-uci-pediatrica\/","url":"https:\/\/concomitentes.org\/concomitentes-presenta-en-madrid-los-resultados-de-5-anos-de-trabajo-de-uci-pediatrica\/","name":"Concomitentes presents in Madrid the results of five years of work on \u2018Paediatric ICU\u2019 - Concomitentes","isPartOf":{"@id":"https:\/\/concomitentes.org\/en\/#website"},"primaryImageOfPage":{"@id":"https:\/\/concomitentes.org\/concomitentes-presenta-en-madrid-los-resultados-de-5-anos-de-trabajo-de-uci-pediatrica\/#primaryimage"},"image":{"@id":"https:\/\/concomitentes.org\/concomitentes-presenta-en-madrid-los-resultados-de-5-anos-de-trabajo-de-uci-pediatrica\/#primaryimage"},"thumbnailUrl":"https:\/\/concomitentes.org\/wp-content\/uploads\/2025\/06\/twitter_2023.jpg","datePublished":"2023-04-21T00:00:00+00:00","dateModified":"2025-07-15T18:51:21+00:00","author":{"@id":"https:\/\/concomitentes.org\/en\/#\/schema\/person\/2bc91babfb92c6d60ab52debff35bf0d"},"breadcrumb":{"@id":"https:\/\/concomitentes.org\/concomitentes-presenta-en-madrid-los-resultados-de-5-anos-de-trabajo-de-uci-pediatrica\/#breadcrumb"},"inLanguage":"en-GB","potentialAction":[{"@type":"ReadAction","target":["https:\/\/concomitentes.org\/concomitentes-presenta-en-madrid-los-resultados-de-5-anos-de-trabajo-de-uci-pediatrica\/"]}]},{"@type":"ImageObject","inLanguage":"en-GB","@id":"https:\/\/concomitentes.org\/concomitentes-presenta-en-madrid-los-resultados-de-5-anos-de-trabajo-de-uci-pediatrica\/#primaryimage","url":"https:\/\/concomitentes.org\/wp-content\/uploads\/2025\/06\/twitter_2023.jpg","contentUrl":"https:\/\/concomitentes.org\/wp-content\/uploads\/2025\/06\/twitter_2023.jpg","width":1024,"height":512},{"@type":"BreadcrumbList","@id":"https:\/\/concomitentes.org\/concomitentes-presenta-en-madrid-los-resultados-de-5-anos-de-trabajo-de-uci-pediatrica\/#breadcrumb","itemListElement":[{"@type":"ListItem","position":1,"name":"Portada","item":"https:\/\/concomitentes.org\/"},{"@type":"ListItem","position":2,"name":"Concomitentes presenta en Madrid los resultados de cinco a\u00f1os de trabajo de \u2018UCI Pedi\u00e1trica\u2019"}]},{"@type":"WebSite","@id":"https:\/\/concomitentes.org\/en\/#website","url":"https:\/\/concomitentes.org\/en\/","name":"Concomitentes","description":"Concomitentes promotes the creation of works of art and mediates between the civil society that commissions them and the artists who produce them.","potentialAction":[{"@type":"SearchAction","target":{"@type":"EntryPoint","urlTemplate":"https:\/\/concomitentes.org\/en\/?s={search_term_string}"},"query-input":{"@type":"PropertyValueSpecification","valueRequired":true,"valueName":"search_term_string"}}],"inLanguage":"en-GB"},{"@type":"Person","@id":"https:\/\/concomitentes.org\/en\/#\/schema\/person\/2bc91babfb92c6d60ab52debff35bf0d","name":"adminconcom","url":"https:\/\/concomitentes.org\/en\/author\/adminconcom\/"}]}},"_links":{"self":[{"href":"https:\/\/concomitentes.org\/en\/wp-json\/wp\/v2\/posts\/757","targetHints":{"allow":["GET"]}}],"collection":[{"href":"https:\/\/concomitentes.org\/en\/wp-json\/wp\/v2\/posts"}],"about":[{"href":"https:\/\/concomitentes.org\/en\/wp-json\/wp\/v2\/types\/post"}],"author":[{"embeddable":true,"href":"https:\/\/concomitentes.org\/en\/wp-json\/wp\/v2\/users\/1"}],"replies":[{"embeddable":true,"href":"https:\/\/concomitentes.org\/en\/wp-json\/wp\/v2\/comments?post=757"}],"version-history":[{"count":2,"href":"https:\/\/concomitentes.org\/en\/wp-json\/wp\/v2\/posts\/757\/revisions"}],"predecessor-version":[{"id":2047,"href":"https:\/\/concomitentes.org\/en\/wp-json\/wp\/v2\/posts\/757\/revisions\/2047"}],"wp:featuredmedia":[{"embeddable":true,"href":"https:\/\/concomitentes.org\/en\/wp-json\/wp\/v2\/media\/758"}],"wp:attachment":[{"href":"https:\/\/concomitentes.org\/en\/wp-json\/wp\/v2\/media?parent=757"}],"wp:term":[{"taxonomy":"category","embeddable":true,"href":"https:\/\/concomitentes.org\/en\/wp-json\/wp\/v2\/categories?post=757"},{"taxonomy":"post_tag","embeddable":true,"href":"https:\/\/concomitentes.org\/en\/wp-json\/wp\/v2\/tags?post=757"}],"curies":[{"name":"wp","href":"https:\/\/api.w.org\/{rel}","templated":true}]}}