{"id":747,"date":"2023-03-16T00:00:00","date_gmt":"2023-03-16T00:00:00","guid":{"rendered":"http:\/\/concomitentes.vl22350.dinaserver.com\/hospitalidad-contra-pronostico-el-libro-que-reclama-la-salud-como-bien-comun-y-la-cultura-que-cura\/"},"modified":"2025-07-15T18:51:21","modified_gmt":"2025-07-15T18:51:21","slug":"hospitality-against-prognosis-the-book-that-reclaims-health-as-a-common-good-and-the-culture-that-heals","status":"publish","type":"post","link":"https:\/\/concomitentes.org\/en\/hospitalidad-contra-pronostico-el-libro-que-reclama-la-salud-como-bien-comun-y-la-cultura-que-cura\/","title":{"rendered":"Hospitality against prognosis': the book that reclaims health as a common good and the culture that heals"},"content":{"rendered":"<p>We present, \u2018Hospitality against prognosis: Weaving a common language between artistic practices and nursing work\u2019, a reflection of the learnings acquired through the mediation process of the project, <u><a href=\"https:\/\/concomitentes.org\/en\/concomitances\/uci-paediatrica-tenerife\/\" rel=\"noopener noreferrer nofollow\">Paediatric ICU<\/a><\/u>, and that <strong>draws lines of flight to think of health as a common good, beyond the exclusively sanitary<\/strong>.<\/p>\n<p>The publication features texts by Sabina Urraca, Diana Oliver, Ethel Baraona Pohl, Noelia Ibarra, Noem\u00ed L\u00f3pez Trujillo and the mediator, Felipe G. Gil of ZEMOS98, contributions that attempt to answer questions that run through the project such as: <strong>How does care happen in highly fragile life-sustaining environments?<\/strong>, How can this be done through imagination and artistic thought?<\/p>\n<figure data-ratio=\"auto\">\n    <img decoding=\"async\" src=\"https:\/\/concomitentes.org\/wp-content\/uploads\/2025\/07\/hospitalidadcontrapronostico_mediaciones_concomitentes-bartlebooth_-@auraticafotografiadearte-_4-scaled.jpg\" alt=\"The book collects the lessons learned from the Paediatric ICU \/ Photo by auraticafotografiadearte\"><figcaption>\n    The book collects the lessons learned from the Paediatric ICU \/ Photo by auraticafotografiadearte  <\/figcaption><\/figure>\n<p><strong>A visit to the hospital environment<\/strong><\/p>\n<p>The text of <strong>Noem\u00ed L\u00f3pez Trujillo<\/strong>, is built on conversations with family doctor and public health expert Javier Padilla, addressing the issue of health beyond the health space.&nbsp;<\/p>\n<p><strong>Ethel Baraona<\/strong>, <strong>Diana Oliver <\/strong>y <strong>Noelia Ibarra<\/strong> reflect in each of their texts on the three works of the Paediatric ICU: <u><a href=\"https:\/\/concomitentes.org\/en\/diary\/the-cuidateca-a-mobile-library-for-the-paediatric-icu\/?proyecto=uci-pediatrica-tenerife\" rel=\"noopener noreferrer nofollow\">La Cuidateca<\/a><\/u>, by OFIC's Artemi Hernandez; the <u><a href=\"https:\/\/concomitentes.org\/en\/diary\/the-podcast-in-the-paediatric-icu-publishes-its-first-episode\/?proyecto=uci-pediatrica-tenerife\" rel=\"noopener noreferrer nofollow\">podcast<\/a><\/u> by Elena Cabrera, and the <u><a href=\"https:\/\/concomitentes.org\/en\/diary\/hospitalario-the-illustrated-tale-of-the-haematocritic-and-cynthia-hierro\/?proyecto=uci-pediatrica-tenerife\" rel=\"noopener noreferrer nofollow\">illustrated story \u2018Hospitaller\u2019.\u2019<\/a><\/u>, of El Hematocr\u00edtico and Cynthia Hierro.<\/p>\n<p><strong>Sabina Urraca<\/strong> writes a fictional story about a girl and her family who are subjected to a sudden hospitalisation, inspired by the experience of a patient in a paediatric ICU. Finally, Simone Turinese produces a photographic essay through portraits of the nursing staff involved in the project over the four years of the project.&nbsp;<\/p>\n<p>The publication also includes \u2018Mediation Notes\u2019 written by the project mediator, <strong>Felipe G. Gil<\/strong> by ZEMOS98, which serve as an introduction to each of the texts, and broaden the context of the project, creating a space for reflection on the mediation process initiated by this project.<\/p>\n<figure data-ratio=\"auto\">\n    <img decoding=\"async\" src=\"https:\/\/concomitentes.org\/wp-content\/uploads\/2025\/07\/hospitalidadcontrapronostico_mediaciones_concomitentes-bartlebooth_-@auraticafotografiadearte-_11-scaled.jpg\" alt=\"One of the photos that complete the photographic report of the book \/ Photo by auraticafotografiadearte\"><figcaption>\n    One of the photos that complete the photographic report of the book \/ Photo by auraticafotografiadearte  <\/figcaption><\/figure>\n<p><strong>Paediatric ICU<\/strong><\/p>\n<p>The partnership was initiated in 2018 by the mediator, Felipe G. Gil of ZEMOS98, and a group of five nurses from the Hospital Nuestra Se\u00f1ora de Candelaria in Tenerife, encouraged by <strong>the idea that there is a lack of tools and resources for the adequate emotional care of children admitted to an Intensive Care Unit.<\/strong>.<\/p>\n<p>As a result of the four-year journey of the Paediatric ICU, three works of art have been created: an illustrated story aimed at patients and devised by El Hematocr\u00edtico and illustrated by Cynthia Hierro from the Canary Islands; a podcast, involving health professionals and relatives, aimed especially at patients' families, and created by Elena Cabrera; and a mobile library, which helps nursing staff to deal with patients and which was built by Artemi Hern\u00e1ndez from the Office of Civic Innovation (OFIC).<\/p>\n<figure data-ratio=\"auto\">\n    <img decoding=\"async\" src=\"https:\/\/concomitentes.org\/wp-content\/uploads\/2025\/07\/hospitalidadcontrapronostico_mediaciones_concomitentes-bartlebooth_-@auraticafotografiadearte-_23-scaled.jpg\" alt=\"The publication is the result of a collaboration with the publishing house &#039;Bartlebooth&#039; \/ Photo by auraticafotografiadearte\"><figcaption>\n    The publication is the result of a collaboration with the publishing house \u2018Bartlebooth\u2019. \/ Photo by auraticafotografiadearte  <\/figcaption><\/figure>\n<p><strong>Collaboration with Bartlebooth Publishers<\/strong><\/p>\n<p>\u2018Hospitality against prognosis\u2019 has been published thanks to the collaboration agreement between Concomitentes and Bartlebooth, a publishing house specialising in the production of publications that examine the contexts and procedures of contemporary spatial and artistic practices, and with which we share an interest in the value of public space on a political, social and cultural level.<\/p>\n<p>This publication is part of the <strong>The collection \u2018Mediaciones\u2019, the result of this collaboration, addresses the notions of space and the public sphere from different angles.<\/strong>, The exhibition will focus on the interstices between contemporary art and citizenship.<\/p>\n<p>The first book in this collection was <u><a href=\"https:\/\/concomitentes.org\/en\/public-programmes\/mutations\/\" rel=\"noopener noreferrer nofollow\">\u2018Mutations in public space\u2019<\/a><\/u>, launched in July 2021, which nurtured the idea that public space and the creation of community constitute a right and also a responsibility of civil society, reflecting on the interrelationship of human beings with the spaces they inhabit, evaluating the relevance of artistic and architectural practices for the public and, ultimately, generating an exercise in defence of the commons.<\/p>\n<p>The book \u2018Hospitality against prognosis\u2019<strong> <\/strong>launched in March 2023, it features <strong>124 pages and an initial print run of 500 copies. The texts are in Spanish and distribution will be mainly in Spain and Latin America.<\/strong>.&nbsp;<\/p>\n<p>From Monday, 14 March, the sale is already open (<u><a href=\"https:\/\/bartlebooth.org\/Hospitalidad-contra-pronostico\" rel=\"noopener noreferrer nofollow\">here<\/a><\/u>) on the Bartlebooth website and in bookshops.<\/p>","protected":false},"excerpt":{"rendered":"<p>Presentamos, \u2018Hospitalidad contra pron\u00f3stico: Tejiendo un lenguaje com\u00fan entre pr\u00e1cticas art\u00edsticas y labor enfermera\u2019, una reflexi\u00f3n de los aprendizajes adquiridos a trav\u00e9s del proceso de mediaci\u00f3n del proyecto, UCI Pedi\u00e1trica, [&hellip;]<\/p>\n","protected":false},"author":1,"featured_media":748,"comment_status":"open","ping_status":"open","sticky":false,"template":"","format":"standard","meta":{"_acf_changed":false,"footnotes":""},"categories":[1],"tags":[],"class_list":["post-747","post","type-post","status-publish","format-standard","has-post-thumbnail","hentry","category-diario"],"acf":[],"yoast_head":"<!-- This site is optimized with the Yoast SEO plugin v27.5 - https:\/\/yoast.com\/product\/yoast-seo-wordpress\/ -->\n<title>\u2018Hospitalidad contra pron\u00f3stico\u2019: el libro que reclama la salud como bien com\u00fan y la cultura que cura - Concomitentes<\/title>\n<meta name=\"robots\" content=\"index, follow, max-snippet:-1, max-image-preview:large, max-video-preview:-1\" \/>\n<link rel=\"canonical\" href=\"https:\/\/concomitentes.org\/en\/hospitality-against-prognosis-the-book-that-reclaims-health-as-a-common-good-and-the-culture-that-heals\/\" \/>\n<meta property=\"og:locale\" content=\"en_GB\" \/>\n<meta property=\"og:type\" content=\"article\" \/>\n<meta property=\"og:title\" content=\"\u2018Hospitalidad contra pron\u00f3stico\u2019: el libro que reclama la salud como bien com\u00fan y la cultura que cura - Concomitentes\" \/>\n<meta property=\"og:description\" content=\"Presentamos, \u2018Hospitalidad contra pron\u00f3stico: Tejiendo un lenguaje com\u00fan entre pr\u00e1cticas art\u00edsticas y labor enfermera\u2019, una reflexi\u00f3n de los aprendizajes adquiridos a trav\u00e9s del proceso de mediaci\u00f3n del proyecto, UCI Pedi\u00e1trica, [&hellip;]\" \/>\n<meta property=\"og:url\" content=\"https:\/\/concomitentes.org\/en\/hospitality-against-prognosis-the-book-that-reclaims-health-as-a-common-good-and-the-culture-that-heals\/\" \/>\n<meta property=\"og:site_name\" content=\"Concomitentes\" \/>\n<meta property=\"article:published_time\" content=\"2023-03-16T00:00:00+00:00\" \/>\n<meta property=\"article:modified_time\" content=\"2025-07-15T18:51:21+00:00\" \/>\n<meta property=\"og:image\" content=\"https:\/\/concomitentes.org\/wp-content\/uploads\/2025\/06\/hospitalidadcontrapronostico_mediaciones_concomitentes-bartlebooth_-@auraticafotografiadearte-_16-scaled.jpg\" \/>\n\t<meta property=\"og:image:width\" content=\"2560\" \/>\n\t<meta property=\"og:image:height\" content=\"1709\" \/>\n\t<meta property=\"og:image:type\" content=\"image\/jpeg\" \/>\n<meta name=\"author\" content=\"adminconcom\" \/>\n<meta name=\"twitter:card\" content=\"summary_large_image\" \/>\n<meta name=\"twitter:label1\" content=\"Written by\" \/>\n\t<meta name=\"twitter:data1\" content=\"adminconcom\" \/>\n\t<meta name=\"twitter:label2\" content=\"Estimated reading time\" \/>\n\t<meta name=\"twitter:data2\" content=\"4 minutes\" \/>\n<script type=\"application\/ld+json\" class=\"yoast-schema-graph\">{\"@context\":\"https:\\\/\\\/schema.org\",\"@graph\":[{\"@type\":\"Article\",\"@id\":\"https:\\\/\\\/concomitentes.org\\\/hospitalidad-contra-pronostico-el-libro-que-reclama-la-salud-como-bien-comun-y-la-cultura-que-cura\\\/#article\",\"isPartOf\":{\"@id\":\"https:\\\/\\\/concomitentes.org\\\/hospitalidad-contra-pronostico-el-libro-que-reclama-la-salud-como-bien-comun-y-la-cultura-que-cura\\\/\"},\"author\":{\"name\":\"adminconcom\",\"@id\":\"https:\\\/\\\/concomitentes.org\\\/en\\\/#\\\/schema\\\/person\\\/2bc91babfb92c6d60ab52debff35bf0d\"},\"headline\":\"\u2018Hospitalidad contra pron\u00f3stico\u2019: el libro que reclama la salud como bien com\u00fan y la cultura que cura\",\"datePublished\":\"2023-03-16T00:00:00+00:00\",\"dateModified\":\"2025-07-15T18:51:21+00:00\",\"mainEntityOfPage\":{\"@id\":\"https:\\\/\\\/concomitentes.org\\\/hospitalidad-contra-pronostico-el-libro-que-reclama-la-salud-como-bien-comun-y-la-cultura-que-cura\\\/\"},\"wordCount\":828,\"commentCount\":0,\"image\":{\"@id\":\"https:\\\/\\\/concomitentes.org\\\/hospitalidad-contra-pronostico-el-libro-que-reclama-la-salud-como-bien-comun-y-la-cultura-que-cura\\\/#primaryimage\"},\"thumbnailUrl\":\"https:\\\/\\\/concomitentes.org\\\/wp-content\\\/uploads\\\/2025\\\/06\\\/hospitalidadcontrapronostico_mediaciones_concomitentes-bartlebooth_-@auraticafotografiadearte-_16-scaled.jpg\",\"articleSection\":[\"Diario\"],\"inLanguage\":\"en-GB\",\"potentialAction\":[{\"@type\":\"CommentAction\",\"name\":\"Comment\",\"target\":[\"https:\\\/\\\/concomitentes.org\\\/hospitalidad-contra-pronostico-el-libro-que-reclama-la-salud-como-bien-comun-y-la-cultura-que-cura\\\/#respond\"]}]},{\"@type\":\"WebPage\",\"@id\":\"https:\\\/\\\/concomitentes.org\\\/hospitalidad-contra-pronostico-el-libro-que-reclama-la-salud-como-bien-comun-y-la-cultura-que-cura\\\/\",\"url\":\"https:\\\/\\\/concomitentes.org\\\/hospitalidad-contra-pronostico-el-libro-que-reclama-la-salud-como-bien-comun-y-la-cultura-que-cura\\\/\",\"name\":\"\u2018Hospitalidad contra pron\u00f3stico\u2019: el libro que reclama la salud como bien com\u00fan y la cultura que cura - Concomitentes\",\"isPartOf\":{\"@id\":\"https:\\\/\\\/concomitentes.org\\\/en\\\/#website\"},\"primaryImageOfPage\":{\"@id\":\"https:\\\/\\\/concomitentes.org\\\/hospitalidad-contra-pronostico-el-libro-que-reclama-la-salud-como-bien-comun-y-la-cultura-que-cura\\\/#primaryimage\"},\"image\":{\"@id\":\"https:\\\/\\\/concomitentes.org\\\/hospitalidad-contra-pronostico-el-libro-que-reclama-la-salud-como-bien-comun-y-la-cultura-que-cura\\\/#primaryimage\"},\"thumbnailUrl\":\"https:\\\/\\\/concomitentes.org\\\/wp-content\\\/uploads\\\/2025\\\/06\\\/hospitalidadcontrapronostico_mediaciones_concomitentes-bartlebooth_-@auraticafotografiadearte-_16-scaled.jpg\",\"datePublished\":\"2023-03-16T00:00:00+00:00\",\"dateModified\":\"2025-07-15T18:51:21+00:00\",\"author\":{\"@id\":\"https:\\\/\\\/concomitentes.org\\\/en\\\/#\\\/schema\\\/person\\\/2bc91babfb92c6d60ab52debff35bf0d\"},\"breadcrumb\":{\"@id\":\"https:\\\/\\\/concomitentes.org\\\/hospitalidad-contra-pronostico-el-libro-que-reclama-la-salud-como-bien-comun-y-la-cultura-que-cura\\\/#breadcrumb\"},\"inLanguage\":\"en-GB\",\"potentialAction\":[{\"@type\":\"ReadAction\",\"target\":[\"https:\\\/\\\/concomitentes.org\\\/hospitalidad-contra-pronostico-el-libro-que-reclama-la-salud-como-bien-comun-y-la-cultura-que-cura\\\/\"]}]},{\"@type\":\"ImageObject\",\"inLanguage\":\"en-GB\",\"@id\":\"https:\\\/\\\/concomitentes.org\\\/hospitalidad-contra-pronostico-el-libro-que-reclama-la-salud-como-bien-comun-y-la-cultura-que-cura\\\/#primaryimage\",\"url\":\"https:\\\/\\\/concomitentes.org\\\/wp-content\\\/uploads\\\/2025\\\/06\\\/hospitalidadcontrapronostico_mediaciones_concomitentes-bartlebooth_-@auraticafotografiadearte-_16-scaled.jpg\",\"contentUrl\":\"https:\\\/\\\/concomitentes.org\\\/wp-content\\\/uploads\\\/2025\\\/06\\\/hospitalidadcontrapronostico_mediaciones_concomitentes-bartlebooth_-@auraticafotografiadearte-_16-scaled.jpg\",\"width\":2560,\"height\":1709},{\"@type\":\"BreadcrumbList\",\"@id\":\"https:\\\/\\\/concomitentes.org\\\/hospitalidad-contra-pronostico-el-libro-que-reclama-la-salud-como-bien-comun-y-la-cultura-que-cura\\\/#breadcrumb\",\"itemListElement\":[{\"@type\":\"ListItem\",\"position\":1,\"name\":\"Portada\",\"item\":\"https:\\\/\\\/concomitentes.org\\\/\"},{\"@type\":\"ListItem\",\"position\":2,\"name\":\"\u2018Hospitalidad contra pron\u00f3stico\u2019: el libro que reclama la salud como bien com\u00fan y la cultura que cura\"}]},{\"@type\":\"WebSite\",\"@id\":\"https:\\\/\\\/concomitentes.org\\\/en\\\/#website\",\"url\":\"https:\\\/\\\/concomitentes.org\\\/en\\\/\",\"name\":\"Concomitentes\",\"description\":\"Concomitentes promueve la creaci\u00f3n de obras de arte y media entre la sociedad civil que las encarga y los\\\/las artistas que las producen.\",\"potentialAction\":[{\"@type\":\"SearchAction\",\"target\":{\"@type\":\"EntryPoint\",\"urlTemplate\":\"https:\\\/\\\/concomitentes.org\\\/en\\\/?s={search_term_string}\"},\"query-input\":{\"@type\":\"PropertyValueSpecification\",\"valueRequired\":true,\"valueName\":\"search_term_string\"}}],\"inLanguage\":\"en-GB\"},{\"@type\":\"Person\",\"@id\":\"https:\\\/\\\/concomitentes.org\\\/en\\\/#\\\/schema\\\/person\\\/2bc91babfb92c6d60ab52debff35bf0d\",\"name\":\"adminconcom\",\"url\":\"https:\\\/\\\/concomitentes.org\\\/en\\\/author\\\/adminconcom\\\/\"}]}<\/script>\n<!-- \/ Yoast SEO plugin. -->","yoast_head_json":{"title":"\u2018Hospitality against prognosis\u2019: the book that reclaims health as a common good and the culture that heals - Concomitentes","robots":{"index":"index","follow":"follow","max-snippet":"max-snippet:-1","max-image-preview":"max-image-preview:large","max-video-preview":"max-video-preview:-1"},"canonical":"https:\/\/concomitentes.org\/en\/hospitality-against-prognosis-the-book-that-reclaims-health-as-a-common-good-and-the-culture-that-heals\/","og_locale":"en_GB","og_type":"article","og_title":"\u2018Hospitalidad contra pron\u00f3stico\u2019: el libro que reclama la salud como bien com\u00fan y la cultura que cura - Concomitentes","og_description":"Presentamos, \u2018Hospitalidad contra pron\u00f3stico: Tejiendo un lenguaje com\u00fan entre pr\u00e1cticas art\u00edsticas y labor enfermera\u2019, una reflexi\u00f3n de los aprendizajes adquiridos a trav\u00e9s del proceso de mediaci\u00f3n del proyecto, UCI Pedi\u00e1trica, [&hellip;]","og_url":"https:\/\/concomitentes.org\/en\/hospitality-against-prognosis-the-book-that-reclaims-health-as-a-common-good-and-the-culture-that-heals\/","og_site_name":"Concomitentes","article_published_time":"2023-03-16T00:00:00+00:00","article_modified_time":"2025-07-15T18:51:21+00:00","og_image":[{"width":2560,"height":1709,"url":"https:\/\/concomitentes.org\/wp-content\/uploads\/2025\/06\/hospitalidadcontrapronostico_mediaciones_concomitentes-bartlebooth_-@auraticafotografiadearte-_16-scaled.jpg","type":"image\/jpeg"}],"author":"adminconcom","twitter_card":"summary_large_image","twitter_misc":{"Written by":"adminconcom","Estimated reading time":"4 minutes"},"schema":{"@context":"https:\/\/schema.org","@graph":[{"@type":"Article","@id":"https:\/\/concomitentes.org\/hospitalidad-contra-pronostico-el-libro-que-reclama-la-salud-como-bien-comun-y-la-cultura-que-cura\/#article","isPartOf":{"@id":"https:\/\/concomitentes.org\/hospitalidad-contra-pronostico-el-libro-que-reclama-la-salud-como-bien-comun-y-la-cultura-que-cura\/"},"author":{"name":"adminconcom","@id":"https:\/\/concomitentes.org\/en\/#\/schema\/person\/2bc91babfb92c6d60ab52debff35bf0d"},"headline":"\u2018Hospitalidad contra pron\u00f3stico\u2019: el libro que reclama la salud como bien com\u00fan y la cultura que cura","datePublished":"2023-03-16T00:00:00+00:00","dateModified":"2025-07-15T18:51:21+00:00","mainEntityOfPage":{"@id":"https:\/\/concomitentes.org\/hospitalidad-contra-pronostico-el-libro-que-reclama-la-salud-como-bien-comun-y-la-cultura-que-cura\/"},"wordCount":828,"commentCount":0,"image":{"@id":"https:\/\/concomitentes.org\/hospitalidad-contra-pronostico-el-libro-que-reclama-la-salud-como-bien-comun-y-la-cultura-que-cura\/#primaryimage"},"thumbnailUrl":"https:\/\/concomitentes.org\/wp-content\/uploads\/2025\/06\/hospitalidadcontrapronostico_mediaciones_concomitentes-bartlebooth_-@auraticafotografiadearte-_16-scaled.jpg","articleSection":["Diario"],"inLanguage":"en-GB","potentialAction":[{"@type":"CommentAction","name":"Comment","target":["https:\/\/concomitentes.org\/hospitalidad-contra-pronostico-el-libro-que-reclama-la-salud-como-bien-comun-y-la-cultura-que-cura\/#respond"]}]},{"@type":"WebPage","@id":"https:\/\/concomitentes.org\/hospitalidad-contra-pronostico-el-libro-que-reclama-la-salud-como-bien-comun-y-la-cultura-que-cura\/","url":"https:\/\/concomitentes.org\/hospitalidad-contra-pronostico-el-libro-que-reclama-la-salud-como-bien-comun-y-la-cultura-que-cura\/","name":"\u2018Hospitality against prognosis\u2019: the book that reclaims health as a common good and the culture that heals - Concomitentes","isPartOf":{"@id":"https:\/\/concomitentes.org\/en\/#website"},"primaryImageOfPage":{"@id":"https:\/\/concomitentes.org\/hospitalidad-contra-pronostico-el-libro-que-reclama-la-salud-como-bien-comun-y-la-cultura-que-cura\/#primaryimage"},"image":{"@id":"https:\/\/concomitentes.org\/hospitalidad-contra-pronostico-el-libro-que-reclama-la-salud-como-bien-comun-y-la-cultura-que-cura\/#primaryimage"},"thumbnailUrl":"https:\/\/concomitentes.org\/wp-content\/uploads\/2025\/06\/hospitalidadcontrapronostico_mediaciones_concomitentes-bartlebooth_-@auraticafotografiadearte-_16-scaled.jpg","datePublished":"2023-03-16T00:00:00+00:00","dateModified":"2025-07-15T18:51:21+00:00","author":{"@id":"https:\/\/concomitentes.org\/en\/#\/schema\/person\/2bc91babfb92c6d60ab52debff35bf0d"},"breadcrumb":{"@id":"https:\/\/concomitentes.org\/hospitalidad-contra-pronostico-el-libro-que-reclama-la-salud-como-bien-comun-y-la-cultura-que-cura\/#breadcrumb"},"inLanguage":"en-GB","potentialAction":[{"@type":"ReadAction","target":["https:\/\/concomitentes.org\/hospitalidad-contra-pronostico-el-libro-que-reclama-la-salud-como-bien-comun-y-la-cultura-que-cura\/"]}]},{"@type":"ImageObject","inLanguage":"en-GB","@id":"https:\/\/concomitentes.org\/hospitalidad-contra-pronostico-el-libro-que-reclama-la-salud-como-bien-comun-y-la-cultura-que-cura\/#primaryimage","url":"https:\/\/concomitentes.org\/wp-content\/uploads\/2025\/06\/hospitalidadcontrapronostico_mediaciones_concomitentes-bartlebooth_-@auraticafotografiadearte-_16-scaled.jpg","contentUrl":"https:\/\/concomitentes.org\/wp-content\/uploads\/2025\/06\/hospitalidadcontrapronostico_mediaciones_concomitentes-bartlebooth_-@auraticafotografiadearte-_16-scaled.jpg","width":2560,"height":1709},{"@type":"BreadcrumbList","@id":"https:\/\/concomitentes.org\/hospitalidad-contra-pronostico-el-libro-que-reclama-la-salud-como-bien-comun-y-la-cultura-que-cura\/#breadcrumb","itemListElement":[{"@type":"ListItem","position":1,"name":"Portada","item":"https:\/\/concomitentes.org\/"},{"@type":"ListItem","position":2,"name":"\u2018Hospitalidad contra pron\u00f3stico\u2019: el libro que reclama la salud como bien com\u00fan y la cultura que cura"}]},{"@type":"WebSite","@id":"https:\/\/concomitentes.org\/en\/#website","url":"https:\/\/concomitentes.org\/en\/","name":"Concomitentes","description":"Concomitentes promotes the creation of works of art and mediates between the civil society that commissions them and the artists who produce them.","potentialAction":[{"@type":"SearchAction","target":{"@type":"EntryPoint","urlTemplate":"https:\/\/concomitentes.org\/en\/?s={search_term_string}"},"query-input":{"@type":"PropertyValueSpecification","valueRequired":true,"valueName":"search_term_string"}}],"inLanguage":"en-GB"},{"@type":"Person","@id":"https:\/\/concomitentes.org\/en\/#\/schema\/person\/2bc91babfb92c6d60ab52debff35bf0d","name":"adminconcom","url":"https:\/\/concomitentes.org\/en\/author\/adminconcom\/"}]}},"_links":{"self":[{"href":"https:\/\/concomitentes.org\/en\/wp-json\/wp\/v2\/posts\/747","targetHints":{"allow":["GET"]}}],"collection":[{"href":"https:\/\/concomitentes.org\/en\/wp-json\/wp\/v2\/posts"}],"about":[{"href":"https:\/\/concomitentes.org\/en\/wp-json\/wp\/v2\/types\/post"}],"author":[{"embeddable":true,"href":"https:\/\/concomitentes.org\/en\/wp-json\/wp\/v2\/users\/1"}],"replies":[{"embeddable":true,"href":"https:\/\/concomitentes.org\/en\/wp-json\/wp\/v2\/comments?post=747"}],"version-history":[{"count":3,"href":"https:\/\/concomitentes.org\/en\/wp-json\/wp\/v2\/posts\/747\/revisions"}],"predecessor-version":[{"id":2035,"href":"https:\/\/concomitentes.org\/en\/wp-json\/wp\/v2\/posts\/747\/revisions\/2035"}],"wp:featuredmedia":[{"embeddable":true,"href":"https:\/\/concomitentes.org\/en\/wp-json\/wp\/v2\/media\/748"}],"wp:attachment":[{"href":"https:\/\/concomitentes.org\/en\/wp-json\/wp\/v2\/media?parent=747"}],"wp:term":[{"taxonomy":"category","embeddable":true,"href":"https:\/\/concomitentes.org\/en\/wp-json\/wp\/v2\/categories?post=747"},{"taxonomy":"post_tag","embeddable":true,"href":"https:\/\/concomitentes.org\/en\/wp-json\/wp\/v2\/tags?post=747"}],"curies":[{"name":"wp","href":"https:\/\/api.w.org\/{rel}","templated":true}]}}