{"id":711,"date":"2022-11-18T00:00:00","date_gmt":"2022-11-18T00:00:00","guid":{"rendered":"http:\/\/concomitentes.vl22350.dinaserver.com\/dedicado-a-angel-el-papa-de-lili\/"},"modified":"2025-07-15T18:51:20","modified_gmt":"2025-07-15T18:51:20","slug":"dedicated-to-angel-lilis-father","status":"publish","type":"post","link":"https:\/\/concomitentes.org\/en\/dedicado-a-angel-el-papa-de-lili\/","title":{"rendered":"Dedicated to Angel, Lili's father"},"content":{"rendered":"<p>\u00c1ngel Quintero, father of one of the five UCI Paediatrics' clients, defined among his last wishes to support the transformative potential of culture, making a donation to the project that was invested in the first printing of <em>Hospital<\/em>the <u><a href=\"https:\/\/concomitentes.org\/en\/diary\/hospitalario-the-illustrated-tale-of-the-haematocritic-and-cynthia-hierro\/\" rel=\"noopener noreferrer nofollow\">picture story<\/a><\/u> created by El Hematocr\u00edtico and illustrated by the Canarian artist Cynthia Hierro. \u201cHe was my father, so he knew from minute one of the projects I was involved in, I told him about them at weekend meals, because I couldn't tell him about the day-to-day work as a nurse in the ICU,\u201d explains his daughter and client, Lili Quintero.<\/p>\n<p>A day labourer and \u201ca country boy\u201d, in the words of his daughter, <strong>Angel, however, had the vision to accompany Lili in this process with the concomitance, to listen to her and, moreover, to help her to be able to carry out one of the three works that have come out of this rich journey, based on exchange and collaboration. <\/strong>Born in La Gomera, at a very young age he emigrated to Venezuela in search of new opportunities, where he connected with and relied on his older brothers and sisters and the colonies of Spaniards and Canary Islanders to prosper as a freight forwarder in the Latin American country. At a friend's wedding he met Carmen Luisa, Lili's mother, and years later, \u201cdue to health issues, they were recommended to move to an area with a more suitable climate, not so dry and hot, and we returned to Tenerife in 1975, where they set up a mini supermarket, or neighbourhood shop as they say in the Canary Islands, where they stayed until he retired\u201d.<\/p>\n<figure data-ratio=\"auto\">\n    <img decoding=\"async\" src=\"https:\/\/concomitentes.org\/wp-content\/uploads\/2025\/07\/whatsapp-image-2022-11-16-at-1.27.01-pm.jpeg\" alt=\"Photo of the illustrated story, on the day of the presentation event.\"><figcaption>\n    Photo of the illustrated story, on the day of the presentation event.  <\/figcaption><\/figure>\n<p>When she talks about her father, the commentator and nurse in the Paediatric ICU, she refers to him as a<strong> \u201cSanta Cruz character, always sitting on the Rambla chatting about his youth and experience as a migrant, a post-war time that was very hard\u201d.\u201d<\/strong>. In addition to being open and with an intense life story of constant self-improvement, built on hard work and effort, he got to know the other members of the group and created a bond with the group and with the project they were developing at the Nuestra Se\u00f1ora de Candelaria University Hospital in Tenerife.&nbsp;<\/p>\n<p><strong>A key donation and a public tribute<\/strong><\/p>\n<p>In the 22 days he was in hospital before he died, his family had six hours a day of visitation: <strong>\u201cIn those talks we talked about everything, including Concomitentes,\u201d explains Lili.<\/strong>. At that time, coinciding with his admission, it became known that funding was being sought for the printing of a first edition of the graphic history and, after checking the budget, \u00c1ngel told his daughter: \u201cTake whatever you need\u201d.<\/p>\n<figure data-ratio=\"auto\">\n    <img decoding=\"async\" src=\"https:\/\/concomitentes.org\/wp-content\/uploads\/2025\/07\/52398057252_899005aa1a_c.jpg\" alt=\"Photo of Lili Quintero receiving the bouquet in homage to her father.\"><figcaption>\n    Photo of Lili Quintero receiving the bouquet in homage to her father.  <\/figcaption><\/figure>\n<p>Thanks to your donation, the graphic story was able to see the light of day and have that initial distribution run coinciding with the <u><a href=\"https:\/\/concomitentes.org\/en\/diary\/uci-paediatrica-presents-its-results-after-4-years-of-work-a-mobile-library-a-podcast-and-a-story\/?proyecto=uci-pediatrica-tenerife\" rel=\"noopener noreferrer nofollow\">closing event of the concomitance<\/a><\/u>, which took place in Tenerife on 15 September. A space in which he was also honoured by presenting Lili with a bouquet of flowers as a token of gratitude and showing the caricature that the illustrator, Cynthia Hierro, made of him and which was inserted in the publication.<\/p>\n<figure data-ratio=\"auto\">\n    <img decoding=\"async\" src=\"https:\/\/concomitentes.org\/wp-content\/uploads\/2025\/07\/52398054867_69664e1392_c.jpg\" alt=\"\"><\/p>\n<\/figure>\n<p>A gesture of enormous significance that we thank Angel for today!<\/p>","protected":false},"excerpt":{"rendered":"<p>\u00c1ngel Quintero, padre de una de las cinco comitentes de UCI Pedi\u00e1trica, defini\u00f3 entre sus \u00faltimas voluntades apoyar el potencial transformador de la cultura, haciendo una donaci\u00f3n al proyecto que [&hellip;]<\/p>\n","protected":false},"author":1,"featured_media":712,"comment_status":"open","ping_status":"open","sticky":false,"template":"","format":"standard","meta":{"_acf_changed":false,"footnotes":""},"categories":[1],"tags":[],"class_list":["post-711","post","type-post","status-publish","format-standard","has-post-thumbnail","hentry","category-diario"],"acf":[],"yoast_head":"<!-- This site is optimized with the Yoast SEO plugin v27.5 - https:\/\/yoast.com\/product\/yoast-seo-wordpress\/ -->\n<title>Dedicado a \u00c1ngel, el pap\u00e1 de Lili - Concomitentes<\/title>\n<meta name=\"robots\" content=\"index, follow, max-snippet:-1, max-image-preview:large, max-video-preview:-1\" \/>\n<link rel=\"canonical\" href=\"https:\/\/concomitentes.org\/en\/dedicated-to-angel-lilis-father\/\" \/>\n<meta property=\"og:locale\" content=\"en_GB\" \/>\n<meta property=\"og:type\" content=\"article\" \/>\n<meta property=\"og:title\" content=\"Dedicado a \u00c1ngel, el pap\u00e1 de Lili - Concomitentes\" \/>\n<meta property=\"og:description\" content=\"\u00c1ngel Quintero, padre de una de las cinco comitentes de UCI Pedi\u00e1trica, defini\u00f3 entre sus \u00faltimas voluntades apoyar el potencial transformador de la cultura, haciendo una donaci\u00f3n al proyecto que [&hellip;]\" \/>\n<meta property=\"og:url\" content=\"https:\/\/concomitentes.org\/en\/dedicated-to-angel-lilis-father\/\" \/>\n<meta property=\"og:site_name\" content=\"Concomitentes\" \/>\n<meta property=\"article:published_time\" content=\"2022-11-18T00:00:00+00:00\" \/>\n<meta property=\"article:modified_time\" content=\"2025-07-15T18:51:20+00:00\" \/>\n<meta property=\"og:image\" content=\"https:\/\/concomitentes.org\/wp-content\/uploads\/2025\/06\/angel-quintero.jpg\" \/>\n\t<meta property=\"og:image:width\" content=\"639\" \/>\n\t<meta property=\"og:image:height\" content=\"367\" \/>\n\t<meta property=\"og:image:type\" content=\"image\/jpeg\" \/>\n<meta name=\"author\" content=\"adminconcom\" \/>\n<meta name=\"twitter:card\" content=\"summary_large_image\" \/>\n<meta name=\"twitter:label1\" content=\"Written by\" \/>\n\t<meta name=\"twitter:data1\" content=\"adminconcom\" \/>\n\t<meta name=\"twitter:label2\" content=\"Estimated reading time\" \/>\n\t<meta name=\"twitter:data2\" content=\"3 minutes\" \/>\n<script type=\"application\/ld+json\" class=\"yoast-schema-graph\">{\"@context\":\"https:\\\/\\\/schema.org\",\"@graph\":[{\"@type\":\"Article\",\"@id\":\"https:\\\/\\\/concomitentes.org\\\/dedicado-a-angel-el-papa-de-lili\\\/#article\",\"isPartOf\":{\"@id\":\"https:\\\/\\\/concomitentes.org\\\/dedicado-a-angel-el-papa-de-lili\\\/\"},\"author\":{\"name\":\"adminconcom\",\"@id\":\"https:\\\/\\\/concomitentes.org\\\/en\\\/#\\\/schema\\\/person\\\/2bc91babfb92c6d60ab52debff35bf0d\"},\"headline\":\"Dedicado a \u00c1ngel, el pap\u00e1 de Lili\",\"datePublished\":\"2022-11-18T00:00:00+00:00\",\"dateModified\":\"2025-07-15T18:51:20+00:00\",\"mainEntityOfPage\":{\"@id\":\"https:\\\/\\\/concomitentes.org\\\/dedicado-a-angel-el-papa-de-lili\\\/\"},\"wordCount\":601,\"commentCount\":0,\"image\":{\"@id\":\"https:\\\/\\\/concomitentes.org\\\/dedicado-a-angel-el-papa-de-lili\\\/#primaryimage\"},\"thumbnailUrl\":\"https:\\\/\\\/concomitentes.org\\\/wp-content\\\/uploads\\\/2025\\\/06\\\/angel-quintero.jpg\",\"articleSection\":[\"Diario\"],\"inLanguage\":\"en-GB\",\"potentialAction\":[{\"@type\":\"CommentAction\",\"name\":\"Comment\",\"target\":[\"https:\\\/\\\/concomitentes.org\\\/dedicado-a-angel-el-papa-de-lili\\\/#respond\"]}]},{\"@type\":\"WebPage\",\"@id\":\"https:\\\/\\\/concomitentes.org\\\/dedicado-a-angel-el-papa-de-lili\\\/\",\"url\":\"https:\\\/\\\/concomitentes.org\\\/dedicado-a-angel-el-papa-de-lili\\\/\",\"name\":\"Dedicado a \u00c1ngel, el pap\u00e1 de Lili - Concomitentes\",\"isPartOf\":{\"@id\":\"https:\\\/\\\/concomitentes.org\\\/en\\\/#website\"},\"primaryImageOfPage\":{\"@id\":\"https:\\\/\\\/concomitentes.org\\\/dedicado-a-angel-el-papa-de-lili\\\/#primaryimage\"},\"image\":{\"@id\":\"https:\\\/\\\/concomitentes.org\\\/dedicado-a-angel-el-papa-de-lili\\\/#primaryimage\"},\"thumbnailUrl\":\"https:\\\/\\\/concomitentes.org\\\/wp-content\\\/uploads\\\/2025\\\/06\\\/angel-quintero.jpg\",\"datePublished\":\"2022-11-18T00:00:00+00:00\",\"dateModified\":\"2025-07-15T18:51:20+00:00\",\"author\":{\"@id\":\"https:\\\/\\\/concomitentes.org\\\/en\\\/#\\\/schema\\\/person\\\/2bc91babfb92c6d60ab52debff35bf0d\"},\"breadcrumb\":{\"@id\":\"https:\\\/\\\/concomitentes.org\\\/dedicado-a-angel-el-papa-de-lili\\\/#breadcrumb\"},\"inLanguage\":\"en-GB\",\"potentialAction\":[{\"@type\":\"ReadAction\",\"target\":[\"https:\\\/\\\/concomitentes.org\\\/dedicado-a-angel-el-papa-de-lili\\\/\"]}]},{\"@type\":\"ImageObject\",\"inLanguage\":\"en-GB\",\"@id\":\"https:\\\/\\\/concomitentes.org\\\/dedicado-a-angel-el-papa-de-lili\\\/#primaryimage\",\"url\":\"https:\\\/\\\/concomitentes.org\\\/wp-content\\\/uploads\\\/2025\\\/06\\\/angel-quintero.jpg\",\"contentUrl\":\"https:\\\/\\\/concomitentes.org\\\/wp-content\\\/uploads\\\/2025\\\/06\\\/angel-quintero.jpg\",\"width\":639,\"height\":367},{\"@type\":\"BreadcrumbList\",\"@id\":\"https:\\\/\\\/concomitentes.org\\\/dedicado-a-angel-el-papa-de-lili\\\/#breadcrumb\",\"itemListElement\":[{\"@type\":\"ListItem\",\"position\":1,\"name\":\"Portada\",\"item\":\"https:\\\/\\\/concomitentes.org\\\/\"},{\"@type\":\"ListItem\",\"position\":2,\"name\":\"Dedicado a \u00c1ngel, el pap\u00e1 de Lili\"}]},{\"@type\":\"WebSite\",\"@id\":\"https:\\\/\\\/concomitentes.org\\\/en\\\/#website\",\"url\":\"https:\\\/\\\/concomitentes.org\\\/en\\\/\",\"name\":\"Concomitentes\",\"description\":\"Concomitentes promueve la creaci\u00f3n de obras de arte y media entre la sociedad civil que las encarga y los\\\/las artistas que las producen.\",\"potentialAction\":[{\"@type\":\"SearchAction\",\"target\":{\"@type\":\"EntryPoint\",\"urlTemplate\":\"https:\\\/\\\/concomitentes.org\\\/en\\\/?s={search_term_string}\"},\"query-input\":{\"@type\":\"PropertyValueSpecification\",\"valueRequired\":true,\"valueName\":\"search_term_string\"}}],\"inLanguage\":\"en-GB\"},{\"@type\":\"Person\",\"@id\":\"https:\\\/\\\/concomitentes.org\\\/en\\\/#\\\/schema\\\/person\\\/2bc91babfb92c6d60ab52debff35bf0d\",\"name\":\"adminconcom\",\"url\":\"https:\\\/\\\/concomitentes.org\\\/en\\\/author\\\/adminconcom\\\/\"}]}<\/script>\n<!-- \/ Yoast SEO plugin. -->","yoast_head_json":{"title":"Dedicated to Angel, Lili's father - Concomitentes","robots":{"index":"index","follow":"follow","max-snippet":"max-snippet:-1","max-image-preview":"max-image-preview:large","max-video-preview":"max-video-preview:-1"},"canonical":"https:\/\/concomitentes.org\/en\/dedicated-to-angel-lilis-father\/","og_locale":"en_GB","og_type":"article","og_title":"Dedicado a \u00c1ngel, el pap\u00e1 de Lili - Concomitentes","og_description":"\u00c1ngel Quintero, padre de una de las cinco comitentes de UCI Pedi\u00e1trica, defini\u00f3 entre sus \u00faltimas voluntades apoyar el potencial transformador de la cultura, haciendo una donaci\u00f3n al proyecto que [&hellip;]","og_url":"https:\/\/concomitentes.org\/en\/dedicated-to-angel-lilis-father\/","og_site_name":"Concomitentes","article_published_time":"2022-11-18T00:00:00+00:00","article_modified_time":"2025-07-15T18:51:20+00:00","og_image":[{"width":639,"height":367,"url":"https:\/\/concomitentes.org\/wp-content\/uploads\/2025\/06\/angel-quintero.jpg","type":"image\/jpeg"}],"author":"adminconcom","twitter_card":"summary_large_image","twitter_misc":{"Written by":"adminconcom","Estimated reading time":"3 minutes"},"schema":{"@context":"https:\/\/schema.org","@graph":[{"@type":"Article","@id":"https:\/\/concomitentes.org\/dedicado-a-angel-el-papa-de-lili\/#article","isPartOf":{"@id":"https:\/\/concomitentes.org\/dedicado-a-angel-el-papa-de-lili\/"},"author":{"name":"adminconcom","@id":"https:\/\/concomitentes.org\/en\/#\/schema\/person\/2bc91babfb92c6d60ab52debff35bf0d"},"headline":"Dedicado a \u00c1ngel, el pap\u00e1 de Lili","datePublished":"2022-11-18T00:00:00+00:00","dateModified":"2025-07-15T18:51:20+00:00","mainEntityOfPage":{"@id":"https:\/\/concomitentes.org\/dedicado-a-angel-el-papa-de-lili\/"},"wordCount":601,"commentCount":0,"image":{"@id":"https:\/\/concomitentes.org\/dedicado-a-angel-el-papa-de-lili\/#primaryimage"},"thumbnailUrl":"https:\/\/concomitentes.org\/wp-content\/uploads\/2025\/06\/angel-quintero.jpg","articleSection":["Diario"],"inLanguage":"en-GB","potentialAction":[{"@type":"CommentAction","name":"Comment","target":["https:\/\/concomitentes.org\/dedicado-a-angel-el-papa-de-lili\/#respond"]}]},{"@type":"WebPage","@id":"https:\/\/concomitentes.org\/dedicado-a-angel-el-papa-de-lili\/","url":"https:\/\/concomitentes.org\/dedicado-a-angel-el-papa-de-lili\/","name":"Dedicated to Angel, Lili's father - Concomitentes","isPartOf":{"@id":"https:\/\/concomitentes.org\/en\/#website"},"primaryImageOfPage":{"@id":"https:\/\/concomitentes.org\/dedicado-a-angel-el-papa-de-lili\/#primaryimage"},"image":{"@id":"https:\/\/concomitentes.org\/dedicado-a-angel-el-papa-de-lili\/#primaryimage"},"thumbnailUrl":"https:\/\/concomitentes.org\/wp-content\/uploads\/2025\/06\/angel-quintero.jpg","datePublished":"2022-11-18T00:00:00+00:00","dateModified":"2025-07-15T18:51:20+00:00","author":{"@id":"https:\/\/concomitentes.org\/en\/#\/schema\/person\/2bc91babfb92c6d60ab52debff35bf0d"},"breadcrumb":{"@id":"https:\/\/concomitentes.org\/dedicado-a-angel-el-papa-de-lili\/#breadcrumb"},"inLanguage":"en-GB","potentialAction":[{"@type":"ReadAction","target":["https:\/\/concomitentes.org\/dedicado-a-angel-el-papa-de-lili\/"]}]},{"@type":"ImageObject","inLanguage":"en-GB","@id":"https:\/\/concomitentes.org\/dedicado-a-angel-el-papa-de-lili\/#primaryimage","url":"https:\/\/concomitentes.org\/wp-content\/uploads\/2025\/06\/angel-quintero.jpg","contentUrl":"https:\/\/concomitentes.org\/wp-content\/uploads\/2025\/06\/angel-quintero.jpg","width":639,"height":367},{"@type":"BreadcrumbList","@id":"https:\/\/concomitentes.org\/dedicado-a-angel-el-papa-de-lili\/#breadcrumb","itemListElement":[{"@type":"ListItem","position":1,"name":"Portada","item":"https:\/\/concomitentes.org\/"},{"@type":"ListItem","position":2,"name":"Dedicado a \u00c1ngel, el pap\u00e1 de Lili"}]},{"@type":"WebSite","@id":"https:\/\/concomitentes.org\/en\/#website","url":"https:\/\/concomitentes.org\/en\/","name":"Concomitentes","description":"Concomitentes promotes the creation of works of art and mediates between the civil society that commissions them and the artists who produce them.","potentialAction":[{"@type":"SearchAction","target":{"@type":"EntryPoint","urlTemplate":"https:\/\/concomitentes.org\/en\/?s={search_term_string}"},"query-input":{"@type":"PropertyValueSpecification","valueRequired":true,"valueName":"search_term_string"}}],"inLanguage":"en-GB"},{"@type":"Person","@id":"https:\/\/concomitentes.org\/en\/#\/schema\/person\/2bc91babfb92c6d60ab52debff35bf0d","name":"adminconcom","url":"https:\/\/concomitentes.org\/en\/author\/adminconcom\/"}]}},"_links":{"self":[{"href":"https:\/\/concomitentes.org\/en\/wp-json\/wp\/v2\/posts\/711","targetHints":{"allow":["GET"]}}],"collection":[{"href":"https:\/\/concomitentes.org\/en\/wp-json\/wp\/v2\/posts"}],"about":[{"href":"https:\/\/concomitentes.org\/en\/wp-json\/wp\/v2\/types\/post"}],"author":[{"embeddable":true,"href":"https:\/\/concomitentes.org\/en\/wp-json\/wp\/v2\/users\/1"}],"replies":[{"embeddable":true,"href":"https:\/\/concomitentes.org\/en\/wp-json\/wp\/v2\/comments?post=711"}],"version-history":[{"count":5,"href":"https:\/\/concomitentes.org\/en\/wp-json\/wp\/v2\/posts\/711\/revisions"}],"predecessor-version":[{"id":2006,"href":"https:\/\/concomitentes.org\/en\/wp-json\/wp\/v2\/posts\/711\/revisions\/2006"}],"wp:featuredmedia":[{"embeddable":true,"href":"https:\/\/concomitentes.org\/en\/wp-json\/wp\/v2\/media\/712"}],"wp:attachment":[{"href":"https:\/\/concomitentes.org\/en\/wp-json\/wp\/v2\/media?parent=711"}],"wp:term":[{"taxonomy":"category","embeddable":true,"href":"https:\/\/concomitentes.org\/en\/wp-json\/wp\/v2\/categories?post=711"},{"taxonomy":"post_tag","embeddable":true,"href":"https:\/\/concomitentes.org\/en\/wp-json\/wp\/v2\/tags?post=711"}],"curies":[{"name":"wp","href":"https:\/\/api.w.org\/{rel}","templated":true}]}}