{"id":707,"date":"2022-10-25T00:00:00","date_gmt":"2022-10-25T00:00:00","guid":{"rendered":"http:\/\/concomitentes.vl22350.dinaserver.com\/la-cuidateca-una-biblioteca-movil-para-la-uci-pediatrica\/"},"modified":"2025-07-15T18:51:20","modified_gmt":"2025-07-15T18:51:20","slug":"the-cuidateca-a-mobile-library-for-the-paediatric-icu","status":"publish","type":"post","link":"https:\/\/concomitentes.org\/en\/la-cuidateca-una-biblioteca-movil-para-la-uci-pediatrica\/","title":{"rendered":"La cuidateca', a mobile library for the Paediatric ICU"},"content":{"rendered":"<p>The latest work of <u><a href=\"https:\/\/concomitentes.org\/en\/concomitances\/uci-paediatrica-tenerife\/\" rel=\"noopener noreferrer nofollow\">Paediatric ICU<\/a><\/u> is a <u><a href=\"https:\/\/concomitentes.org\/en\/diary\/canarian-architect-artemi-hernandez-to-build-a-mobile-library-for-the-uci\/?proyecto=uci-pediatrica-tenerife\" rel=\"noopener noreferrer nofollow\">mobile library<\/a><\/u>, The Canarian architect has been in charge of \u2018la cuidateca\u2019, the 'cuidateca', <u><a href=\"https:\/\/concomitentes.org\/en\/protagonists\/artemi-hernandez\/\" rel=\"noopener noreferrer nofollow\">Artemi Hern\u00e1ndez<\/a><\/u> of the&nbsp;<u><a href=\"https:\/\/ofic.coop\/\" rel=\"noopener noreferrer nofollow\">Office of Civic Innovation<\/a><\/u>, in collaboration with the artist&nbsp;<u><a href=\"https:\/\/www.octaviobarrera.com\/\" rel=\"noopener noreferrer nofollow\">Octavio Barrera<\/a><\/u>. The aim of this new \u201cartifact\u201d, which will <strong>will be integrated into the life of the ICU of the Hospital Universitario Nuestra Se\u00f1ora de La Candelaria in Tenerife, is to facilitate the work of the medical and nursing staff.<\/strong>, The clinic provides health and wellness care for patients ranging from infants to 15 year olds.<\/p>\n<p>This mobile library, apart from storing books, <strong>will include various playful and interactive elements for patients. Among them, there will be a table with drawings by the illustrator of the animated tale<\/strong>, <u><a href=\"https:\/\/concomitentes.org\/en\/diary\/bringing-art-and-culture-closer-to-people-is-a-way-to-grow-and-help-others\/?proyecto=uci-pediatrica-tenerife\" rel=\"noopener noreferrer nofollow\">Cynthia Hierro<\/a><\/u>, The children's music will be played by the children in the ICU, which will represent the objects that frighten them most in the ICU and which will be used to make music.<\/p>\n<p>Working together with the mediator &nbsp;<u><a href=\"https:\/\/concomitentes.org\/en\/protagonists\/felipe-gonzalez\/?proyecto=uci-pediatrica-tenerife\" rel=\"noopener noreferrer nofollow\">Felipe G. Gil<\/a><\/u>&nbsp;of ZEMOS98 and the five nurses of the Paediatric Intensive Care Unit, started at the end of last year, an exciting journey that Artemi recounted: \u201cFrom the beginning we saw that we fitted in perfectly, so we took on the project with great enthusiasm because it is related to community health, one of the main lines of our work. It's an opportunity to experiment and get closer to healthcare, through the team of comitentes, and a challenge to work from the limitation of being in an ICU\u201d.<\/p>\n<figure data-ratio=\"auto\">\n    <img decoding=\"async\" src=\"https:\/\/concomitentes.org\/wp-content\/uploads\/2025\/07\/21031_concomitentes_16-scaled.jpg\" alt=\"Photo by Andr\u00e9s Cabrera.\"><figcaption>\n    Photo by Andr\u00e9s Cabrera.  <\/figcaption><\/figure>\n<p>Thus, this library will be a <strong>a transformative element that will help nurses interact with young patients<\/strong>, It is the result of a process of negotiation and exchange that uncovers individual desires and needs in order to reach common agreements and solutions. A <strong>rich, open, horizontal and exciting journey that moved from a more abstract phase to a more concrete and grounded one.<\/strong>, The result is an object that \u201cmay transform the ICU beyond our imagination\u201d, in the artist's own words.<\/p>\n<p>From its practice, Artemi designs and promotes <strong>methodologies and processes that generate more efficient and healthy relational contexts<\/strong>, The project aims to create the necessary conditions to facilitate urban management, social transformation and community development through design and mediation. A work that fits in with this concomitance that provides tools for health professionals, so that they can emotionally accompany patients and relatives during hospitalisation.<\/p>\n<p>The \u2018cuidateca\u2019 was presented at the <u><a href=\"https:\/\/concomitentes.org\/en\/diary\/uci-paediatrica-presents-its-results-after-4-years-of-work-a-mobile-library-a-podcast-and-a-story\/\" rel=\"noopener noreferrer nofollow\">presentation event of the three works<\/a><\/u> The project was launched last September in Tenerife, thus initiating a pilot process in the ICU of the Canarian hospital and with the idea of being able to export the idea to other national hospitals so that they can build their own.&nbsp;<\/p>","protected":false},"excerpt":{"rendered":"<p>La \u00faltima obra de UCI Pedi\u00e1trica es una biblioteca m\u00f3vil, \u2018la cuidateca\u2019, que ha estado a cargo del arquitecto canario, Artemi Hern\u00e1ndez de la&nbsp;Oficina de Innovaci\u00f3n C\u00edvica, en colaboraci\u00f3n con [&hellip;]<\/p>\n","protected":false},"author":1,"featured_media":708,"comment_status":"open","ping_status":"open","sticky":false,"template":"","format":"standard","meta":{"_acf_changed":false,"footnotes":""},"categories":[1],"tags":[],"class_list":["post-707","post","type-post","status-publish","format-standard","has-post-thumbnail","hentry","category-diario"],"acf":[],"yoast_head":"<!-- This site is optimized with the Yoast SEO plugin v27.5 - https:\/\/yoast.com\/product\/yoast-seo-wordpress\/ -->\n<title>\u2018La cuidateca\u2019, una biblioteca m\u00f3vil para la UCI Pedi\u00e1trica - Concomitentes<\/title>\n<meta name=\"robots\" content=\"index, follow, max-snippet:-1, max-image-preview:large, max-video-preview:-1\" \/>\n<link rel=\"canonical\" href=\"https:\/\/concomitentes.org\/en\/the-cuidateca-a-mobile-library-for-the-paediatric-icu\/\" \/>\n<meta property=\"og:locale\" content=\"en_GB\" \/>\n<meta property=\"og:type\" content=\"article\" \/>\n<meta property=\"og:title\" content=\"\u2018La cuidateca\u2019, una biblioteca m\u00f3vil para la UCI Pedi\u00e1trica - Concomitentes\" \/>\n<meta property=\"og:description\" content=\"La \u00faltima obra de UCI Pedi\u00e1trica es una biblioteca m\u00f3vil, \u2018la cuidateca\u2019, que ha estado a cargo del arquitecto canario, Artemi Hern\u00e1ndez de la&nbsp;Oficina de Innovaci\u00f3n C\u00edvica, en colaboraci\u00f3n con [&hellip;]\" \/>\n<meta property=\"og:url\" content=\"https:\/\/concomitentes.org\/en\/the-cuidateca-a-mobile-library-for-the-paediatric-icu\/\" \/>\n<meta property=\"og:site_name\" content=\"Concomitentes\" \/>\n<meta property=\"article:published_time\" content=\"2022-10-25T00:00:00+00:00\" \/>\n<meta property=\"article:modified_time\" content=\"2025-07-15T18:51:20+00:00\" \/>\n<meta property=\"og:image\" content=\"https:\/\/concomitentes.org\/wp-content\/uploads\/2025\/06\/captura-de-pantalla-2022-10-26-a-las-10.11.30.png\" \/>\n\t<meta property=\"og:image:width\" content=\"2310\" \/>\n\t<meta property=\"og:image:height\" content=\"1310\" \/>\n\t<meta property=\"og:image:type\" content=\"image\/png\" \/>\n<meta name=\"author\" content=\"adminconcom\" \/>\n<meta name=\"twitter:card\" content=\"summary_large_image\" \/>\n<meta name=\"twitter:label1\" content=\"Written by\" \/>\n\t<meta name=\"twitter:data1\" content=\"adminconcom\" \/>\n\t<meta name=\"twitter:label2\" content=\"Estimated reading time\" \/>\n\t<meta name=\"twitter:data2\" content=\"3 minutes\" \/>\n<script type=\"application\/ld+json\" class=\"yoast-schema-graph\">{\"@context\":\"https:\\\/\\\/schema.org\",\"@graph\":[{\"@type\":\"Article\",\"@id\":\"https:\\\/\\\/concomitentes.org\\\/la-cuidateca-una-biblioteca-movil-para-la-uci-pediatrica\\\/#article\",\"isPartOf\":{\"@id\":\"https:\\\/\\\/concomitentes.org\\\/la-cuidateca-una-biblioteca-movil-para-la-uci-pediatrica\\\/\"},\"author\":{\"name\":\"adminconcom\",\"@id\":\"https:\\\/\\\/concomitentes.org\\\/en\\\/#\\\/schema\\\/person\\\/2bc91babfb92c6d60ab52debff35bf0d\"},\"headline\":\"\u2018La cuidateca\u2019, una biblioteca m\u00f3vil para la UCI Pedi\u00e1trica\",\"datePublished\":\"2022-10-25T00:00:00+00:00\",\"dateModified\":\"2025-07-15T18:51:20+00:00\",\"mainEntityOfPage\":{\"@id\":\"https:\\\/\\\/concomitentes.org\\\/la-cuidateca-una-biblioteca-movil-para-la-uci-pediatrica\\\/\"},\"wordCount\":511,\"commentCount\":0,\"image\":{\"@id\":\"https:\\\/\\\/concomitentes.org\\\/la-cuidateca-una-biblioteca-movil-para-la-uci-pediatrica\\\/#primaryimage\"},\"thumbnailUrl\":\"https:\\\/\\\/concomitentes.org\\\/wp-content\\\/uploads\\\/2025\\\/06\\\/captura-de-pantalla-2022-10-26-a-las-10.11.30.png\",\"articleSection\":[\"Diario\"],\"inLanguage\":\"en-GB\",\"potentialAction\":[{\"@type\":\"CommentAction\",\"name\":\"Comment\",\"target\":[\"https:\\\/\\\/concomitentes.org\\\/la-cuidateca-una-biblioteca-movil-para-la-uci-pediatrica\\\/#respond\"]}]},{\"@type\":\"WebPage\",\"@id\":\"https:\\\/\\\/concomitentes.org\\\/la-cuidateca-una-biblioteca-movil-para-la-uci-pediatrica\\\/\",\"url\":\"https:\\\/\\\/concomitentes.org\\\/la-cuidateca-una-biblioteca-movil-para-la-uci-pediatrica\\\/\",\"name\":\"\u2018La cuidateca\u2019, una biblioteca m\u00f3vil para la UCI Pedi\u00e1trica - Concomitentes\",\"isPartOf\":{\"@id\":\"https:\\\/\\\/concomitentes.org\\\/en\\\/#website\"},\"primaryImageOfPage\":{\"@id\":\"https:\\\/\\\/concomitentes.org\\\/la-cuidateca-una-biblioteca-movil-para-la-uci-pediatrica\\\/#primaryimage\"},\"image\":{\"@id\":\"https:\\\/\\\/concomitentes.org\\\/la-cuidateca-una-biblioteca-movil-para-la-uci-pediatrica\\\/#primaryimage\"},\"thumbnailUrl\":\"https:\\\/\\\/concomitentes.org\\\/wp-content\\\/uploads\\\/2025\\\/06\\\/captura-de-pantalla-2022-10-26-a-las-10.11.30.png\",\"datePublished\":\"2022-10-25T00:00:00+00:00\",\"dateModified\":\"2025-07-15T18:51:20+00:00\",\"author\":{\"@id\":\"https:\\\/\\\/concomitentes.org\\\/en\\\/#\\\/schema\\\/person\\\/2bc91babfb92c6d60ab52debff35bf0d\"},\"breadcrumb\":{\"@id\":\"https:\\\/\\\/concomitentes.org\\\/la-cuidateca-una-biblioteca-movil-para-la-uci-pediatrica\\\/#breadcrumb\"},\"inLanguage\":\"en-GB\",\"potentialAction\":[{\"@type\":\"ReadAction\",\"target\":[\"https:\\\/\\\/concomitentes.org\\\/la-cuidateca-una-biblioteca-movil-para-la-uci-pediatrica\\\/\"]}]},{\"@type\":\"ImageObject\",\"inLanguage\":\"en-GB\",\"@id\":\"https:\\\/\\\/concomitentes.org\\\/la-cuidateca-una-biblioteca-movil-para-la-uci-pediatrica\\\/#primaryimage\",\"url\":\"https:\\\/\\\/concomitentes.org\\\/wp-content\\\/uploads\\\/2025\\\/06\\\/captura-de-pantalla-2022-10-26-a-las-10.11.30.png\",\"contentUrl\":\"https:\\\/\\\/concomitentes.org\\\/wp-content\\\/uploads\\\/2025\\\/06\\\/captura-de-pantalla-2022-10-26-a-las-10.11.30.png\",\"width\":2310,\"height\":1310},{\"@type\":\"BreadcrumbList\",\"@id\":\"https:\\\/\\\/concomitentes.org\\\/la-cuidateca-una-biblioteca-movil-para-la-uci-pediatrica\\\/#breadcrumb\",\"itemListElement\":[{\"@type\":\"ListItem\",\"position\":1,\"name\":\"Portada\",\"item\":\"https:\\\/\\\/concomitentes.org\\\/\"},{\"@type\":\"ListItem\",\"position\":2,\"name\":\"\u2018La cuidateca\u2019, una biblioteca m\u00f3vil para la UCI Pedi\u00e1trica\"}]},{\"@type\":\"WebSite\",\"@id\":\"https:\\\/\\\/concomitentes.org\\\/en\\\/#website\",\"url\":\"https:\\\/\\\/concomitentes.org\\\/en\\\/\",\"name\":\"Concomitentes\",\"description\":\"Concomitentes promueve la creaci\u00f3n de obras de arte y media entre la sociedad civil que las encarga y los\\\/las artistas que las producen.\",\"potentialAction\":[{\"@type\":\"SearchAction\",\"target\":{\"@type\":\"EntryPoint\",\"urlTemplate\":\"https:\\\/\\\/concomitentes.org\\\/en\\\/?s={search_term_string}\"},\"query-input\":{\"@type\":\"PropertyValueSpecification\",\"valueRequired\":true,\"valueName\":\"search_term_string\"}}],\"inLanguage\":\"en-GB\"},{\"@type\":\"Person\",\"@id\":\"https:\\\/\\\/concomitentes.org\\\/en\\\/#\\\/schema\\\/person\\\/2bc91babfb92c6d60ab52debff35bf0d\",\"name\":\"adminconcom\",\"url\":\"https:\\\/\\\/concomitentes.org\\\/en\\\/author\\\/adminconcom\\\/\"}]}<\/script>\n<!-- \/ Yoast SEO plugin. -->","yoast_head_json":{"title":"\u2018La cuidateca\u2019, a mobile library for the Paediatric ICU - Concomitentes","robots":{"index":"index","follow":"follow","max-snippet":"max-snippet:-1","max-image-preview":"max-image-preview:large","max-video-preview":"max-video-preview:-1"},"canonical":"https:\/\/concomitentes.org\/en\/the-cuidateca-a-mobile-library-for-the-paediatric-icu\/","og_locale":"en_GB","og_type":"article","og_title":"\u2018La cuidateca\u2019, una biblioteca m\u00f3vil para la UCI Pedi\u00e1trica - Concomitentes","og_description":"La \u00faltima obra de UCI Pedi\u00e1trica es una biblioteca m\u00f3vil, \u2018la cuidateca\u2019, que ha estado a cargo del arquitecto canario, Artemi Hern\u00e1ndez de la&nbsp;Oficina de Innovaci\u00f3n C\u00edvica, en colaboraci\u00f3n con [&hellip;]","og_url":"https:\/\/concomitentes.org\/en\/the-cuidateca-a-mobile-library-for-the-paediatric-icu\/","og_site_name":"Concomitentes","article_published_time":"2022-10-25T00:00:00+00:00","article_modified_time":"2025-07-15T18:51:20+00:00","og_image":[{"width":2310,"height":1310,"url":"https:\/\/concomitentes.org\/wp-content\/uploads\/2025\/06\/captura-de-pantalla-2022-10-26-a-las-10.11.30.png","type":"image\/png"}],"author":"adminconcom","twitter_card":"summary_large_image","twitter_misc":{"Written by":"adminconcom","Estimated reading time":"3 minutes"},"schema":{"@context":"https:\/\/schema.org","@graph":[{"@type":"Article","@id":"https:\/\/concomitentes.org\/la-cuidateca-una-biblioteca-movil-para-la-uci-pediatrica\/#article","isPartOf":{"@id":"https:\/\/concomitentes.org\/la-cuidateca-una-biblioteca-movil-para-la-uci-pediatrica\/"},"author":{"name":"adminconcom","@id":"https:\/\/concomitentes.org\/en\/#\/schema\/person\/2bc91babfb92c6d60ab52debff35bf0d"},"headline":"\u2018La cuidateca\u2019, una biblioteca m\u00f3vil para la UCI Pedi\u00e1trica","datePublished":"2022-10-25T00:00:00+00:00","dateModified":"2025-07-15T18:51:20+00:00","mainEntityOfPage":{"@id":"https:\/\/concomitentes.org\/la-cuidateca-una-biblioteca-movil-para-la-uci-pediatrica\/"},"wordCount":511,"commentCount":0,"image":{"@id":"https:\/\/concomitentes.org\/la-cuidateca-una-biblioteca-movil-para-la-uci-pediatrica\/#primaryimage"},"thumbnailUrl":"https:\/\/concomitentes.org\/wp-content\/uploads\/2025\/06\/captura-de-pantalla-2022-10-26-a-las-10.11.30.png","articleSection":["Diario"],"inLanguage":"en-GB","potentialAction":[{"@type":"CommentAction","name":"Comment","target":["https:\/\/concomitentes.org\/la-cuidateca-una-biblioteca-movil-para-la-uci-pediatrica\/#respond"]}]},{"@type":"WebPage","@id":"https:\/\/concomitentes.org\/la-cuidateca-una-biblioteca-movil-para-la-uci-pediatrica\/","url":"https:\/\/concomitentes.org\/la-cuidateca-una-biblioteca-movil-para-la-uci-pediatrica\/","name":"\u2018La cuidateca\u2019, a mobile library for the Paediatric ICU - Concomitentes","isPartOf":{"@id":"https:\/\/concomitentes.org\/en\/#website"},"primaryImageOfPage":{"@id":"https:\/\/concomitentes.org\/la-cuidateca-una-biblioteca-movil-para-la-uci-pediatrica\/#primaryimage"},"image":{"@id":"https:\/\/concomitentes.org\/la-cuidateca-una-biblioteca-movil-para-la-uci-pediatrica\/#primaryimage"},"thumbnailUrl":"https:\/\/concomitentes.org\/wp-content\/uploads\/2025\/06\/captura-de-pantalla-2022-10-26-a-las-10.11.30.png","datePublished":"2022-10-25T00:00:00+00:00","dateModified":"2025-07-15T18:51:20+00:00","author":{"@id":"https:\/\/concomitentes.org\/en\/#\/schema\/person\/2bc91babfb92c6d60ab52debff35bf0d"},"breadcrumb":{"@id":"https:\/\/concomitentes.org\/la-cuidateca-una-biblioteca-movil-para-la-uci-pediatrica\/#breadcrumb"},"inLanguage":"en-GB","potentialAction":[{"@type":"ReadAction","target":["https:\/\/concomitentes.org\/la-cuidateca-una-biblioteca-movil-para-la-uci-pediatrica\/"]}]},{"@type":"ImageObject","inLanguage":"en-GB","@id":"https:\/\/concomitentes.org\/la-cuidateca-una-biblioteca-movil-para-la-uci-pediatrica\/#primaryimage","url":"https:\/\/concomitentes.org\/wp-content\/uploads\/2025\/06\/captura-de-pantalla-2022-10-26-a-las-10.11.30.png","contentUrl":"https:\/\/concomitentes.org\/wp-content\/uploads\/2025\/06\/captura-de-pantalla-2022-10-26-a-las-10.11.30.png","width":2310,"height":1310},{"@type":"BreadcrumbList","@id":"https:\/\/concomitentes.org\/la-cuidateca-una-biblioteca-movil-para-la-uci-pediatrica\/#breadcrumb","itemListElement":[{"@type":"ListItem","position":1,"name":"Portada","item":"https:\/\/concomitentes.org\/"},{"@type":"ListItem","position":2,"name":"\u2018La cuidateca\u2019, una biblioteca m\u00f3vil para la UCI Pedi\u00e1trica"}]},{"@type":"WebSite","@id":"https:\/\/concomitentes.org\/en\/#website","url":"https:\/\/concomitentes.org\/en\/","name":"Concomitentes","description":"Concomitentes promotes the creation of works of art and mediates between the civil society that commissions them and the artists who produce them.","potentialAction":[{"@type":"SearchAction","target":{"@type":"EntryPoint","urlTemplate":"https:\/\/concomitentes.org\/en\/?s={search_term_string}"},"query-input":{"@type":"PropertyValueSpecification","valueRequired":true,"valueName":"search_term_string"}}],"inLanguage":"en-GB"},{"@type":"Person","@id":"https:\/\/concomitentes.org\/en\/#\/schema\/person\/2bc91babfb92c6d60ab52debff35bf0d","name":"adminconcom","url":"https:\/\/concomitentes.org\/en\/author\/adminconcom\/"}]}},"_links":{"self":[{"href":"https:\/\/concomitentes.org\/en\/wp-json\/wp\/v2\/posts\/707","targetHints":{"allow":["GET"]}}],"collection":[{"href":"https:\/\/concomitentes.org\/en\/wp-json\/wp\/v2\/posts"}],"about":[{"href":"https:\/\/concomitentes.org\/en\/wp-json\/wp\/v2\/types\/post"}],"author":[{"embeddable":true,"href":"https:\/\/concomitentes.org\/en\/wp-json\/wp\/v2\/users\/1"}],"replies":[{"embeddable":true,"href":"https:\/\/concomitentes.org\/en\/wp-json\/wp\/v2\/comments?post=707"}],"version-history":[{"count":5,"href":"https:\/\/concomitentes.org\/en\/wp-json\/wp\/v2\/posts\/707\/revisions"}],"predecessor-version":[{"id":2004,"href":"https:\/\/concomitentes.org\/en\/wp-json\/wp\/v2\/posts\/707\/revisions\/2004"}],"wp:featuredmedia":[{"embeddable":true,"href":"https:\/\/concomitentes.org\/en\/wp-json\/wp\/v2\/media\/708"}],"wp:attachment":[{"href":"https:\/\/concomitentes.org\/en\/wp-json\/wp\/v2\/media?parent=707"}],"wp:term":[{"taxonomy":"category","embeddable":true,"href":"https:\/\/concomitentes.org\/en\/wp-json\/wp\/v2\/categories?post=707"},{"taxonomy":"post_tag","embeddable":true,"href":"https:\/\/concomitentes.org\/en\/wp-json\/wp\/v2\/tags?post=707"}],"curies":[{"name":"wp","href":"https:\/\/api.w.org\/{rel}","templated":true}]}}