{"id":643,"date":"2021-11-04T00:00:00","date_gmt":"2021-11-04T00:00:00","guid":{"rendered":"http:\/\/concomitentes.vl22350.dinaserver.com\/conversatorio-la-cultura-se-cuela-en-la-uci-pediatrica\/"},"modified":"2025-07-15T18:51:19","modified_gmt":"2025-07-15T18:51:19","slug":"culture-is-a-part-of-the-paediatric-intensive-care-unit","status":"publish","type":"post","link":"https:\/\/concomitentes.org\/en\/conversatorio-la-cultura-se-cuela-en-la-uci-pediatrica\/","title":{"rendered":"Culture in the paediatric ICU"},"content":{"rendered":"<p>On 23 October, the Canarian concomitance UCI Paediatrics met its mediator at the Parainfo of the University of La Laguna, <a href=\"https:\/\/concomitentes.org\/en\/protagonists\/felipe-gonzalez\/\" rel=\"noopener noreferrer nofollow\">Felipe G. Gil<\/a>, together with three of the five commissioners, -Quique Chinea, Lili Quintero and Ruym\u00e1n Miranda-, and three of the four artists of the project, -Quique Chinea, Lili Quintero and Ruym\u00e1n Miranda-, and three of the four artists of the project, -Quique Chinea and Ruym\u00e1n Miranda-.<a href=\"https:\/\/concomitentes.org\/en\/protagonists\/elena-cabrera\/?proyecto=uci-pediatrica-tenerife\" rel=\"noopener noreferrer nofollow\">Elena Cabrera<\/a>, director of the podcast; Miguel L\u00f3pez <a href=\"https:\/\/concomitentes.org\/en\/protagonists\/the-haematocritic\/?proyecto=uci-pediatrica-tenerife\" rel=\"noopener noreferrer nofollow\">The Hematocritic<\/a>, The graphic story was created together with the illustrator from the Canary Islands, <a href=\"https:\/\/concomitentes.org\/en\/protagonists\/cynthia-hierro\/?proyecto=uci-pediatrica-tenerife\" rel=\"noopener noreferrer nofollow\">Cynthia Hierro<\/a>; and the architect, <a href=\"https:\/\/concomitentes.org\/en\/protagonists\/artemi-hernandez\/?proyecto=uci-pediatrica-tenerife\" rel=\"noopener noreferrer nofollow\">Artemi Hern\u00e1ndez<\/a>, which will spearhead the construction of a mobile library -, in a <strong>public discussion that included an exchange on participatory practices and mediation, as well as some of the keys that define this project, which straddles the social, artistic and health fields.<\/strong>.<\/p>\n<p>The occasion of having, for the first time, the entire team that has been working on the project for more than three years and that has been expanding with the incorporation of artists throughout this 2021, was celebrated with two surprises for the audience that accompanied them. On the one hand, the <strong>issuance of the <em>teaser<\/em> of the podcast season,<\/strong> which has now completed three of the five chapters and is entering the final phase of production; and on the other hand, the<strong>ebroadcast and recording of the meeting in <em>streaming<\/em> <\/strong>(link <u><a href=\"https:\/\/www.youtube.com\/watch?v=hMBpKOll8mg\" rel=\"noopener noreferrer nofollow\">here<\/a><\/u>), to make it the sixth chapter that will complete the podcast collection.&nbsp;<\/p>\n<figure data-ratio=\"auto\">\n    <img decoding=\"async\" src=\"https:\/\/concomitentes.org\/wp-content\/uploads\/2025\/07\/concomitentes_paraninfo_sabado-2-scaled.jpg\" alt=\"\"><figcaption>\n    Lili Quintero, the commissioner, in part of her speech.  <\/figcaption><\/figure>\n<p>\u201cA hospital is a place where there is pain, but above all where there are people in the process of healing, of being cured. And, above all, there are many people taking care of others\u201d, the mediator began his speech. Thus, through questions such as <em>What memories do you have of your childhood where someone was looking after you?<\/em>, <em>How to turn this hostile place into a welcoming environment?<\/em>, <em>do you believe that culture can be healing?<\/em> o <em>What situations have you experienced where you felt that the artistic or creative affected your emotional state and accompanied you in a complicated situation?<\/em>, <strong>the conversation was reconstructing the professional profile of the nursing staff, who are the project's clients, and the tools they use in their day-to-day work.<\/strong>, The reality of their work, their needs and shortcomings were clearly outlined. In addition, the narrative of the artists showed how culture and art can help them to connect emotionally with the young patients and their families.&nbsp;<\/p>\n<figure data-ratio=\"auto\">\n    <img decoding=\"async\" src=\"https:\/\/concomitentes.org\/wp-content\/uploads\/2025\/07\/concomitentes_paraninfo_sabado-27-scaled.jpg\" alt=\"\"><figcaption>\n    The mediator, Felipe G. Gil, a few minutes before the start of the discussion.  <\/figcaption><\/figure>\n<p>All this, with <strong>the mediation and guidance work carried out by the Concomitentes project itself, led by Felipe G. Gil, as a way of channelling such an exciting journey.<\/strong>e as not lacking in obstacles and challenges: \u201cWhen we say that culture is a common good, we mean that it is necessary to stop talking for \u2018us\u2019 if we want to belong to \u2018everyone\u2019. It is not so much a question of building bridges from culture to other instances or areas of knowledge, but rather of digging tunnels that allow us to weave alliances between one world and another. Cultural mediation, which has been our role in the project, consists of constructing a common language between the sanitary and the artistic\u201d, explained Felipe G. Gil in one of the key parts of his intervention, almost at the end of the session. The mediator added: \u201cWhen culture takes root in other processes, the impact on people's lives is much more significant. Culture then ceases to be autonomous and useless, as those who do not understand this potential argue, to be, as Bel\u00e9n Gopegui said, not a part of the world, but the expression of it, to be everywhere and nowhere\u201d.<\/p>\n<p>A significant event that marks the rest of the way for this final stretch of the concomitance.<\/p>\n<p><strong>See the full photo gallery of the event <a href=\"https:\/\/www.flickr.com\/photos\/186832731@N03\/albums\/72157720100280828\" rel=\"noopener noreferrer nofollow\">here<\/a>.<\/strong><\/p>","protected":false},"excerpt":{"rendered":"<p>El pasado 23 de octubre, la concomitancia canaria UCI Pedi\u00e1trica reuni\u00f3 en el Parainfo de la Universidad de La Laguna, a su mediador, Felipe G. Gil, junto a tres de [&hellip;]<\/p>\n","protected":false},"author":1,"featured_media":644,"comment_status":"open","ping_status":"open","sticky":false,"template":"","format":"standard","meta":{"_acf_changed":false,"footnotes":""},"categories":[1],"tags":[],"class_list":["post-643","post","type-post","status-publish","format-standard","has-post-thumbnail","hentry","category-diario"],"acf":[],"yoast_head":"<!-- This site is optimized with the Yoast SEO plugin v27.5 - https:\/\/yoast.com\/product\/yoast-seo-wordpress\/ -->\n<title>Conversatorio La Cultura se cuela en la UCI Pedi\u00e1trica - Concomitentes<\/title>\n<meta name=\"robots\" content=\"index, follow, max-snippet:-1, max-image-preview:large, max-video-preview:-1\" \/>\n<link rel=\"canonical\" href=\"https:\/\/concomitentes.org\/en\/culture-is-a-part-of-the-paediatric-intensive-care-unit\/\" \/>\n<meta property=\"og:locale\" content=\"en_GB\" \/>\n<meta property=\"og:type\" content=\"article\" \/>\n<meta property=\"og:title\" content=\"Conversatorio La Cultura se cuela en la UCI Pedi\u00e1trica - Concomitentes\" \/>\n<meta property=\"og:description\" content=\"El pasado 23 de octubre, la concomitancia canaria UCI Pedi\u00e1trica reuni\u00f3 en el Parainfo de la Universidad de La Laguna, a su mediador, Felipe G. Gil, junto a tres de [&hellip;]\" \/>\n<meta property=\"og:url\" content=\"https:\/\/concomitentes.org\/en\/culture-is-a-part-of-the-paediatric-intensive-care-unit\/\" \/>\n<meta property=\"og:site_name\" content=\"Concomitentes\" \/>\n<meta property=\"article:published_time\" content=\"2021-11-04T00:00:00+00:00\" \/>\n<meta property=\"article:modified_time\" content=\"2025-07-15T18:51:19+00:00\" \/>\n<meta property=\"og:image\" content=\"https:\/\/concomitentes.org\/wp-content\/uploads\/2025\/06\/concomitentes_paraninfo_sabado-1-scaled.jpg\" \/>\n\t<meta property=\"og:image:width\" content=\"2560\" \/>\n\t<meta property=\"og:image:height\" content=\"1707\" \/>\n\t<meta property=\"og:image:type\" content=\"image\/jpeg\" \/>\n<meta name=\"author\" content=\"adminconcom\" \/>\n<meta name=\"twitter:card\" content=\"summary_large_image\" \/>\n<meta name=\"twitter:label1\" content=\"Written by\" \/>\n\t<meta name=\"twitter:data1\" content=\"adminconcom\" \/>\n\t<meta name=\"twitter:label2\" content=\"Estimated reading time\" \/>\n\t<meta name=\"twitter:data2\" content=\"3 minutes\" \/>\n<script type=\"application\/ld+json\" class=\"yoast-schema-graph\">{\"@context\":\"https:\\\/\\\/schema.org\",\"@graph\":[{\"@type\":\"Article\",\"@id\":\"https:\\\/\\\/concomitentes.org\\\/conversatorio-la-cultura-se-cuela-en-la-uci-pediatrica\\\/#article\",\"isPartOf\":{\"@id\":\"https:\\\/\\\/concomitentes.org\\\/conversatorio-la-cultura-se-cuela-en-la-uci-pediatrica\\\/\"},\"author\":{\"name\":\"adminconcom\",\"@id\":\"https:\\\/\\\/concomitentes.org\\\/en\\\/#\\\/schema\\\/person\\\/2bc91babfb92c6d60ab52debff35bf0d\"},\"headline\":\"Conversatorio La Cultura se cuela en la UCI Pedi\u00e1trica\",\"datePublished\":\"2021-11-04T00:00:00+00:00\",\"dateModified\":\"2025-07-15T18:51:19+00:00\",\"mainEntityOfPage\":{\"@id\":\"https:\\\/\\\/concomitentes.org\\\/conversatorio-la-cultura-se-cuela-en-la-uci-pediatrica\\\/\"},\"wordCount\":695,\"commentCount\":0,\"image\":{\"@id\":\"https:\\\/\\\/concomitentes.org\\\/conversatorio-la-cultura-se-cuela-en-la-uci-pediatrica\\\/#primaryimage\"},\"thumbnailUrl\":\"https:\\\/\\\/concomitentes.org\\\/wp-content\\\/uploads\\\/2025\\\/06\\\/concomitentes_paraninfo_sabado-1-scaled.jpg\",\"articleSection\":[\"Diario\"],\"inLanguage\":\"en-GB\",\"potentialAction\":[{\"@type\":\"CommentAction\",\"name\":\"Comment\",\"target\":[\"https:\\\/\\\/concomitentes.org\\\/conversatorio-la-cultura-se-cuela-en-la-uci-pediatrica\\\/#respond\"]}]},{\"@type\":\"WebPage\",\"@id\":\"https:\\\/\\\/concomitentes.org\\\/conversatorio-la-cultura-se-cuela-en-la-uci-pediatrica\\\/\",\"url\":\"https:\\\/\\\/concomitentes.org\\\/conversatorio-la-cultura-se-cuela-en-la-uci-pediatrica\\\/\",\"name\":\"Conversatorio La Cultura se cuela en la UCI Pedi\u00e1trica - Concomitentes\",\"isPartOf\":{\"@id\":\"https:\\\/\\\/concomitentes.org\\\/en\\\/#website\"},\"primaryImageOfPage\":{\"@id\":\"https:\\\/\\\/concomitentes.org\\\/conversatorio-la-cultura-se-cuela-en-la-uci-pediatrica\\\/#primaryimage\"},\"image\":{\"@id\":\"https:\\\/\\\/concomitentes.org\\\/conversatorio-la-cultura-se-cuela-en-la-uci-pediatrica\\\/#primaryimage\"},\"thumbnailUrl\":\"https:\\\/\\\/concomitentes.org\\\/wp-content\\\/uploads\\\/2025\\\/06\\\/concomitentes_paraninfo_sabado-1-scaled.jpg\",\"datePublished\":\"2021-11-04T00:00:00+00:00\",\"dateModified\":\"2025-07-15T18:51:19+00:00\",\"author\":{\"@id\":\"https:\\\/\\\/concomitentes.org\\\/en\\\/#\\\/schema\\\/person\\\/2bc91babfb92c6d60ab52debff35bf0d\"},\"breadcrumb\":{\"@id\":\"https:\\\/\\\/concomitentes.org\\\/conversatorio-la-cultura-se-cuela-en-la-uci-pediatrica\\\/#breadcrumb\"},\"inLanguage\":\"en-GB\",\"potentialAction\":[{\"@type\":\"ReadAction\",\"target\":[\"https:\\\/\\\/concomitentes.org\\\/conversatorio-la-cultura-se-cuela-en-la-uci-pediatrica\\\/\"]}]},{\"@type\":\"ImageObject\",\"inLanguage\":\"en-GB\",\"@id\":\"https:\\\/\\\/concomitentes.org\\\/conversatorio-la-cultura-se-cuela-en-la-uci-pediatrica\\\/#primaryimage\",\"url\":\"https:\\\/\\\/concomitentes.org\\\/wp-content\\\/uploads\\\/2025\\\/06\\\/concomitentes_paraninfo_sabado-1-scaled.jpg\",\"contentUrl\":\"https:\\\/\\\/concomitentes.org\\\/wp-content\\\/uploads\\\/2025\\\/06\\\/concomitentes_paraninfo_sabado-1-scaled.jpg\",\"width\":2560,\"height\":1707},{\"@type\":\"BreadcrumbList\",\"@id\":\"https:\\\/\\\/concomitentes.org\\\/conversatorio-la-cultura-se-cuela-en-la-uci-pediatrica\\\/#breadcrumb\",\"itemListElement\":[{\"@type\":\"ListItem\",\"position\":1,\"name\":\"Portada\",\"item\":\"https:\\\/\\\/concomitentes.org\\\/\"},{\"@type\":\"ListItem\",\"position\":2,\"name\":\"Conversatorio La Cultura se cuela en la UCI Pedi\u00e1trica\"}]},{\"@type\":\"WebSite\",\"@id\":\"https:\\\/\\\/concomitentes.org\\\/en\\\/#website\",\"url\":\"https:\\\/\\\/concomitentes.org\\\/en\\\/\",\"name\":\"Concomitentes\",\"description\":\"Concomitentes promueve la creaci\u00f3n de obras de arte y media entre la sociedad civil que las encarga y los\\\/las artistas que las producen.\",\"potentialAction\":[{\"@type\":\"SearchAction\",\"target\":{\"@type\":\"EntryPoint\",\"urlTemplate\":\"https:\\\/\\\/concomitentes.org\\\/en\\\/?s={search_term_string}\"},\"query-input\":{\"@type\":\"PropertyValueSpecification\",\"valueRequired\":true,\"valueName\":\"search_term_string\"}}],\"inLanguage\":\"en-GB\"},{\"@type\":\"Person\",\"@id\":\"https:\\\/\\\/concomitentes.org\\\/en\\\/#\\\/schema\\\/person\\\/2bc91babfb92c6d60ab52debff35bf0d\",\"name\":\"adminconcom\",\"url\":\"https:\\\/\\\/concomitentes.org\\\/en\\\/author\\\/adminconcom\\\/\"}]}<\/script>\n<!-- \/ Yoast SEO plugin. -->","yoast_head_json":{"title":"Culture in the Paediatric ICU - Concomitentes","robots":{"index":"index","follow":"follow","max-snippet":"max-snippet:-1","max-image-preview":"max-image-preview:large","max-video-preview":"max-video-preview:-1"},"canonical":"https:\/\/concomitentes.org\/en\/culture-is-a-part-of-the-paediatric-intensive-care-unit\/","og_locale":"en_GB","og_type":"article","og_title":"Conversatorio La Cultura se cuela en la UCI Pedi\u00e1trica - Concomitentes","og_description":"El pasado 23 de octubre, la concomitancia canaria UCI Pedi\u00e1trica reuni\u00f3 en el Parainfo de la Universidad de La Laguna, a su mediador, Felipe G. Gil, junto a tres de [&hellip;]","og_url":"https:\/\/concomitentes.org\/en\/culture-is-a-part-of-the-paediatric-intensive-care-unit\/","og_site_name":"Concomitentes","article_published_time":"2021-11-04T00:00:00+00:00","article_modified_time":"2025-07-15T18:51:19+00:00","og_image":[{"width":2560,"height":1707,"url":"https:\/\/concomitentes.org\/wp-content\/uploads\/2025\/06\/concomitentes_paraninfo_sabado-1-scaled.jpg","type":"image\/jpeg"}],"author":"adminconcom","twitter_card":"summary_large_image","twitter_misc":{"Written by":"adminconcom","Estimated reading time":"3 minutes"},"schema":{"@context":"https:\/\/schema.org","@graph":[{"@type":"Article","@id":"https:\/\/concomitentes.org\/conversatorio-la-cultura-se-cuela-en-la-uci-pediatrica\/#article","isPartOf":{"@id":"https:\/\/concomitentes.org\/conversatorio-la-cultura-se-cuela-en-la-uci-pediatrica\/"},"author":{"name":"adminconcom","@id":"https:\/\/concomitentes.org\/en\/#\/schema\/person\/2bc91babfb92c6d60ab52debff35bf0d"},"headline":"Conversatorio La Cultura se cuela en la UCI Pedi\u00e1trica","datePublished":"2021-11-04T00:00:00+00:00","dateModified":"2025-07-15T18:51:19+00:00","mainEntityOfPage":{"@id":"https:\/\/concomitentes.org\/conversatorio-la-cultura-se-cuela-en-la-uci-pediatrica\/"},"wordCount":695,"commentCount":0,"image":{"@id":"https:\/\/concomitentes.org\/conversatorio-la-cultura-se-cuela-en-la-uci-pediatrica\/#primaryimage"},"thumbnailUrl":"https:\/\/concomitentes.org\/wp-content\/uploads\/2025\/06\/concomitentes_paraninfo_sabado-1-scaled.jpg","articleSection":["Diario"],"inLanguage":"en-GB","potentialAction":[{"@type":"CommentAction","name":"Comment","target":["https:\/\/concomitentes.org\/conversatorio-la-cultura-se-cuela-en-la-uci-pediatrica\/#respond"]}]},{"@type":"WebPage","@id":"https:\/\/concomitentes.org\/conversatorio-la-cultura-se-cuela-en-la-uci-pediatrica\/","url":"https:\/\/concomitentes.org\/conversatorio-la-cultura-se-cuela-en-la-uci-pediatrica\/","name":"Culture in the Paediatric ICU - Concomitentes","isPartOf":{"@id":"https:\/\/concomitentes.org\/en\/#website"},"primaryImageOfPage":{"@id":"https:\/\/concomitentes.org\/conversatorio-la-cultura-se-cuela-en-la-uci-pediatrica\/#primaryimage"},"image":{"@id":"https:\/\/concomitentes.org\/conversatorio-la-cultura-se-cuela-en-la-uci-pediatrica\/#primaryimage"},"thumbnailUrl":"https:\/\/concomitentes.org\/wp-content\/uploads\/2025\/06\/concomitentes_paraninfo_sabado-1-scaled.jpg","datePublished":"2021-11-04T00:00:00+00:00","dateModified":"2025-07-15T18:51:19+00:00","author":{"@id":"https:\/\/concomitentes.org\/en\/#\/schema\/person\/2bc91babfb92c6d60ab52debff35bf0d"},"breadcrumb":{"@id":"https:\/\/concomitentes.org\/conversatorio-la-cultura-se-cuela-en-la-uci-pediatrica\/#breadcrumb"},"inLanguage":"en-GB","potentialAction":[{"@type":"ReadAction","target":["https:\/\/concomitentes.org\/conversatorio-la-cultura-se-cuela-en-la-uci-pediatrica\/"]}]},{"@type":"ImageObject","inLanguage":"en-GB","@id":"https:\/\/concomitentes.org\/conversatorio-la-cultura-se-cuela-en-la-uci-pediatrica\/#primaryimage","url":"https:\/\/concomitentes.org\/wp-content\/uploads\/2025\/06\/concomitentes_paraninfo_sabado-1-scaled.jpg","contentUrl":"https:\/\/concomitentes.org\/wp-content\/uploads\/2025\/06\/concomitentes_paraninfo_sabado-1-scaled.jpg","width":2560,"height":1707},{"@type":"BreadcrumbList","@id":"https:\/\/concomitentes.org\/conversatorio-la-cultura-se-cuela-en-la-uci-pediatrica\/#breadcrumb","itemListElement":[{"@type":"ListItem","position":1,"name":"Portada","item":"https:\/\/concomitentes.org\/"},{"@type":"ListItem","position":2,"name":"Conversatorio La Cultura se cuela en la UCI Pedi\u00e1trica"}]},{"@type":"WebSite","@id":"https:\/\/concomitentes.org\/en\/#website","url":"https:\/\/concomitentes.org\/en\/","name":"Concomitentes","description":"Concomitentes promotes the creation of works of art and mediates between the civil society that commissions them and the artists who produce them.","potentialAction":[{"@type":"SearchAction","target":{"@type":"EntryPoint","urlTemplate":"https:\/\/concomitentes.org\/en\/?s={search_term_string}"},"query-input":{"@type":"PropertyValueSpecification","valueRequired":true,"valueName":"search_term_string"}}],"inLanguage":"en-GB"},{"@type":"Person","@id":"https:\/\/concomitentes.org\/en\/#\/schema\/person\/2bc91babfb92c6d60ab52debff35bf0d","name":"adminconcom","url":"https:\/\/concomitentes.org\/en\/author\/adminconcom\/"}]}},"_links":{"self":[{"href":"https:\/\/concomitentes.org\/en\/wp-json\/wp\/v2\/posts\/643","targetHints":{"allow":["GET"]}}],"collection":[{"href":"https:\/\/concomitentes.org\/en\/wp-json\/wp\/v2\/posts"}],"about":[{"href":"https:\/\/concomitentes.org\/en\/wp-json\/wp\/v2\/types\/post"}],"author":[{"embeddable":true,"href":"https:\/\/concomitentes.org\/en\/wp-json\/wp\/v2\/users\/1"}],"replies":[{"embeddable":true,"href":"https:\/\/concomitentes.org\/en\/wp-json\/wp\/v2\/comments?post=643"}],"version-history":[{"count":3,"href":"https:\/\/concomitentes.org\/en\/wp-json\/wp\/v2\/posts\/643\/revisions"}],"predecessor-version":[{"id":1920,"href":"https:\/\/concomitentes.org\/en\/wp-json\/wp\/v2\/posts\/643\/revisions\/1920"}],"wp:featuredmedia":[{"embeddable":true,"href":"https:\/\/concomitentes.org\/en\/wp-json\/wp\/v2\/media\/644"}],"wp:attachment":[{"href":"https:\/\/concomitentes.org\/en\/wp-json\/wp\/v2\/media?parent=643"}],"wp:term":[{"taxonomy":"category","embeddable":true,"href":"https:\/\/concomitentes.org\/en\/wp-json\/wp\/v2\/categories?post=643"},{"taxonomy":"post_tag","embeddable":true,"href":"https:\/\/concomitentes.org\/en\/wp-json\/wp\/v2\/tags?post=643"}],"curies":[{"name":"wp","href":"https:\/\/api.w.org\/{rel}","templated":true}]}}