{"id":635,"date":"2021-10-27T00:00:00","date_gmt":"2021-10-27T00:00:00","guid":{"rendered":"http:\/\/concomitentes.vl22350.dinaserver.com\/la-ilustradora-cynthia-hierro-creara-la-identidad-visual-de-la-historia-grafica-para-pacientes-de-la-uci-pediatrica\/"},"modified":"2025-07-15T18:51:18","modified_gmt":"2025-07-15T18:51:18","slug":"illustrator-cynthia-hierro-will-create-the-visual-identity-of-the-graphic-story-for-paediatric-icu-patients","status":"publish","type":"post","link":"https:\/\/concomitentes.org\/en\/la-ilustradora-cynthia-hierro-creara-la-identidad-visual-de-la-historia-grafica-para-pacientes-de-la-uci-pediatrica\/","title":{"rendered":"The artist, Cynthia Hierro, will illustrate the graphic story for patients in the Paediatric ICU."},"content":{"rendered":"<p>A few months ago, we announced that the artist and comedian, <a href=\"https:\/\/concomitentes.org\/en\/diary\/haematocritic-to-create-a-graphic-history-for-paediatric-icu-patients\/?proyecto=uci-pediatrica-tenerife\" rel=\"noopener noreferrer nofollow\">Miguel L\u00f3pez The Hematocritic<\/a>, would be in charge of the creation of the graphic history aimed at children admitted to the Paediatric ICU of the HUNSC in Tenerife, where the project is being developed. <a href=\"https:\/\/concomitentes.org\/en\/concomitances\/uci-paediatrica-tenerife\/\" rel=\"noopener noreferrer nofollow\">Paediatric ICU<\/a>, our Canarian concomitance. Today, we announce that the Canarian artist, <a href=\"https:\/\/concomitentes.org\/en\/concomitances\/uci-paediatrica-tenerife\/\" rel=\"noopener noreferrer nofollow\">Cynthia Hierro<\/a>, will be the artist who will design the visual identity of this story, thus closing a promising creative tandem for the project.<\/p>\n<p>Cynthia, with a long history in the sector, <a href=\"https:\/\/concomitentes.org\/en\/diary\/bringing-art-and-culture-closer-to-people-is-a-way-to-grow-and-help-others\/?proyecto=uci-pediatrica-tenerife\" rel=\"noopener noreferrer nofollow\">What would you highlight about this adventure of joining the Concomitentes family?<\/a>Helping paediatric ICU patients to emotionally manage the situation they are about to face, no doubt. I feel that more and more in our culture there is no room for emotions and even less for negative emotions such as fear, anger or sadness. For me, managing what you feel, naming them, giving them value, is something that has become vital\u201c.<\/p>\n<p>Since the beginning of her collaboration, Cynthia has been working hand in hand with El Hematocr\u00edtico, and has yet to visit the UCI to promote the exchange with the project's members, thus feeding the inspiration for a creative work of which we are sure to see results soon.<\/p>","protected":false},"excerpt":{"rendered":"<p>Hace unos meses, anunci\u00e1bamos que el artista y humorista, Miguel L\u00f3pez El Hematocr\u00edtico, estar\u00eda a cargo de la creaci\u00f3n de la historia gr\u00e1fica dirigida a los ni\u00f1os y ni\u00f1as ingresados [&hellip;]<\/p>\n","protected":false},"author":1,"featured_media":636,"comment_status":"open","ping_status":"open","sticky":false,"template":"","format":"standard","meta":{"_acf_changed":false,"footnotes":""},"categories":[1],"tags":[],"class_list":["post-635","post","type-post","status-publish","format-standard","has-post-thumbnail","hentry","category-diario"],"acf":[],"yoast_head":"<!-- This site is optimized with the Yoast SEO plugin v27.5 - https:\/\/yoast.com\/product\/yoast-seo-wordpress\/ -->\n<title>La artista, Cynthia Hierro, ilustrar\u00e1 la historia gr\u00e1fica para pacientes de la UCI Pedi\u00e1trica - Concomitentes<\/title>\n<meta name=\"robots\" content=\"index, follow, max-snippet:-1, max-image-preview:large, max-video-preview:-1\" \/>\n<link rel=\"canonical\" href=\"https:\/\/concomitentes.org\/en\/illustrator-cynthia-hierro-will-create-the-visual-identity-of-the-graphic-story-for-paediatric-icu-patients\/\" \/>\n<meta property=\"og:locale\" content=\"en_GB\" \/>\n<meta property=\"og:type\" content=\"article\" \/>\n<meta property=\"og:title\" content=\"La artista, Cynthia Hierro, ilustrar\u00e1 la historia gr\u00e1fica para pacientes de la UCI Pedi\u00e1trica - Concomitentes\" \/>\n<meta property=\"og:description\" content=\"Hace unos meses, anunci\u00e1bamos que el artista y humorista, Miguel L\u00f3pez El Hematocr\u00edtico, estar\u00eda a cargo de la creaci\u00f3n de la historia gr\u00e1fica dirigida a los ni\u00f1os y ni\u00f1as ingresados [&hellip;]\" \/>\n<meta property=\"og:url\" content=\"https:\/\/concomitentes.org\/en\/illustrator-cynthia-hierro-will-create-the-visual-identity-of-the-graphic-story-for-paediatric-icu-patients\/\" \/>\n<meta property=\"og:site_name\" content=\"Concomitentes\" \/>\n<meta property=\"article:published_time\" content=\"2021-10-27T00:00:00+00:00\" \/>\n<meta property=\"article:modified_time\" content=\"2025-07-15T18:51:18+00:00\" \/>\n<meta property=\"og:image\" content=\"https:\/\/concomitentes.org\/wp-content\/uploads\/2025\/06\/1mimao-1024x1024.png\" \/>\n\t<meta property=\"og:image:width\" content=\"1024\" \/>\n\t<meta property=\"og:image:height\" content=\"1024\" \/>\n\t<meta property=\"og:image:type\" content=\"image\/png\" \/>\n<meta name=\"author\" content=\"adminconcom\" \/>\n<meta name=\"twitter:card\" content=\"summary_large_image\" \/>\n<meta name=\"twitter:label1\" content=\"Written by\" \/>\n\t<meta name=\"twitter:data1\" content=\"adminconcom\" \/>\n\t<meta name=\"twitter:label2\" content=\"Estimated reading time\" \/>\n\t<meta name=\"twitter:data2\" content=\"1 minute\" \/>\n<script type=\"application\/ld+json\" class=\"yoast-schema-graph\">{\"@context\":\"https:\\\/\\\/schema.org\",\"@graph\":[{\"@type\":\"Article\",\"@id\":\"https:\\\/\\\/concomitentes.org\\\/la-ilustradora-cynthia-hierro-creara-la-identidad-visual-de-la-historia-grafica-para-pacientes-de-la-uci-pediatrica\\\/#article\",\"isPartOf\":{\"@id\":\"https:\\\/\\\/concomitentes.org\\\/la-ilustradora-cynthia-hierro-creara-la-identidad-visual-de-la-historia-grafica-para-pacientes-de-la-uci-pediatrica\\\/\"},\"author\":{\"name\":\"adminconcom\",\"@id\":\"https:\\\/\\\/concomitentes.org\\\/en\\\/#\\\/schema\\\/person\\\/2bc91babfb92c6d60ab52debff35bf0d\"},\"headline\":\"La artista, Cynthia Hierro, ilustrar\u00e1 la historia gr\u00e1fica para pacientes de la UCI Pedi\u00e1trica\",\"datePublished\":\"2021-10-27T00:00:00+00:00\",\"dateModified\":\"2025-07-15T18:51:18+00:00\",\"mainEntityOfPage\":{\"@id\":\"https:\\\/\\\/concomitentes.org\\\/la-ilustradora-cynthia-hierro-creara-la-identidad-visual-de-la-historia-grafica-para-pacientes-de-la-uci-pediatrica\\\/\"},\"wordCount\":259,\"commentCount\":0,\"image\":{\"@id\":\"https:\\\/\\\/concomitentes.org\\\/la-ilustradora-cynthia-hierro-creara-la-identidad-visual-de-la-historia-grafica-para-pacientes-de-la-uci-pediatrica\\\/#primaryimage\"},\"thumbnailUrl\":\"https:\\\/\\\/concomitentes.org\\\/wp-content\\\/uploads\\\/2025\\\/06\\\/1mimao.png\",\"articleSection\":[\"Diario\"],\"inLanguage\":\"en-GB\",\"potentialAction\":[{\"@type\":\"CommentAction\",\"name\":\"Comment\",\"target\":[\"https:\\\/\\\/concomitentes.org\\\/la-ilustradora-cynthia-hierro-creara-la-identidad-visual-de-la-historia-grafica-para-pacientes-de-la-uci-pediatrica\\\/#respond\"]}]},{\"@type\":\"WebPage\",\"@id\":\"https:\\\/\\\/concomitentes.org\\\/la-ilustradora-cynthia-hierro-creara-la-identidad-visual-de-la-historia-grafica-para-pacientes-de-la-uci-pediatrica\\\/\",\"url\":\"https:\\\/\\\/concomitentes.org\\\/la-ilustradora-cynthia-hierro-creara-la-identidad-visual-de-la-historia-grafica-para-pacientes-de-la-uci-pediatrica\\\/\",\"name\":\"La artista, Cynthia Hierro, ilustrar\u00e1 la historia gr\u00e1fica para pacientes de la UCI Pedi\u00e1trica - Concomitentes\",\"isPartOf\":{\"@id\":\"https:\\\/\\\/concomitentes.org\\\/en\\\/#website\"},\"primaryImageOfPage\":{\"@id\":\"https:\\\/\\\/concomitentes.org\\\/la-ilustradora-cynthia-hierro-creara-la-identidad-visual-de-la-historia-grafica-para-pacientes-de-la-uci-pediatrica\\\/#primaryimage\"},\"image\":{\"@id\":\"https:\\\/\\\/concomitentes.org\\\/la-ilustradora-cynthia-hierro-creara-la-identidad-visual-de-la-historia-grafica-para-pacientes-de-la-uci-pediatrica\\\/#primaryimage\"},\"thumbnailUrl\":\"https:\\\/\\\/concomitentes.org\\\/wp-content\\\/uploads\\\/2025\\\/06\\\/1mimao.png\",\"datePublished\":\"2021-10-27T00:00:00+00:00\",\"dateModified\":\"2025-07-15T18:51:18+00:00\",\"author\":{\"@id\":\"https:\\\/\\\/concomitentes.org\\\/en\\\/#\\\/schema\\\/person\\\/2bc91babfb92c6d60ab52debff35bf0d\"},\"breadcrumb\":{\"@id\":\"https:\\\/\\\/concomitentes.org\\\/la-ilustradora-cynthia-hierro-creara-la-identidad-visual-de-la-historia-grafica-para-pacientes-de-la-uci-pediatrica\\\/#breadcrumb\"},\"inLanguage\":\"en-GB\",\"potentialAction\":[{\"@type\":\"ReadAction\",\"target\":[\"https:\\\/\\\/concomitentes.org\\\/la-ilustradora-cynthia-hierro-creara-la-identidad-visual-de-la-historia-grafica-para-pacientes-de-la-uci-pediatrica\\\/\"]}]},{\"@type\":\"ImageObject\",\"inLanguage\":\"en-GB\",\"@id\":\"https:\\\/\\\/concomitentes.org\\\/la-ilustradora-cynthia-hierro-creara-la-identidad-visual-de-la-historia-grafica-para-pacientes-de-la-uci-pediatrica\\\/#primaryimage\",\"url\":\"https:\\\/\\\/concomitentes.org\\\/wp-content\\\/uploads\\\/2025\\\/06\\\/1mimao.png\",\"contentUrl\":\"https:\\\/\\\/concomitentes.org\\\/wp-content\\\/uploads\\\/2025\\\/06\\\/1mimao.png\",\"width\":2048,\"height\":2048},{\"@type\":\"BreadcrumbList\",\"@id\":\"https:\\\/\\\/concomitentes.org\\\/la-ilustradora-cynthia-hierro-creara-la-identidad-visual-de-la-historia-grafica-para-pacientes-de-la-uci-pediatrica\\\/#breadcrumb\",\"itemListElement\":[{\"@type\":\"ListItem\",\"position\":1,\"name\":\"Portada\",\"item\":\"https:\\\/\\\/concomitentes.org\\\/\"},{\"@type\":\"ListItem\",\"position\":2,\"name\":\"La artista, Cynthia Hierro, ilustrar\u00e1 la historia gr\u00e1fica para pacientes de la UCI Pedi\u00e1trica\"}]},{\"@type\":\"WebSite\",\"@id\":\"https:\\\/\\\/concomitentes.org\\\/en\\\/#website\",\"url\":\"https:\\\/\\\/concomitentes.org\\\/en\\\/\",\"name\":\"Concomitentes\",\"description\":\"Concomitentes promueve la creaci\u00f3n de obras de arte y media entre la sociedad civil que las encarga y los\\\/las artistas que las producen.\",\"potentialAction\":[{\"@type\":\"SearchAction\",\"target\":{\"@type\":\"EntryPoint\",\"urlTemplate\":\"https:\\\/\\\/concomitentes.org\\\/en\\\/?s={search_term_string}\"},\"query-input\":{\"@type\":\"PropertyValueSpecification\",\"valueRequired\":true,\"valueName\":\"search_term_string\"}}],\"inLanguage\":\"en-GB\"},{\"@type\":\"Person\",\"@id\":\"https:\\\/\\\/concomitentes.org\\\/en\\\/#\\\/schema\\\/person\\\/2bc91babfb92c6d60ab52debff35bf0d\",\"name\":\"adminconcom\",\"url\":\"https:\\\/\\\/concomitentes.org\\\/en\\\/author\\\/adminconcom\\\/\"}]}<\/script>\n<!-- \/ Yoast SEO plugin. -->","yoast_head_json":{"title":"The artist, Cynthia Hierro, will illustrate the graphic story for patients in the Paediatric ICU - Concomitentes","robots":{"index":"index","follow":"follow","max-snippet":"max-snippet:-1","max-image-preview":"max-image-preview:large","max-video-preview":"max-video-preview:-1"},"canonical":"https:\/\/concomitentes.org\/en\/illustrator-cynthia-hierro-will-create-the-visual-identity-of-the-graphic-story-for-paediatric-icu-patients\/","og_locale":"en_GB","og_type":"article","og_title":"La artista, Cynthia Hierro, ilustrar\u00e1 la historia gr\u00e1fica para pacientes de la UCI Pedi\u00e1trica - Concomitentes","og_description":"Hace unos meses, anunci\u00e1bamos que el artista y humorista, Miguel L\u00f3pez El Hematocr\u00edtico, estar\u00eda a cargo de la creaci\u00f3n de la historia gr\u00e1fica dirigida a los ni\u00f1os y ni\u00f1as ingresados [&hellip;]","og_url":"https:\/\/concomitentes.org\/en\/illustrator-cynthia-hierro-will-create-the-visual-identity-of-the-graphic-story-for-paediatric-icu-patients\/","og_site_name":"Concomitentes","article_published_time":"2021-10-27T00:00:00+00:00","article_modified_time":"2025-07-15T18:51:18+00:00","og_image":[{"width":1024,"height":1024,"url":"https:\/\/concomitentes.org\/wp-content\/uploads\/2025\/06\/1mimao-1024x1024.png","type":"image\/png"}],"author":"adminconcom","twitter_card":"summary_large_image","twitter_misc":{"Written by":"adminconcom","Estimated reading time":"1 minute"},"schema":{"@context":"https:\/\/schema.org","@graph":[{"@type":"Article","@id":"https:\/\/concomitentes.org\/la-ilustradora-cynthia-hierro-creara-la-identidad-visual-de-la-historia-grafica-para-pacientes-de-la-uci-pediatrica\/#article","isPartOf":{"@id":"https:\/\/concomitentes.org\/la-ilustradora-cynthia-hierro-creara-la-identidad-visual-de-la-historia-grafica-para-pacientes-de-la-uci-pediatrica\/"},"author":{"name":"adminconcom","@id":"https:\/\/concomitentes.org\/en\/#\/schema\/person\/2bc91babfb92c6d60ab52debff35bf0d"},"headline":"La artista, Cynthia Hierro, ilustrar\u00e1 la historia gr\u00e1fica para pacientes de la UCI Pedi\u00e1trica","datePublished":"2021-10-27T00:00:00+00:00","dateModified":"2025-07-15T18:51:18+00:00","mainEntityOfPage":{"@id":"https:\/\/concomitentes.org\/la-ilustradora-cynthia-hierro-creara-la-identidad-visual-de-la-historia-grafica-para-pacientes-de-la-uci-pediatrica\/"},"wordCount":259,"commentCount":0,"image":{"@id":"https:\/\/concomitentes.org\/la-ilustradora-cynthia-hierro-creara-la-identidad-visual-de-la-historia-grafica-para-pacientes-de-la-uci-pediatrica\/#primaryimage"},"thumbnailUrl":"https:\/\/concomitentes.org\/wp-content\/uploads\/2025\/06\/1mimao.png","articleSection":["Diario"],"inLanguage":"en-GB","potentialAction":[{"@type":"CommentAction","name":"Comment","target":["https:\/\/concomitentes.org\/la-ilustradora-cynthia-hierro-creara-la-identidad-visual-de-la-historia-grafica-para-pacientes-de-la-uci-pediatrica\/#respond"]}]},{"@type":"WebPage","@id":"https:\/\/concomitentes.org\/la-ilustradora-cynthia-hierro-creara-la-identidad-visual-de-la-historia-grafica-para-pacientes-de-la-uci-pediatrica\/","url":"https:\/\/concomitentes.org\/la-ilustradora-cynthia-hierro-creara-la-identidad-visual-de-la-historia-grafica-para-pacientes-de-la-uci-pediatrica\/","name":"The artist, Cynthia Hierro, will illustrate the graphic story for patients in the Paediatric ICU - Concomitentes","isPartOf":{"@id":"https:\/\/concomitentes.org\/en\/#website"},"primaryImageOfPage":{"@id":"https:\/\/concomitentes.org\/la-ilustradora-cynthia-hierro-creara-la-identidad-visual-de-la-historia-grafica-para-pacientes-de-la-uci-pediatrica\/#primaryimage"},"image":{"@id":"https:\/\/concomitentes.org\/la-ilustradora-cynthia-hierro-creara-la-identidad-visual-de-la-historia-grafica-para-pacientes-de-la-uci-pediatrica\/#primaryimage"},"thumbnailUrl":"https:\/\/concomitentes.org\/wp-content\/uploads\/2025\/06\/1mimao.png","datePublished":"2021-10-27T00:00:00+00:00","dateModified":"2025-07-15T18:51:18+00:00","author":{"@id":"https:\/\/concomitentes.org\/en\/#\/schema\/person\/2bc91babfb92c6d60ab52debff35bf0d"},"breadcrumb":{"@id":"https:\/\/concomitentes.org\/la-ilustradora-cynthia-hierro-creara-la-identidad-visual-de-la-historia-grafica-para-pacientes-de-la-uci-pediatrica\/#breadcrumb"},"inLanguage":"en-GB","potentialAction":[{"@type":"ReadAction","target":["https:\/\/concomitentes.org\/la-ilustradora-cynthia-hierro-creara-la-identidad-visual-de-la-historia-grafica-para-pacientes-de-la-uci-pediatrica\/"]}]},{"@type":"ImageObject","inLanguage":"en-GB","@id":"https:\/\/concomitentes.org\/la-ilustradora-cynthia-hierro-creara-la-identidad-visual-de-la-historia-grafica-para-pacientes-de-la-uci-pediatrica\/#primaryimage","url":"https:\/\/concomitentes.org\/wp-content\/uploads\/2025\/06\/1mimao.png","contentUrl":"https:\/\/concomitentes.org\/wp-content\/uploads\/2025\/06\/1mimao.png","width":2048,"height":2048},{"@type":"BreadcrumbList","@id":"https:\/\/concomitentes.org\/la-ilustradora-cynthia-hierro-creara-la-identidad-visual-de-la-historia-grafica-para-pacientes-de-la-uci-pediatrica\/#breadcrumb","itemListElement":[{"@type":"ListItem","position":1,"name":"Portada","item":"https:\/\/concomitentes.org\/"},{"@type":"ListItem","position":2,"name":"La artista, Cynthia Hierro, ilustrar\u00e1 la historia gr\u00e1fica para pacientes de la UCI Pedi\u00e1trica"}]},{"@type":"WebSite","@id":"https:\/\/concomitentes.org\/en\/#website","url":"https:\/\/concomitentes.org\/en\/","name":"Concomitentes","description":"Concomitentes promotes the creation of works of art and mediates between the civil society that commissions them and the artists who produce them.","potentialAction":[{"@type":"SearchAction","target":{"@type":"EntryPoint","urlTemplate":"https:\/\/concomitentes.org\/en\/?s={search_term_string}"},"query-input":{"@type":"PropertyValueSpecification","valueRequired":true,"valueName":"search_term_string"}}],"inLanguage":"en-GB"},{"@type":"Person","@id":"https:\/\/concomitentes.org\/en\/#\/schema\/person\/2bc91babfb92c6d60ab52debff35bf0d","name":"adminconcom","url":"https:\/\/concomitentes.org\/en\/author\/adminconcom\/"}]}},"_links":{"self":[{"href":"https:\/\/concomitentes.org\/en\/wp-json\/wp\/v2\/posts\/635","targetHints":{"allow":["GET"]}}],"collection":[{"href":"https:\/\/concomitentes.org\/en\/wp-json\/wp\/v2\/posts"}],"about":[{"href":"https:\/\/concomitentes.org\/en\/wp-json\/wp\/v2\/types\/post"}],"author":[{"embeddable":true,"href":"https:\/\/concomitentes.org\/en\/wp-json\/wp\/v2\/users\/1"}],"replies":[{"embeddable":true,"href":"https:\/\/concomitentes.org\/en\/wp-json\/wp\/v2\/comments?post=635"}],"version-history":[{"count":2,"href":"https:\/\/concomitentes.org\/en\/wp-json\/wp\/v2\/posts\/635\/revisions"}],"predecessor-version":[{"id":1907,"href":"https:\/\/concomitentes.org\/en\/wp-json\/wp\/v2\/posts\/635\/revisions\/1907"}],"wp:featuredmedia":[{"embeddable":true,"href":"https:\/\/concomitentes.org\/en\/wp-json\/wp\/v2\/media\/636"}],"wp:attachment":[{"href":"https:\/\/concomitentes.org\/en\/wp-json\/wp\/v2\/media?parent=635"}],"wp:term":[{"taxonomy":"category","embeddable":true,"href":"https:\/\/concomitentes.org\/en\/wp-json\/wp\/v2\/categories?post=635"},{"taxonomy":"post_tag","embeddable":true,"href":"https:\/\/concomitentes.org\/en\/wp-json\/wp\/v2\/tags?post=635"}],"curies":[{"name":"wp","href":"https:\/\/api.w.org\/{rel}","templated":true}]}}