{"id":572,"date":"2021-07-01T00:00:00","date_gmt":"2021-07-01T00:00:00","guid":{"rendered":"http:\/\/concomitentes.vl22350.dinaserver.com\/el-hematocritico-creara-una-historia-grafica-para-pacientes-de-la-uci-pediatrica\/"},"modified":"2025-07-15T18:51:17","modified_gmt":"2025-07-15T18:51:17","slug":"haematocritic-to-create-a-graphic-history-for-paediatric-icu-patients","status":"publish","type":"post","link":"https:\/\/concomitentes.org\/en\/el-hematocritico-creara-una-historia-grafica-para-pacientes-de-la-uci-pediatrica\/","title":{"rendered":"The Haematocritic will create a graphic history for Paediatric ICU patients"},"content":{"rendered":"<p>The Galician author, Miguel L\u00f3pez, better known as <a href=\"https:\/\/concomitentes.org\/en\/protagonists\/the-haematocritic\/?proyecto=uci-pediatrica-tenerife\" rel=\"noopener noreferrer nofollow\">The Hematocritic<\/a>, is the second artist selected for our concomitance in Tenerife, and he will be <strong>in charge of the creation of a graphic history for children admitted to the Paediatric ICU. <\/strong>of the Hospital Universitario Nuestra Se\u00f1ora de la Candelaria, where the project is being developed.<\/p>\n<p>Our Canary Islands partnership identified in its research and reflection process of more than three years of trajectory, the <strong>the need for a physical object of a narrative nature that could help nurses to manage the emotions and feelings of hospitalised children<\/strong>. This work is conceived as an attractive cultural and artistic product, worth consuming, and one that inspires children in their transition through the experience of hospitalisation.<\/p>\n<p>Last May, the artist met with the team of commissioners in Tenerife, laying the foundations for this commission in order to start with the ideation and artistic production of this story. This second work is in addition to the podcast by the journalist <a href=\"https:\/\/concomitentes.org\/en\/diary\/elena-cabrera-podcast-paediatric-icu\/?proyecto=uci-pediatrica-tenerife\" rel=\"noopener noreferrer nofollow\">Elena Cabrera<\/a>, announced a few weeks ago, which aims to uncover the \u201cblack box\u201d that surrounds the ICU.<\/p>\n<p>A second creative process is starting for UCI Paediatrics, and we will be telling you about its details and progress.<\/p>\n<p><strong>Check out the gallery of the first working meeting of El Hamatocr\u00edtico with the group of commissioners (<a href=\"https:\/\/www.flickr.com\/photos\/186832731@N03\/albums\/72157719389514493\" rel=\"noopener noreferrer nofollow\">here<\/a>).<\/strong><\/p>","protected":false},"excerpt":{"rendered":"<p>El autor gallego, Miguel L\u00f3pez, m\u00e1s conocido como El Hematocr\u00edtico, es el segundo artista seleccionado para nuestra concomitancia de Tenerife, y estar\u00e1 a cargo de la creaci\u00f3n de una historia [&hellip;]<\/p>\n","protected":false},"author":1,"featured_media":573,"comment_status":"open","ping_status":"open","sticky":false,"template":"","format":"standard","meta":{"_acf_changed":false,"footnotes":""},"categories":[1],"tags":[],"class_list":["post-572","post","type-post","status-publish","format-standard","has-post-thumbnail","hentry","category-diario"],"acf":[],"yoast_head":"<!-- This site is optimized with the Yoast SEO plugin v27.5 - https:\/\/yoast.com\/product\/yoast-seo-wordpress\/ -->\n<title>El Hematocr\u00edtico crear\u00e1 una historia gr\u00e1fica para pacientes de la UCI Pedi\u00e1trica - Concomitentes<\/title>\n<meta name=\"robots\" content=\"index, follow, max-snippet:-1, max-image-preview:large, max-video-preview:-1\" \/>\n<link rel=\"canonical\" href=\"https:\/\/concomitentes.org\/en\/haematocritic-to-create-a-graphic-history-for-paediatric-icu-patients\/\" \/>\n<meta property=\"og:locale\" content=\"en_GB\" \/>\n<meta property=\"og:type\" content=\"article\" \/>\n<meta property=\"og:title\" content=\"El Hematocr\u00edtico crear\u00e1 una historia gr\u00e1fica para pacientes de la UCI Pedi\u00e1trica - Concomitentes\" \/>\n<meta property=\"og:description\" content=\"El autor gallego, Miguel L\u00f3pez, m\u00e1s conocido como El Hematocr\u00edtico, es el segundo artista seleccionado para nuestra concomitancia de Tenerife, y estar\u00e1 a cargo de la creaci\u00f3n de una historia [&hellip;]\" \/>\n<meta property=\"og:url\" content=\"https:\/\/concomitentes.org\/en\/haematocritic-to-create-a-graphic-history-for-paediatric-icu-patients\/\" \/>\n<meta property=\"og:site_name\" content=\"Concomitentes\" \/>\n<meta property=\"article:published_time\" content=\"2021-07-01T00:00:00+00:00\" \/>\n<meta property=\"article:modified_time\" content=\"2025-07-15T18:51:17+00:00\" \/>\n<meta property=\"og:image\" content=\"https:\/\/concomitentes.org\/wp-content\/uploads\/2025\/06\/concomitentes_rocioeslava01-1.jpg\" \/>\n\t<meta property=\"og:image:width\" content=\"1900\" \/>\n\t<meta property=\"og:image:height\" content=\"1267\" \/>\n\t<meta property=\"og:image:type\" content=\"image\/jpeg\" \/>\n<meta name=\"author\" content=\"adminconcom\" \/>\n<meta name=\"twitter:card\" content=\"summary_large_image\" \/>\n<meta name=\"twitter:label1\" content=\"Written by\" \/>\n\t<meta name=\"twitter:data1\" content=\"adminconcom\" \/>\n\t<meta name=\"twitter:label2\" content=\"Estimated reading time\" \/>\n\t<meta name=\"twitter:data2\" content=\"1 minute\" \/>\n<script type=\"application\/ld+json\" class=\"yoast-schema-graph\">{\"@context\":\"https:\\\/\\\/schema.org\",\"@graph\":[{\"@type\":\"Article\",\"@id\":\"https:\\\/\\\/concomitentes.org\\\/el-hematocritico-creara-una-historia-grafica-para-pacientes-de-la-uci-pediatrica\\\/#article\",\"isPartOf\":{\"@id\":\"https:\\\/\\\/concomitentes.org\\\/el-hematocritico-creara-una-historia-grafica-para-pacientes-de-la-uci-pediatrica\\\/\"},\"author\":{\"name\":\"adminconcom\",\"@id\":\"https:\\\/\\\/concomitentes.org\\\/en\\\/#\\\/schema\\\/person\\\/2bc91babfb92c6d60ab52debff35bf0d\"},\"headline\":\"El Hematocr\u00edtico crear\u00e1 una historia gr\u00e1fica para pacientes de la UCI Pedi\u00e1trica\",\"datePublished\":\"2021-07-01T00:00:00+00:00\",\"dateModified\":\"2025-07-15T18:51:17+00:00\",\"mainEntityOfPage\":{\"@id\":\"https:\\\/\\\/concomitentes.org\\\/el-hematocritico-creara-una-historia-grafica-para-pacientes-de-la-uci-pediatrica\\\/\"},\"wordCount\":277,\"commentCount\":0,\"image\":{\"@id\":\"https:\\\/\\\/concomitentes.org\\\/el-hematocritico-creara-una-historia-grafica-para-pacientes-de-la-uci-pediatrica\\\/#primaryimage\"},\"thumbnailUrl\":\"https:\\\/\\\/concomitentes.org\\\/wp-content\\\/uploads\\\/2025\\\/06\\\/concomitentes_rocioeslava01-1.jpg\",\"articleSection\":[\"Diario\"],\"inLanguage\":\"en-GB\",\"potentialAction\":[{\"@type\":\"CommentAction\",\"name\":\"Comment\",\"target\":[\"https:\\\/\\\/concomitentes.org\\\/el-hematocritico-creara-una-historia-grafica-para-pacientes-de-la-uci-pediatrica\\\/#respond\"]}]},{\"@type\":\"WebPage\",\"@id\":\"https:\\\/\\\/concomitentes.org\\\/el-hematocritico-creara-una-historia-grafica-para-pacientes-de-la-uci-pediatrica\\\/\",\"url\":\"https:\\\/\\\/concomitentes.org\\\/el-hematocritico-creara-una-historia-grafica-para-pacientes-de-la-uci-pediatrica\\\/\",\"name\":\"El Hematocr\u00edtico crear\u00e1 una historia gr\u00e1fica para pacientes de la UCI Pedi\u00e1trica - Concomitentes\",\"isPartOf\":{\"@id\":\"https:\\\/\\\/concomitentes.org\\\/en\\\/#website\"},\"primaryImageOfPage\":{\"@id\":\"https:\\\/\\\/concomitentes.org\\\/el-hematocritico-creara-una-historia-grafica-para-pacientes-de-la-uci-pediatrica\\\/#primaryimage\"},\"image\":{\"@id\":\"https:\\\/\\\/concomitentes.org\\\/el-hematocritico-creara-una-historia-grafica-para-pacientes-de-la-uci-pediatrica\\\/#primaryimage\"},\"thumbnailUrl\":\"https:\\\/\\\/concomitentes.org\\\/wp-content\\\/uploads\\\/2025\\\/06\\\/concomitentes_rocioeslava01-1.jpg\",\"datePublished\":\"2021-07-01T00:00:00+00:00\",\"dateModified\":\"2025-07-15T18:51:17+00:00\",\"author\":{\"@id\":\"https:\\\/\\\/concomitentes.org\\\/en\\\/#\\\/schema\\\/person\\\/2bc91babfb92c6d60ab52debff35bf0d\"},\"breadcrumb\":{\"@id\":\"https:\\\/\\\/concomitentes.org\\\/el-hematocritico-creara-una-historia-grafica-para-pacientes-de-la-uci-pediatrica\\\/#breadcrumb\"},\"inLanguage\":\"en-GB\",\"potentialAction\":[{\"@type\":\"ReadAction\",\"target\":[\"https:\\\/\\\/concomitentes.org\\\/el-hematocritico-creara-una-historia-grafica-para-pacientes-de-la-uci-pediatrica\\\/\"]}]},{\"@type\":\"ImageObject\",\"inLanguage\":\"en-GB\",\"@id\":\"https:\\\/\\\/concomitentes.org\\\/el-hematocritico-creara-una-historia-grafica-para-pacientes-de-la-uci-pediatrica\\\/#primaryimage\",\"url\":\"https:\\\/\\\/concomitentes.org\\\/wp-content\\\/uploads\\\/2025\\\/06\\\/concomitentes_rocioeslava01-1.jpg\",\"contentUrl\":\"https:\\\/\\\/concomitentes.org\\\/wp-content\\\/uploads\\\/2025\\\/06\\\/concomitentes_rocioeslava01-1.jpg\",\"width\":1900,\"height\":1267},{\"@type\":\"BreadcrumbList\",\"@id\":\"https:\\\/\\\/concomitentes.org\\\/el-hematocritico-creara-una-historia-grafica-para-pacientes-de-la-uci-pediatrica\\\/#breadcrumb\",\"itemListElement\":[{\"@type\":\"ListItem\",\"position\":1,\"name\":\"Portada\",\"item\":\"https:\\\/\\\/concomitentes.org\\\/\"},{\"@type\":\"ListItem\",\"position\":2,\"name\":\"El Hematocr\u00edtico crear\u00e1 una historia gr\u00e1fica para pacientes de la UCI Pedi\u00e1trica\"}]},{\"@type\":\"WebSite\",\"@id\":\"https:\\\/\\\/concomitentes.org\\\/en\\\/#website\",\"url\":\"https:\\\/\\\/concomitentes.org\\\/en\\\/\",\"name\":\"Concomitentes\",\"description\":\"Concomitentes promueve la creaci\u00f3n de obras de arte y media entre la sociedad civil que las encarga y los\\\/las artistas que las producen.\",\"potentialAction\":[{\"@type\":\"SearchAction\",\"target\":{\"@type\":\"EntryPoint\",\"urlTemplate\":\"https:\\\/\\\/concomitentes.org\\\/en\\\/?s={search_term_string}\"},\"query-input\":{\"@type\":\"PropertyValueSpecification\",\"valueRequired\":true,\"valueName\":\"search_term_string\"}}],\"inLanguage\":\"en-GB\"},{\"@type\":\"Person\",\"@id\":\"https:\\\/\\\/concomitentes.org\\\/en\\\/#\\\/schema\\\/person\\\/2bc91babfb92c6d60ab52debff35bf0d\",\"name\":\"adminconcom\",\"url\":\"https:\\\/\\\/concomitentes.org\\\/en\\\/author\\\/adminconcom\\\/\"}]}<\/script>\n<!-- \/ Yoast SEO plugin. -->","yoast_head_json":{"title":"The Haematocritic will create a graphic history for Paediatric ICU patients - Concomitant","robots":{"index":"index","follow":"follow","max-snippet":"max-snippet:-1","max-image-preview":"max-image-preview:large","max-video-preview":"max-video-preview:-1"},"canonical":"https:\/\/concomitentes.org\/en\/haematocritic-to-create-a-graphic-history-for-paediatric-icu-patients\/","og_locale":"en_GB","og_type":"article","og_title":"El Hematocr\u00edtico crear\u00e1 una historia gr\u00e1fica para pacientes de la UCI Pedi\u00e1trica - Concomitentes","og_description":"El autor gallego, Miguel L\u00f3pez, m\u00e1s conocido como El Hematocr\u00edtico, es el segundo artista seleccionado para nuestra concomitancia de Tenerife, y estar\u00e1 a cargo de la creaci\u00f3n de una historia [&hellip;]","og_url":"https:\/\/concomitentes.org\/en\/haematocritic-to-create-a-graphic-history-for-paediatric-icu-patients\/","og_site_name":"Concomitentes","article_published_time":"2021-07-01T00:00:00+00:00","article_modified_time":"2025-07-15T18:51:17+00:00","og_image":[{"width":1900,"height":1267,"url":"https:\/\/concomitentes.org\/wp-content\/uploads\/2025\/06\/concomitentes_rocioeslava01-1.jpg","type":"image\/jpeg"}],"author":"adminconcom","twitter_card":"summary_large_image","twitter_misc":{"Written by":"adminconcom","Estimated reading time":"1 minute"},"schema":{"@context":"https:\/\/schema.org","@graph":[{"@type":"Article","@id":"https:\/\/concomitentes.org\/el-hematocritico-creara-una-historia-grafica-para-pacientes-de-la-uci-pediatrica\/#article","isPartOf":{"@id":"https:\/\/concomitentes.org\/el-hematocritico-creara-una-historia-grafica-para-pacientes-de-la-uci-pediatrica\/"},"author":{"name":"adminconcom","@id":"https:\/\/concomitentes.org\/en\/#\/schema\/person\/2bc91babfb92c6d60ab52debff35bf0d"},"headline":"El Hematocr\u00edtico crear\u00e1 una historia gr\u00e1fica para pacientes de la UCI Pedi\u00e1trica","datePublished":"2021-07-01T00:00:00+00:00","dateModified":"2025-07-15T18:51:17+00:00","mainEntityOfPage":{"@id":"https:\/\/concomitentes.org\/el-hematocritico-creara-una-historia-grafica-para-pacientes-de-la-uci-pediatrica\/"},"wordCount":277,"commentCount":0,"image":{"@id":"https:\/\/concomitentes.org\/el-hematocritico-creara-una-historia-grafica-para-pacientes-de-la-uci-pediatrica\/#primaryimage"},"thumbnailUrl":"https:\/\/concomitentes.org\/wp-content\/uploads\/2025\/06\/concomitentes_rocioeslava01-1.jpg","articleSection":["Diario"],"inLanguage":"en-GB","potentialAction":[{"@type":"CommentAction","name":"Comment","target":["https:\/\/concomitentes.org\/el-hematocritico-creara-una-historia-grafica-para-pacientes-de-la-uci-pediatrica\/#respond"]}]},{"@type":"WebPage","@id":"https:\/\/concomitentes.org\/el-hematocritico-creara-una-historia-grafica-para-pacientes-de-la-uci-pediatrica\/","url":"https:\/\/concomitentes.org\/el-hematocritico-creara-una-historia-grafica-para-pacientes-de-la-uci-pediatrica\/","name":"The Haematocritic will create a graphic history for Paediatric ICU patients - Concomitant","isPartOf":{"@id":"https:\/\/concomitentes.org\/en\/#website"},"primaryImageOfPage":{"@id":"https:\/\/concomitentes.org\/el-hematocritico-creara-una-historia-grafica-para-pacientes-de-la-uci-pediatrica\/#primaryimage"},"image":{"@id":"https:\/\/concomitentes.org\/el-hematocritico-creara-una-historia-grafica-para-pacientes-de-la-uci-pediatrica\/#primaryimage"},"thumbnailUrl":"https:\/\/concomitentes.org\/wp-content\/uploads\/2025\/06\/concomitentes_rocioeslava01-1.jpg","datePublished":"2021-07-01T00:00:00+00:00","dateModified":"2025-07-15T18:51:17+00:00","author":{"@id":"https:\/\/concomitentes.org\/en\/#\/schema\/person\/2bc91babfb92c6d60ab52debff35bf0d"},"breadcrumb":{"@id":"https:\/\/concomitentes.org\/el-hematocritico-creara-una-historia-grafica-para-pacientes-de-la-uci-pediatrica\/#breadcrumb"},"inLanguage":"en-GB","potentialAction":[{"@type":"ReadAction","target":["https:\/\/concomitentes.org\/el-hematocritico-creara-una-historia-grafica-para-pacientes-de-la-uci-pediatrica\/"]}]},{"@type":"ImageObject","inLanguage":"en-GB","@id":"https:\/\/concomitentes.org\/el-hematocritico-creara-una-historia-grafica-para-pacientes-de-la-uci-pediatrica\/#primaryimage","url":"https:\/\/concomitentes.org\/wp-content\/uploads\/2025\/06\/concomitentes_rocioeslava01-1.jpg","contentUrl":"https:\/\/concomitentes.org\/wp-content\/uploads\/2025\/06\/concomitentes_rocioeslava01-1.jpg","width":1900,"height":1267},{"@type":"BreadcrumbList","@id":"https:\/\/concomitentes.org\/el-hematocritico-creara-una-historia-grafica-para-pacientes-de-la-uci-pediatrica\/#breadcrumb","itemListElement":[{"@type":"ListItem","position":1,"name":"Portada","item":"https:\/\/concomitentes.org\/"},{"@type":"ListItem","position":2,"name":"El Hematocr\u00edtico crear\u00e1 una historia gr\u00e1fica para pacientes de la UCI Pedi\u00e1trica"}]},{"@type":"WebSite","@id":"https:\/\/concomitentes.org\/en\/#website","url":"https:\/\/concomitentes.org\/en\/","name":"Concomitentes","description":"Concomitentes promotes the creation of works of art and mediates between the civil society that commissions them and the artists who produce them.","potentialAction":[{"@type":"SearchAction","target":{"@type":"EntryPoint","urlTemplate":"https:\/\/concomitentes.org\/en\/?s={search_term_string}"},"query-input":{"@type":"PropertyValueSpecification","valueRequired":true,"valueName":"search_term_string"}}],"inLanguage":"en-GB"},{"@type":"Person","@id":"https:\/\/concomitentes.org\/en\/#\/schema\/person\/2bc91babfb92c6d60ab52debff35bf0d","name":"adminconcom","url":"https:\/\/concomitentes.org\/en\/author\/adminconcom\/"}]}},"_links":{"self":[{"href":"https:\/\/concomitentes.org\/en\/wp-json\/wp\/v2\/posts\/572","targetHints":{"allow":["GET"]}}],"collection":[{"href":"https:\/\/concomitentes.org\/en\/wp-json\/wp\/v2\/posts"}],"about":[{"href":"https:\/\/concomitentes.org\/en\/wp-json\/wp\/v2\/types\/post"}],"author":[{"embeddable":true,"href":"https:\/\/concomitentes.org\/en\/wp-json\/wp\/v2\/users\/1"}],"replies":[{"embeddable":true,"href":"https:\/\/concomitentes.org\/en\/wp-json\/wp\/v2\/comments?post=572"}],"version-history":[{"count":2,"href":"https:\/\/concomitentes.org\/en\/wp-json\/wp\/v2\/posts\/572\/revisions"}],"predecessor-version":[{"id":1889,"href":"https:\/\/concomitentes.org\/en\/wp-json\/wp\/v2\/posts\/572\/revisions\/1889"}],"wp:featuredmedia":[{"embeddable":true,"href":"https:\/\/concomitentes.org\/en\/wp-json\/wp\/v2\/media\/573"}],"wp:attachment":[{"href":"https:\/\/concomitentes.org\/en\/wp-json\/wp\/v2\/media?parent=572"}],"wp:term":[{"taxonomy":"category","embeddable":true,"href":"https:\/\/concomitentes.org\/en\/wp-json\/wp\/v2\/categories?post=572"},{"taxonomy":"post_tag","embeddable":true,"href":"https:\/\/concomitentes.org\/en\/wp-json\/wp\/v2\/tags?post=572"}],"curies":[{"name":"wp","href":"https:\/\/api.w.org\/{rel}","templated":true}]}}