{"id":556,"date":"2024-10-21T00:00:00","date_gmt":"2024-10-21T00:00:00","guid":{"rendered":"http:\/\/concomitentes.vl22350.dinaserver.com\/francesc-ruiz-non-plus-ultra\/"},"modified":"2025-07-15T18:51:16","modified_gmt":"2025-07-15T18:51:16","slug":"francesc-ruiz-non-plus-ultra","status":"publish","type":"post","link":"https:\/\/concomitentes.org\/en\/francesc-ruiz-non-plus-ultra\/","title":{"rendered":"The artist Francesc Ruiz has been chosen to respond to the challenge of drought and depopulation in the Non plus ultra project."},"content":{"rendered":"<p>The project, which brings together young people to seek healthier ways of relating to a land marked by extractivism, has selected artist Francesc Ruiz to develop an artistic commission to be presented next spring.<\/p>\n<p>Since the end of 2023 and together with the mediation work of Jose Iglesias Garc\u00eda-Arenal, the group Non plus ultra has been exploring the narratives of desertification that cross the Extremaduran soil and the problem of depopulation. After this phase, they looked for an artist with whom to develop a project that imagines new forms of connection and logistics, and to reverse the colonial logics that have historically marked the relationship between the countryside and the city. Francesc Ruiz's work stands out for his ability to read the historical complexity of territories, the use of humour and fiction to intervene collective narratives, as well as the attention he has paid in his recent works to the circulation of goods and the creation of alternative logistical imaginaries, key points in responding to the challenge of Non plus ultra.<\/p>\n<p>One of the concerns of the communities in the south of Badajoz is the territorial disconnection, the abandonment of communication systems, in the face of investment in projects that put the region's water resources at risk, such as the increase in irrigation, solar farms or the threat of mining. The project will have to produce an artistic proposal that connects these two concerns: depopulation and drought. The format will be defined over the coming months through meetings with the Non plus ultra group and other participatory processes. The first of these activities will be a workshop to generate \u201ccollective counter-geographies\u201d and share desires about the past and the future of the territory, on Saturday 26 October in Los Santos de Maimona.<\/p>\n<figure data-ratio=\"auto\">\n    <img decoding=\"async\" src=\"https:\/\/concomitentes.org\/wp-content\/uploads\/2025\/07\/53847457224_f58c50d692_c.jpg\" alt=\"Working session of the group of principals during the mediation led by Jose Iglesias Garc\u00eda-Arenal.\"><figcaption>\n    Working session of the group of principals during the mediation led by Jose Iglesias Garc\u00eda-Arenal in June 2024. Image: F\u00e9lix M\u00e9ndez  <\/figcaption><\/figure>\n<h2><strong>The world as a large printed surface on which to intervene<\/strong><\/h2>\n<p>In Francesc Ruiz's work, the world is drawn, composed, published and distributed, critically occupying the spaces of printed capitalism. Expanded comics, the informational architectures of kiosks, manga porntopias and contemporary logistics are some of the places of intervention from which he has developed his work over the last 20 years, creating installations and publications that are inserted into specific contexts, transforming the collective narratives that generate public space.<\/p>\n<p>His work has been shown in different national and international art centres and museums: EACC (Castell\u00f3), CA2M (Madrid), IVAM (Val\u00e8ncia), MACBA (Barcelona), Gasworks (London), FRAC PACA (Marseille), Weserburg Museum (Bremen) and in biennials such as Venice Biennale 2015, G\u00f6tteborg Biennale 2017, Momentum Biennale, Moss, Norway in 2019, Busan Biennale, South Korea, in 2020 or Triennale de Dunkerque in 2023. In addition, she has alternated her individual artistic practice with other collective projects such as the experimental curatorial team CREATURES (with Amanda Cuesta, Maribel L\u00f3pez and Gl\u00f2ria Pou), the Radical Drawing Group (with Efr\u00e9n \u00c1lvarez), the feminist and queer fanzine PIPA (with Maite Garbayo, ferranElOtro and Roger Adam), the Institute of Porn Studies (with Ona Bros and Luc\u00eda Ega\u00f1a) or more recently the Amateur Porn Comic Group.<\/p>\n<figure data-ratio=\"auto\">\n    <img decoding=\"async\" src=\"https:\/\/concomitentes.org\/wp-content\/uploads\/2025\/07\/angles-morts_2023_francesc-ruiz_triennale_art_et_industrie_dunkerque-3-scaled.jpg\" alt=\"Angles Morts, Francesc Ruiz. Triennale Art et Industrie Dunkerque, 2023\"><figcaption>\n    <em>Angles Morts<\/em>, Francesc Ruiz. Triennale Art et Industrie Dunkerque, 2023  <\/figcaption><\/figure>","protected":false},"excerpt":{"rendered":"<p>El proyecto, que re\u00fane a una serie de j\u00f3venes para buscar modos m\u00e1s sanos con los que relacionarse con una tierra marcada por el extractivismo, ha seleccionado al artista Francesc [&hellip;]<\/p>\n","protected":false},"author":1,"featured_media":557,"comment_status":"open","ping_status":"open","sticky":false,"template":"","format":"standard","meta":{"_acf_changed":false,"footnotes":""},"categories":[1],"tags":[],"class_list":["post-556","post","type-post","status-publish","format-standard","has-post-thumbnail","hentry","category-diario"],"acf":[],"yoast_head":"<!-- This site is optimized with the Yoast SEO plugin v27.5 - https:\/\/yoast.com\/product\/yoast-seo-wordpress\/ -->\n<title>El artista Francesc Ruiz ha sido elegido para responder al reto de la sequ\u00eda y la despoblaci\u00f3n del proyecto Non plus ultra - Concomitentes<\/title>\n<meta name=\"robots\" content=\"index, follow, max-snippet:-1, max-image-preview:large, max-video-preview:-1\" \/>\n<link rel=\"canonical\" href=\"https:\/\/concomitentes.org\/en\/francesc-ruiz-non-plus-ultra\/\" \/>\n<meta property=\"og:locale\" content=\"en_GB\" \/>\n<meta property=\"og:type\" content=\"article\" \/>\n<meta property=\"og:title\" content=\"El artista Francesc Ruiz ha sido elegido para responder al reto de la sequ\u00eda y la despoblaci\u00f3n del proyecto Non plus ultra - Concomitentes\" \/>\n<meta property=\"og:description\" content=\"El proyecto, que re\u00fane a una serie de j\u00f3venes para buscar modos m\u00e1s sanos con los que relacionarse con una tierra marcada por el extractivismo, ha seleccionado al artista Francesc [&hellip;]\" \/>\n<meta property=\"og:url\" content=\"https:\/\/concomitentes.org\/en\/francesc-ruiz-non-plus-ultra\/\" \/>\n<meta property=\"og:site_name\" content=\"Concomitentes\" \/>\n<meta property=\"article:published_time\" content=\"2024-10-21T00:00:00+00:00\" \/>\n<meta property=\"article:modified_time\" content=\"2025-07-15T18:51:16+00:00\" \/>\n<meta property=\"og:image\" content=\"https:\/\/concomitentes.org\/wp-content\/uploads\/2025\/06\/francesc-ruiz-slowphotos.es-2-scaled.jpg\" \/>\n\t<meta property=\"og:image:width\" content=\"2560\" \/>\n\t<meta property=\"og:image:height\" content=\"1704\" \/>\n\t<meta property=\"og:image:type\" content=\"image\/jpeg\" \/>\n<meta name=\"author\" content=\"adminconcom\" \/>\n<meta name=\"twitter:card\" content=\"summary_large_image\" \/>\n<meta name=\"twitter:label1\" content=\"Written by\" \/>\n\t<meta name=\"twitter:data1\" content=\"adminconcom\" \/>\n\t<meta name=\"twitter:label2\" content=\"Estimated reading time\" \/>\n\t<meta name=\"twitter:data2\" content=\"3 minutes\" \/>\n<script type=\"application\/ld+json\" class=\"yoast-schema-graph\">{\"@context\":\"https:\\\/\\\/schema.org\",\"@graph\":[{\"@type\":\"Article\",\"@id\":\"https:\\\/\\\/concomitentes.org\\\/francesc-ruiz-non-plus-ultra\\\/#article\",\"isPartOf\":{\"@id\":\"https:\\\/\\\/concomitentes.org\\\/francesc-ruiz-non-plus-ultra\\\/\"},\"author\":{\"name\":\"adminconcom\",\"@id\":\"https:\\\/\\\/concomitentes.org\\\/en\\\/#\\\/schema\\\/person\\\/2bc91babfb92c6d60ab52debff35bf0d\"},\"headline\":\"El artista Francesc Ruiz ha sido elegido para responder al reto de la sequ\u00eda y la despoblaci\u00f3n del proyecto Non plus ultra\",\"datePublished\":\"2024-10-21T00:00:00+00:00\",\"dateModified\":\"2025-07-15T18:51:16+00:00\",\"mainEntityOfPage\":{\"@id\":\"https:\\\/\\\/concomitentes.org\\\/francesc-ruiz-non-plus-ultra\\\/\"},\"wordCount\":643,\"commentCount\":0,\"image\":{\"@id\":\"https:\\\/\\\/concomitentes.org\\\/francesc-ruiz-non-plus-ultra\\\/#primaryimage\"},\"thumbnailUrl\":\"https:\\\/\\\/concomitentes.org\\\/wp-content\\\/uploads\\\/2025\\\/06\\\/francesc-ruiz-slowphotos.es-2-scaled.jpg\",\"articleSection\":[\"Diario\"],\"inLanguage\":\"en-GB\",\"potentialAction\":[{\"@type\":\"CommentAction\",\"name\":\"Comment\",\"target\":[\"https:\\\/\\\/concomitentes.org\\\/francesc-ruiz-non-plus-ultra\\\/#respond\"]}]},{\"@type\":\"WebPage\",\"@id\":\"https:\\\/\\\/concomitentes.org\\\/francesc-ruiz-non-plus-ultra\\\/\",\"url\":\"https:\\\/\\\/concomitentes.org\\\/francesc-ruiz-non-plus-ultra\\\/\",\"name\":\"El artista Francesc Ruiz ha sido elegido para responder al reto de la sequ\u00eda y la despoblaci\u00f3n del proyecto Non plus ultra - Concomitentes\",\"isPartOf\":{\"@id\":\"https:\\\/\\\/concomitentes.org\\\/en\\\/#website\"},\"primaryImageOfPage\":{\"@id\":\"https:\\\/\\\/concomitentes.org\\\/francesc-ruiz-non-plus-ultra\\\/#primaryimage\"},\"image\":{\"@id\":\"https:\\\/\\\/concomitentes.org\\\/francesc-ruiz-non-plus-ultra\\\/#primaryimage\"},\"thumbnailUrl\":\"https:\\\/\\\/concomitentes.org\\\/wp-content\\\/uploads\\\/2025\\\/06\\\/francesc-ruiz-slowphotos.es-2-scaled.jpg\",\"datePublished\":\"2024-10-21T00:00:00+00:00\",\"dateModified\":\"2025-07-15T18:51:16+00:00\",\"author\":{\"@id\":\"https:\\\/\\\/concomitentes.org\\\/en\\\/#\\\/schema\\\/person\\\/2bc91babfb92c6d60ab52debff35bf0d\"},\"breadcrumb\":{\"@id\":\"https:\\\/\\\/concomitentes.org\\\/francesc-ruiz-non-plus-ultra\\\/#breadcrumb\"},\"inLanguage\":\"en-GB\",\"potentialAction\":[{\"@type\":\"ReadAction\",\"target\":[\"https:\\\/\\\/concomitentes.org\\\/francesc-ruiz-non-plus-ultra\\\/\"]}]},{\"@type\":\"ImageObject\",\"inLanguage\":\"en-GB\",\"@id\":\"https:\\\/\\\/concomitentes.org\\\/francesc-ruiz-non-plus-ultra\\\/#primaryimage\",\"url\":\"https:\\\/\\\/concomitentes.org\\\/wp-content\\\/uploads\\\/2025\\\/06\\\/francesc-ruiz-slowphotos.es-2-scaled.jpg\",\"contentUrl\":\"https:\\\/\\\/concomitentes.org\\\/wp-content\\\/uploads\\\/2025\\\/06\\\/francesc-ruiz-slowphotos.es-2-scaled.jpg\",\"width\":2560,\"height\":1704},{\"@type\":\"BreadcrumbList\",\"@id\":\"https:\\\/\\\/concomitentes.org\\\/francesc-ruiz-non-plus-ultra\\\/#breadcrumb\",\"itemListElement\":[{\"@type\":\"ListItem\",\"position\":1,\"name\":\"Portada\",\"item\":\"https:\\\/\\\/concomitentes.org\\\/\"},{\"@type\":\"ListItem\",\"position\":2,\"name\":\"El artista Francesc Ruiz ha sido elegido para responder al reto de la sequ\u00eda y la despoblaci\u00f3n del proyecto Non plus ultra\"}]},{\"@type\":\"WebSite\",\"@id\":\"https:\\\/\\\/concomitentes.org\\\/en\\\/#website\",\"url\":\"https:\\\/\\\/concomitentes.org\\\/en\\\/\",\"name\":\"Concomitentes\",\"description\":\"Concomitentes promueve la creaci\u00f3n de obras de arte y media entre la sociedad civil que las encarga y los\\\/las artistas que las producen.\",\"potentialAction\":[{\"@type\":\"SearchAction\",\"target\":{\"@type\":\"EntryPoint\",\"urlTemplate\":\"https:\\\/\\\/concomitentes.org\\\/en\\\/?s={search_term_string}\"},\"query-input\":{\"@type\":\"PropertyValueSpecification\",\"valueRequired\":true,\"valueName\":\"search_term_string\"}}],\"inLanguage\":\"en-GB\"},{\"@type\":\"Person\",\"@id\":\"https:\\\/\\\/concomitentes.org\\\/en\\\/#\\\/schema\\\/person\\\/2bc91babfb92c6d60ab52debff35bf0d\",\"name\":\"adminconcom\",\"url\":\"https:\\\/\\\/concomitentes.org\\\/en\\\/author\\\/adminconcom\\\/\"}]}<\/script>\n<!-- \/ Yoast SEO plugin. -->","yoast_head_json":{"title":"The artist Francesc Ruiz has been chosen to respond to the challenge of drought and depopulation in the Non plus ultra - Concomitentes project.","robots":{"index":"index","follow":"follow","max-snippet":"max-snippet:-1","max-image-preview":"max-image-preview:large","max-video-preview":"max-video-preview:-1"},"canonical":"https:\/\/concomitentes.org\/en\/francesc-ruiz-non-plus-ultra\/","og_locale":"en_GB","og_type":"article","og_title":"El artista Francesc Ruiz ha sido elegido para responder al reto de la sequ\u00eda y la despoblaci\u00f3n del proyecto Non plus ultra - Concomitentes","og_description":"El proyecto, que re\u00fane a una serie de j\u00f3venes para buscar modos m\u00e1s sanos con los que relacionarse con una tierra marcada por el extractivismo, ha seleccionado al artista Francesc [&hellip;]","og_url":"https:\/\/concomitentes.org\/en\/francesc-ruiz-non-plus-ultra\/","og_site_name":"Concomitentes","article_published_time":"2024-10-21T00:00:00+00:00","article_modified_time":"2025-07-15T18:51:16+00:00","og_image":[{"width":2560,"height":1704,"url":"https:\/\/concomitentes.org\/wp-content\/uploads\/2025\/06\/francesc-ruiz-slowphotos.es-2-scaled.jpg","type":"image\/jpeg"}],"author":"adminconcom","twitter_card":"summary_large_image","twitter_misc":{"Written by":"adminconcom","Estimated reading time":"3 minutes"},"schema":{"@context":"https:\/\/schema.org","@graph":[{"@type":"Article","@id":"https:\/\/concomitentes.org\/francesc-ruiz-non-plus-ultra\/#article","isPartOf":{"@id":"https:\/\/concomitentes.org\/francesc-ruiz-non-plus-ultra\/"},"author":{"name":"adminconcom","@id":"https:\/\/concomitentes.org\/en\/#\/schema\/person\/2bc91babfb92c6d60ab52debff35bf0d"},"headline":"El artista Francesc Ruiz ha sido elegido para responder al reto de la sequ\u00eda y la despoblaci\u00f3n del proyecto Non plus ultra","datePublished":"2024-10-21T00:00:00+00:00","dateModified":"2025-07-15T18:51:16+00:00","mainEntityOfPage":{"@id":"https:\/\/concomitentes.org\/francesc-ruiz-non-plus-ultra\/"},"wordCount":643,"commentCount":0,"image":{"@id":"https:\/\/concomitentes.org\/francesc-ruiz-non-plus-ultra\/#primaryimage"},"thumbnailUrl":"https:\/\/concomitentes.org\/wp-content\/uploads\/2025\/06\/francesc-ruiz-slowphotos.es-2-scaled.jpg","articleSection":["Diario"],"inLanguage":"en-GB","potentialAction":[{"@type":"CommentAction","name":"Comment","target":["https:\/\/concomitentes.org\/francesc-ruiz-non-plus-ultra\/#respond"]}]},{"@type":"WebPage","@id":"https:\/\/concomitentes.org\/francesc-ruiz-non-plus-ultra\/","url":"https:\/\/concomitentes.org\/francesc-ruiz-non-plus-ultra\/","name":"The artist Francesc Ruiz has been chosen to respond to the challenge of drought and depopulation in the Non plus ultra - Concomitentes project.","isPartOf":{"@id":"https:\/\/concomitentes.org\/en\/#website"},"primaryImageOfPage":{"@id":"https:\/\/concomitentes.org\/francesc-ruiz-non-plus-ultra\/#primaryimage"},"image":{"@id":"https:\/\/concomitentes.org\/francesc-ruiz-non-plus-ultra\/#primaryimage"},"thumbnailUrl":"https:\/\/concomitentes.org\/wp-content\/uploads\/2025\/06\/francesc-ruiz-slowphotos.es-2-scaled.jpg","datePublished":"2024-10-21T00:00:00+00:00","dateModified":"2025-07-15T18:51:16+00:00","author":{"@id":"https:\/\/concomitentes.org\/en\/#\/schema\/person\/2bc91babfb92c6d60ab52debff35bf0d"},"breadcrumb":{"@id":"https:\/\/concomitentes.org\/francesc-ruiz-non-plus-ultra\/#breadcrumb"},"inLanguage":"en-GB","potentialAction":[{"@type":"ReadAction","target":["https:\/\/concomitentes.org\/francesc-ruiz-non-plus-ultra\/"]}]},{"@type":"ImageObject","inLanguage":"en-GB","@id":"https:\/\/concomitentes.org\/francesc-ruiz-non-plus-ultra\/#primaryimage","url":"https:\/\/concomitentes.org\/wp-content\/uploads\/2025\/06\/francesc-ruiz-slowphotos.es-2-scaled.jpg","contentUrl":"https:\/\/concomitentes.org\/wp-content\/uploads\/2025\/06\/francesc-ruiz-slowphotos.es-2-scaled.jpg","width":2560,"height":1704},{"@type":"BreadcrumbList","@id":"https:\/\/concomitentes.org\/francesc-ruiz-non-plus-ultra\/#breadcrumb","itemListElement":[{"@type":"ListItem","position":1,"name":"Portada","item":"https:\/\/concomitentes.org\/"},{"@type":"ListItem","position":2,"name":"El artista Francesc Ruiz ha sido elegido para responder al reto de la sequ\u00eda y la despoblaci\u00f3n del proyecto Non plus ultra"}]},{"@type":"WebSite","@id":"https:\/\/concomitentes.org\/en\/#website","url":"https:\/\/concomitentes.org\/en\/","name":"Concomitentes","description":"Concomitentes promotes the creation of works of art and mediates between the civil society that commissions them and the artists who produce them.","potentialAction":[{"@type":"SearchAction","target":{"@type":"EntryPoint","urlTemplate":"https:\/\/concomitentes.org\/en\/?s={search_term_string}"},"query-input":{"@type":"PropertyValueSpecification","valueRequired":true,"valueName":"search_term_string"}}],"inLanguage":"en-GB"},{"@type":"Person","@id":"https:\/\/concomitentes.org\/en\/#\/schema\/person\/2bc91babfb92c6d60ab52debff35bf0d","name":"adminconcom","url":"https:\/\/concomitentes.org\/en\/author\/adminconcom\/"}]}},"_links":{"self":[{"href":"https:\/\/concomitentes.org\/en\/wp-json\/wp\/v2\/posts\/556","targetHints":{"allow":["GET"]}}],"collection":[{"href":"https:\/\/concomitentes.org\/en\/wp-json\/wp\/v2\/posts"}],"about":[{"href":"https:\/\/concomitentes.org\/en\/wp-json\/wp\/v2\/types\/post"}],"author":[{"embeddable":true,"href":"https:\/\/concomitentes.org\/en\/wp-json\/wp\/v2\/users\/1"}],"replies":[{"embeddable":true,"href":"https:\/\/concomitentes.org\/en\/wp-json\/wp\/v2\/comments?post=556"}],"version-history":[{"count":2,"href":"https:\/\/concomitentes.org\/en\/wp-json\/wp\/v2\/posts\/556\/revisions"}],"predecessor-version":[{"id":1874,"href":"https:\/\/concomitentes.org\/en\/wp-json\/wp\/v2\/posts\/556\/revisions\/1874"}],"wp:featuredmedia":[{"embeddable":true,"href":"https:\/\/concomitentes.org\/en\/wp-json\/wp\/v2\/media\/557"}],"wp:attachment":[{"href":"https:\/\/concomitentes.org\/en\/wp-json\/wp\/v2\/media?parent=556"}],"wp:term":[{"taxonomy":"category","embeddable":true,"href":"https:\/\/concomitentes.org\/en\/wp-json\/wp\/v2\/categories?post=556"},{"taxonomy":"post_tag","embeddable":true,"href":"https:\/\/concomitentes.org\/en\/wp-json\/wp\/v2\/tags?post=556"}],"curies":[{"name":"wp","href":"https:\/\/api.w.org\/{rel}","templated":true}]}}