{"id":4069,"date":"2026-04-30T13:36:16","date_gmt":"2026-04-30T13:36:16","guid":{"rendered":"https:\/\/concomitentes.org\/?p=4069"},"modified":"2026-04-30T14:22:20","modified_gmt":"2026-04-30T14:22:20","slug":"desiring-communities-when-wanting-together-is-already-resisting","status":"publish","type":"post","link":"https:\/\/concomitentes.org\/en\/comunidades-deseantes-cuando-querer-juntos-ya-es-resistir\/","title":{"rendered":"Desiring communities. When wanting together is already resistance"},"content":{"rendered":"<section class=\"bloque-contenedor    transparente\"   id=\"Castellano\">\n\n    <div class=\"\">\n        <div class=\"\"> \n                        <div class=\"row\">\n                <div class=\"col-12\">                     \n\n                <div class=\"acf-innerblocks-container\">\n\n<p><a href=\"#valenciano\" type=\"internal\" id=\"#valenciano\">To read the text in Valencian click here. <\/a><\/p>\n\n\n\n<p>On 4 and 5 June, at IVAM and Parque Alcosa respectively, we are celebrating Comunidades deseantes (Desiring Communities). When wanting together is already resisting, the second edition of the Enredadas (Entangled) Days. <\/p>\n\n\n\n<p>The Tangled Days are an annual meeting for debate and reflection, driven by Concomitentes, a non-profit organisation that develops art and citizen participation projects in response to socio-environmental issues in specific contexts. In collaboration with the IVAM and UPV Valencia, this edition of the Days is conceived as a space to continue pondering how much desire is a mobilising force.<br><br>In a context marked by emotional exhaustion and the feeling of individual powerlessness, these jornadas invite us to continue weaving from strength and interconnection. <strong><em>Tangled Journeys: Desiring Communities<\/em><\/strong>, proposes a shift: from weariness to power, from isolation to collective strength. Following the reflection developed in <em>The seduction of charm. An alternative to the society of discouragement<\/em>, we understand desire not as a lack, but as a relational energy capable of generating bonds, meaning and social transformation.<\/p>\n\n\n\n<p>This edition of the Enredadas Conferences is conceived as a space for activating collective desire, where art, critical thinking, and community practices intertwine to imagine and experiment with other ways of being together. Faced with dominant narratives of crisis and deadlock, the conferences focus on experiences where the common is not just a framework for management, but an affective and political engine for change.<\/p>\n\n\n\n<p><br><em>Desiring communities<\/em> An invitation to intertwine: to recognise the power of bodies when they organise, of ideas when they circulate, and of alliances when they are sustained over time. Through conversations, artistic practices, and spaces for listening, we will explore how communities capable of desiring together are built, and from there, transform their realities.<\/p>\n\n\n\n<p>The programme is structured as a journey through different forms of collective action, bringing academic knowledge, situated experiences, and cultural practices into dialogue that activate the common good through care, imagination, and shared commitment. More than offering fixed solutions, the meeting seeks to open up urgent questions: how is collective desire cultivated in times of discouragement? What conditions allow a community to become active and sustain itself? What role do art and culture play in reviving the common good?<\/p>\n\n\n\n<p>Journeys driven by Concomitentes in collaboration with IVAM and UPV.&nbsp;<\/p>\n\n\n\n<p><\/p>\n\n\n\n<p><strong><em>Important <\/em><\/strong><em>Each day has its own inscription. <\/em><\/p>\n\n\n\n<p><\/p>\n\n\n\n<blockquote class=\"wp-block-quote is-layout-flow wp-block-quote-is-layout-flow\">\n<p><strong>PROGRAMME<\/strong> <strong>Thursday 4 June <\/strong><br><em>This session will be held in Spanish and will have sign language interpretation.<\/em><br><strong><br>Location: IVAM <\/strong>(<a href=\"https:\/\/www.google.com\/maps\/place\/\/data=!4m2!3m1!1s0xd604f50b8a24243:0x52c66f1c90a5a733?sa=X&amp;ved=1t:8290&amp;ictx=111\">118 Guillem de Castro Street, 46003 Valencia<\/a>)<\/p>\n\n\n\n<p><strong>17:00 \u2013 17:15 Opening: How do we tangle ourselves?<\/strong><\/p>\n\n\n\n<details class=\"wp-block-details is-layout-flow wp-block-details-is-layout-flow\"><summary>Kristine Guzm\u00e1n (IVAM)<\/summary>\n<p>Kristine Guzm\u00e1n has accumulated over two decades of experience in cultural management, from the Reina Sof\u00eda National Museum of Art Centre to the Santander 2016 Foundation. For almost twenty years, she has been in charge of the general coordination of MUSAC, the Museum of Contemporary Art of Castilla y Le\u00f3n. There, she was primarily responsible for the management and coordination of all aspects relating to the building and the work teams, contributing to the launch of the museum, its building and its collection, the definition of its strategic plan, and the supervision of both administrative and creative processes. This included human resource management, economic planning, the drafting and awarding of tenders and contracts, as well as museum policies, in coordination with the various directors.<\/p>\n\n\n\n<p>In addition to this, they have undertaken coordination and curatorial tasks for exhibitions, both at MUSAC and other institutions. They have edited books on art, architecture, sustainability, and inclusion, and have given lectures and workshops on these topics. They have participated as a judge in art and culture awards and in curatorial residency programmes in Spain and the Philippines. They have also been part of the Advisory Council of the Santander Creativa Foundation (2015-2018) and the Museum of Modern and Contemporary Art of Santander (2019-present).<\/p>\n\n\n\n<p>Since 2023, he has held the role of Film Commissioner for Castilla y Le\u00f3n Film Commission, under the Siglo Foundation for the Arts of Castilla y Le\u00f3n. His mission is to relaunch the commission and transform it into a proactive entity, positioning the region as a filming destination and facilitating productions.<\/p>\n\n\n\n<p>Born in Manila in 1974, she holds a degree in Architecture from the University of Santo Tomas, Manila, a Master's degree in Architectural Restoration from the Polytechnic University of Madrid, and a Micro-degree in History, Culture, and Contemporary Thought. She is currently pursuing a degree in Art History at the National University of Distance Education.<\/p>\n<\/details>\n\n\n\n<details class=\"wp-block-details is-layout-flow wp-block-details-is-layout-flow\"><summary>Luc\u00eda Casani (Daniel and Nina Carasso Foundation)<\/summary>\n<p>Director General for Spain of the Daniel and Nina Carasso Foundation. Luc\u00eda has a degree in Audiovisual Communication from the Complutense University of Madrid. After participating in film and advertising projects, she joined the founding team of La Casa Encendida in 2002, where she was responsible for Culture and, from 2014, General Director. She has driven cultural and social programmes focused on critical thinking, innovation, and citizen participation. Since 2023, she has led the Foundation in Spain, strengthening the dialogue between art, sustainable food, and social transformation.<br>Web Carasso<a href=\"https:\/\/www.fondationcarasso.org\/es\">https:\/\/www.fondationcarasso.org\/es<\/a><\/p>\n<\/details>\n\n\n\n<details class=\"wp-block-details is-layout-flow wp-block-details-is-layout-flow\"><summary>Mijo Miquel (Faculty of Fine Arts of the Polytechnic University of Valencia)<\/summary>\n<p>Translator, lecturer at the UPV, independent cultural manager. Graduate in Philology and Fine Arts, with a PhD in Public Art. From 2003 onwards, she has been dedicated to teaching Sculpture at the Faculty of Fine Arts of San Carlos, as well as to independent cultural management. She has specialised in coordinating events related to the creation of critical discourse. She is the author of popular science publications and collaborates with various university Master's degrees. As a researcher, she is part of the History and Philosophy of Experience group at the Centre for Human and Social Sciences of the CSIC (2014-2026). She participates in various European research and innovation projects with institutional funding, focusing on notions such as mutual aid, the ecological crisis, and mental health.<\/p>\n<\/details>\n\n\n\n<details class=\"wp-block-details is-layout-flow wp-block-details-is-layout-flow\"><summary>Fran Quiroga (Concomitentes)<\/summary>\n<p>Transdisciplinary researcher and Director of Concomitentes. He has directed experimental research such as \u2018Montenoso\u2019, \u2018Fiestas Raras\u2019 or \u2018Ruraldecolonizado\u2019 in art centres such as Matadero Madrid, CGAC or MUSAC. He is also coordinator of the projects \u2018Art Living Lab for Sustainability\u2019 and \u2018Art Living Lab to Repair the Land\u2019, funded by the European Commission. He has co-edited, among others, \u2018Agenciamientos ecol\u00f3gicos\u2019, \u2018Mutaciones en el espacio p\u00fablico\u2019 or \u2018La fiesta, lo raro y el espacio p\u00fablico\u2019, both published by Bartlebooth.<br>Web Associates<a href=\"https:\/\/concomitentes.org\/en\/\">https:\/\/concomitentes.org<\/a><\/p>\n<\/details>\n\n\n\n<p><br><strong>17:15 \u2013 17:55 Mobilising desires<\/strong><\/p>\n\n\n\n<details class=\"wp-block-details is-layout-flow wp-block-details-is-layout-flow\"><summary>Bel\u00e9n Gopegui<\/summary>\n<p>A PhD in Humanities, she studied philosophy under Juan Blanco and holds a law degree. In 1993, she published her first novel, 'La escala de los mapas', and has participated in collectives such as the Escuela Popular de Prosperidad and in <a href=\"http:\/\/www.rebelion.org\/\">www.rebelion.org<\/a>, and military, and tries not to become disengaged from the spaces that confront inequality and destruction. Some novels: La conquista del aire, Lo real, El Padre de Blancanieves, Deseo de ser punk, Existir\u00edamos el mar, Acceso no autorizado, El comit\u00e9 de la noche, Te siguen. Among the so-called children's and young adult books: El balonazo, Fuera de la burbuja, and Las nubesfuria. Essays: Ella pis\u00f3 la Luna, ellas pisaron la Luna, Rompiendo algo, El murmullo, Peque\u00f1as heridas mortales. From time to time, he writes articles in various media.<\/p>\n<\/details>\n\n\n\n<details class=\"wp-block-details is-layout-flow wp-block-details-is-layout-flow\"><summary>Fran Quiroga<\/summary>\n<p>Transdisciplinary researcher and Director of Concomitentes. He has directed experimental research such as \u2018Montenoso\u2019, \u2018Fiestas Raras\u2019 or \u2018Ruraldecolonizado\u2019 in art centres such as Matadero Madrid, CGAC or MUSAC. He is also coordinator of the projects \u2018Art Living Lab for Sustainability\u2019 and \u2018Art Living Lab to Repair the Land\u2019, funded by the European Commission. He has co-edited, among others, \u2018Agenciamientos ecol\u00f3gicos\u2019, \u2018Mutaciones en el espacio p\u00fablico\u2019 or \u2018La fiesta, lo raro y el espacio p\u00fablico\u2019, both published by Bartlebooth.<br>Web Associates<a href=\"https:\/\/concomitentes.org\/en\/\">https:\/\/concomitentes.org<\/a><\/p>\n<\/details>\n\n\n\n<p><em><br><\/em><strong>18:00 \u2013 18:20 Performance Break <\/strong><\/p>\n\n\n\n<details class=\"wp-block-details is-layout-flow wp-block-details-is-layout-flow\"><summary>Graham Bell Tornado<\/summary>\n<p>A transgender artist, Dr. in artistic production and research (Extraordinary Thesis Award 2020, UPV, Valencia). Her work explores the connections between gender and ecology from a queer perspective, as shown in the book Ecogender X (2019). Her practice is based on performance and expanded theatre, and includes video, music and graphic art. Since 2009, she has organised exhibitions, workshops and conferences with La Erreria (House of Bent), a queer art collective and space. Among her recent projects is Trans Territory (2022), based on ephemeral interventions that claim the presence of a trans body in the rural world.<br>Web<a href=\"https:\/\/www.grahambelltornado.com\/\"> https:\/\/www.grahambelltornado.com\/<\/a><\/p>\n<\/details>\n\n\n\n<p><\/p>\n\n\n\n<p><strong>18:25 \u2013 19:10 Table: Emancipatory desires as a collective dream&nbsp; <br><\/strong><\/p>\n\n\n\n<details class=\"wp-block-details is-layout-flow wp-block-details-is-layout-flow\"><summary>Nuria G\u00fcell<\/summary>\n<p>Visual artist whose practice focuses on questioning social, legal, and moral norms, creating tension at the boundaries between legality, ethics, and legitimacy. They understand art as a tool for social and political intervention, beyond its cultural dimension. With a degree in Fine Arts, specialising in sculpture (2005), they have expanded their training through programmes such as the Chair of Behavioural Art in Havana and SOMA in Mexico City. Since their first exhibition in 2005, they have developed an international career with numerous solo and group shows in Europe and the Americas, and have received various awards and grants.<br>Web<a href=\"https:\/\/www.nuriaguell.com\/\"> https:\/\/www.nuriaguell.com\/<\/a><\/p>\n\n\n\n<p><\/p>\n<\/details>\n\n\n\n<details class=\"wp-block-details is-layout-flow wp-block-details-is-layout-flow\"><summary>Ana\u00efs Florin<\/summary>\n<p>Artist and Postdoctoral Researcher between the Universitat Polit\u00e8cnica de Val\u00e8ncia and the Universitat de Barcelona. She primarily works in the field of contextual practices, paying special attention to narratives, memories, and struggles associated with territorial transformations. Her work, which revolves around the archive, uses recent history as a vehicle to reflect on the idea of community and the city as a place of past, present, and future encounters.<br>Web<a href=\"https:\/\/anaisflorin.com\/\"> https:\/\/anaisflorin.com\/<\/a><\/p>\n\n\n\n<p><\/p>\n<\/details>\n\n\n\n<details class=\"wp-block-details is-layout-flow wp-block-details-is-layout-flow\"><summary>Wenceslao Garc\u00eda Puchades<\/summary>\n<p>Associate Professor at the University of Valencia, with an interdisciplinary career integrating philosophy, aesthetics, and education. Their research explores the relationships between truth, conflict, and democracy, particularly at the intersection of political and artistic education. They have conducted research at various international centres and actively participate in teaching innovation initiatives linked to audiovisual media, corporeality, and social justice. Their publications reflect on an education capable of opening up spaces for truth, understanding knowledge as a practice of emancipation and not merely transmission.<br><br><\/p>\n<\/details>\n\n\n\n<details class=\"wp-block-details is-layout-flow wp-block-details-is-layout-flow\"><summary>Moderator: Mijo Miquel<\/summary>\n<p>Translator, lecturer at the UPV, independent cultural manager. Graduate in Philology and Fine Arts, with a PhD in Public Art. From 2003 onwards, she has been dedicated to teaching Sculpture at the Faculty of Fine Arts of San Carlos, as well as to independent cultural management. She has specialised in coordinating events related to the creation of critical discourse. She is the author of popular science publications and collaborates with various university Master's degrees. As a researcher, she is part of the History and Philosophy of Experience group at the Centre for Human and Social Sciences of the CSIC (2014-2026). She participates in various European research and innovation projects with institutional funding, focusing on notions such as mutual aid, the ecological crisis, and mental health.<\/p>\n<\/details>\n\n\n\n<p><br><strong>19:10 \u2013 19:55 Panel: Making Together, How to Activate the Common? <\/strong><\/p>\n\n\n\n<details class=\"wp-block-details is-layout-flow wp-block-details-is-layout-flow\"><summary>Bodyterritory<\/summary>\n<p>An art collective with roots in Valencia. We aim to promote artistic expression and eco-social awareness from an eco-feminist perspective, embodying values of care towards human communities, the local territory, and their intersections. Through transdisciplinary and collaborative methodologies, we address issues such as land use, food sovereignty, and embodied knowledge. Our work draws on various artistic languages, including graphic arts, public space interventions, and collective pedagogies.<br>Web<a href=\"https:\/\/cuerpoterritorio.org\/\"> https:\/\/cuerpoterritorio.org\/<\/a><\/p>\n\n\n\n<p><\/p>\n<\/details>\n\n\n\n<details class=\"wp-block-details is-layout-flow wp-block-details-is-layout-flow\"><summary>The Jamaican women<\/summary>\n<p>Art, cuisine, and activism project comprising Lina Ruiz (Bogot\u00e1, Colombia), Columba Zavala (CDMX, Mexico), and Mariana Alva (Lima, Peru). We draw from performance, audiovisual, writing, critical pedagogies, and cultural mediation, among other fields. We are interested in generating hybrid spaces, playing with the boundaries between disciplines to question these frontiers and explore diverse ways of generating knowledge. Our practice involves constant reflection on migration, territory, and anti-racist struggles.<br>Web<a href=\"https:\/\/www.instagram.com\/las.jamaiconas\/\"> https:\/\/www.instagram.com\/las.jamaiconas\/<\/a><\/p>\n\n\n\n<p><\/p>\n<\/details>\n\n\n\n<details class=\"wp-block-details is-layout-flow wp-block-details-is-layout-flow\"><summary>Antonio G\u00f3mez Villar<\/summary>\n<p>Professor of Philosophy at the University of Barcelona (UB) and co-director of the Barcelona Pensa Philosophy Festival. His main lines of research concern the creation and articulation of political subjects, the ways in which the conceptual field of class has been redefined in light of the transformation of subjectivities and new cultural and political relationships. His latest books include: \u00bfQu\u00e9 hacemos con la clase media? (What do we do with the middle class?) (Lengua de Trapo, 2025), Transformar no es cancelar (To transform is not to cancel) (Verso, 2024), Los olvidados. Ficci\u00f3n de un proletariado reaccionario (The forgotten ones. Fiction of a reactionary proletariat) (Bellaterra, 2022).<br>Web<a href=\"https:\/\/antoniogomezvillar.com\/\"> https:\/\/antoniogomezvillar.com\/<\/a><\/p>\n<\/details>\n\n\n\n<details class=\"wp-block-details is-layout-flow wp-block-details-is-layout-flow\"><summary>Moderator: Kristine Guzm\u00e1n<\/summary>\n<p>Kristine Guzm\u00e1n has accumulated over two decades of experience in cultural management, from the Reina Sof\u00eda National Museum of Art Centre to the Santander 2016 Foundation. For almost twenty years, she has been in charge of the general coordination of MUSAC, the Museum of Contemporary Art of Castilla y Le\u00f3n. There, she was primarily responsible for the management and coordination of all aspects relating to the building and the work teams, contributing to the launch of the museum, its building and its collection, the definition of its strategic plan, and the supervision of both administrative and creative processes. This included human resource management, economic planning, the drafting and awarding of tenders and contracts, as well as museum policies, in coordination with the various directors.<\/p>\n\n\n\n<p>In addition to this, they have undertaken coordination and curatorial tasks for exhibitions, both at MUSAC and other institutions. They have edited books on art, architecture, sustainability, and inclusion, and have given lectures and workshops on these topics. They have participated as a judge in art and culture awards and in curatorial residency programmes in Spain and the Philippines. They have also been part of the Advisory Council of the Santander Creativa Foundation (2015-2018) and the Museum of Modern and Contemporary Art of Santander (2019-present).<\/p>\n\n\n\n<p>Since 2023, he has held the role of Film Commissioner for Castilla y Le\u00f3n Film Commission, under the Siglo Foundation for the Arts of Castilla y Le\u00f3n. His mission is to relaunch the commission and transform it into a proactive entity, positioning the region as a filming destination and facilitating productions.<\/p>\n\n\n\n<p>Born in Manila in 1974, she holds a degree in Architecture from the University of Santo Tomas, Manila, a Master's degree in Architectural Restoration from the Polytechnic University of Madrid, and a Micro-degree in History, Culture, and Contemporary Thought. She is currently pursuing a degree in Art History at the National University of Distance Education.<\/p>\n<\/details>\n\n\n\n<p><br><strong>19:55 \u2013 20:00 Conclusions and report<\/strong><\/p>\n\n\n\n<details class=\"wp-block-details is-layout-flow wp-block-details-is-layout-flow\"><summary>Fran Quiroga <\/summary>\n<p>Transdisciplinary researcher and Director of Concomitentes. He has directed experimental research such as \u2018Montenoso\u2019, \u2018Fiestas Raras\u2019 or \u2018Ruraldecolonizado\u2019 in art centres such as Matadero Madrid, CGAC or MUSAC. He is also coordinator of the projects \u2018Art Living Lab for Sustainability\u2019 and \u2018Art Living Lab to Repair the Land\u2019, funded by the European Commission. He has co-edited, among others, \u2018Agenciamientos ecol\u00f3gicos\u2019, \u2018Mutaciones en el espacio p\u00fablico\u2019 or \u2018La fiesta, lo raro y el espacio p\u00fablico\u2019, both published by Bartlebooth.<br>Web Associates<a href=\"https:\/\/concomitentes.org\/en\/\">https:\/\/concomitentes.org<\/a><\/p>\n<\/details>\n\n\n\n<details class=\"wp-block-details is-layout-flow wp-block-details-is-layout-flow\"><summary>Quim Packard<\/summary>\n<p>Artist and cultural manager whose practice explores the relationships between culture, ecology, identity, and territory. Their projects combine institutional critique and research on nature and culture, such as Col\u00b7lapsar Millor or Oficina de Relacions Interesp\u00e8cies. They have exhibited and collaborated with institutions including Fundaci\u00f3 T\u00e0pies, CCCB, CA2M, MAMT, and Askeaton Contemporary Arts. They were coordinator of the M\u00e8dol Tarragona art centre (2024), artistic director of L\u2019Estruch de Sabadell (2019), and of the independent space FirePlace in Barcelona (2015\u20132018). They have worked as coordinator of the study programme at Le Magasin in Grenoble, France, and are currently a lecturer at BAU university centre in Barcelona.<br>Web<a href=\"https:\/\/quimpackard.com\/\">https:\/\/quimpackard.com\/<\/a><\/p>\n<\/details>\n<\/blockquote>\n\n\n\n<div class=\"wp-block-buttons is-layout-flex wp-block-buttons-is-layout-flex\">\n<div class=\"wp-block-button\"><a class=\"wp-block-button__link wp-element-button\" href=\"https:\/\/tickets.ivam.es\/es\/1003-actividades\/13224-jornadas-enredadas-comunidades-deseantes\/info\">Session registration at the IVAM<\/a><\/div>\n<\/div>\n\n\n\n<div style=\"height:32px\" aria-hidden=\"true\" class=\"wp-block-spacer\"><\/div>\n\n\n\n<blockquote class=\"wp-block-quote is-layout-flow wp-block-quote-is-layout-flow\">\n<p><strong>FRIDAY 5TH JUNE PROGRAMME<br>From the vegetable patch to the park, desires in dispute<\/strong><br><\/p>\n\n\n\n<p><strong>17:30. Bus departure from IVAM <\/strong><a href=\"https:\/\/www.google.com\/maps\/place\/\/data=!4m2!3m1!1s0xd604f50b8a24243:0x52c66f1c90a5a733?sa=X&amp;ved=1t:8290&amp;ictx=111\">118 Guillem de Castro Street, 46003 Valencia<\/a>)<br><br><strong>18:30.<\/strong> <strong>Metabolic Connections: Defending the Huerta is protecting the future<\/strong>. Stop at L'Horta de la Font Baixa (Alfafar)<\/p>\n\n\n\n<details class=\"wp-block-details is-layout-flow wp-block-details-is-layout-flow\"><summary>Cuerpoterritorio (Chiara Sgaramella and Miriam del Saz)<\/summary>\n<p>An art collective with roots in Valencia. We aim to promote artistic expression and eco-social awareness from an eco-feminist perspective, embodying values of care towards human communities, the local territory, and their intersections. Through transdisciplinary and collaborative methodologies, we address issues such as land use, food sovereignty, and embodied knowledge. Our work draws on various artistic languages, including graphic arts, public space interventions, and collective pedagogies.<br>Web<a href=\"https:\/\/cuerpoterritorio.org\/\"> https:\/\/cuerpoterritorio.org\/<\/a><\/p>\n\n\n\n<p><\/p>\n<\/details>\n\n\n\n<details class=\"wp-block-details is-layout-flow wp-block-details-is-layout-flow\"><summary>For the Garden<\/summary>\n<p>A non-profit association, pronounced as a social movement, that continues the objectives set out in the first Popular Legislative Initiative for the protection of l'Horta de Val\u00e8ncia (ILP). It inherits the work of resistance and citizen action against the disregard and speculation of land in the Valencian Horta. In the defence of the territory, its focus is directed towards the preservation of l'Horta, its value as a landscape, and the immensity of its agricultural, water, cultural, and historical heritage. <br>Web<a href=\"https:\/\/cuerpoterritorio.org\/\"> https:\/\/perlhorta.info<\/a><\/p>\n\n\n\n<p><\/p>\n<\/details>\n\n\n\n<p><\/p>\n\n\n\n<p><strong>19:30 - 20:15.<\/strong> <strong>Conversation: Building Affection in Public Spaces<\/strong>. In Coordinadora Kolectivos Parke (Pl. Poeta Miguel Hern\u00e1ndez 14 L2, 46910 Alfafar)<\/p>\n\n\n\n<details class=\"wp-block-details is-layout-flow wp-block-details-is-layout-flow\"><summary>Wild Mass (Alba Oller) <\/summary>\n<p>A cooperative that uses artistic, mediation, and educational tools and strategies as its basis, hybridising these with participatory action research, cultural management, and training. It is a collective that imagines, develops, and promotes critical imaginaries around an anti-adultist perspective on education, art, and culture. The collective is formed by Teresa Mata and Alba Oller.<br>Web<a href=\"https:\/\/massasalvatge.coop\/es\/\">https:\/\/massasalvatge.coop\/es\/<\/a><\/p>\n\n\n\n<p><\/p>\n<\/details>\n\n\n\n<details class=\"wp-block-details is-layout-flow wp-block-details-is-layout-flow\"><summary>Local Reconstruction Committees<\/summary>\n<p>Following the severe effects caused by the DANA on 29 October 2024, various municipalities in the region decided to organise themselves to actively participate in the reconstruction of their towns. With this aim, the Local Emergency and Reconstruction Committees (CLERs) were established. These are spaces for citizen participation that seek to give the population a voice in decision-making regarding measures and actions that directly affect their environment. Neighbours, associations, technicians, and institutional representatives meet within the committees to debate, propose solutions, and ensure transparent, fair management oriented towards the common good. Within the CLERs, working groups are organised (housing, education, environment, trade, emergency plans, etc.) to guarantee participative, safe reconstruction that is adapted to the real needs of the population.<br>Web <a href=\"https:\/\/comiteslocals.org\/cas\/\">https:\/\/comiteslocals.org\/cas\/<\/a><\/p>\n\n\n\n<p><\/p>\n<\/details>\n\n\n\n<details class=\"wp-block-details is-layout-flow wp-block-details-is-layout-flow\"><summary>The House of Futures<\/summary>\n<p>A project under construction that aims to create a physical and permanent space in the Barcelona metropolitan area dedicated to climate justice and the articulation of social movements. Through a Climate Justice Centre and a School of Movements, it drives processes of cooperation, collective learning, and mutual support to address the eco-social crisis, connecting social and ecological struggles from an intersectional perspective. Its work is organised around climate resilience, global solidarity, and transformative pedagogies, with the objective of strengthening networks, sharing tools, and promoting sustainable alternatives from a community-based approach.<br>Web <a href=\"https:\/\/www.casafuturs.org\/\">https:\/\/www.casafuturs.org\/<\/a><\/p>\n\n\n\n<p><\/p>\n<\/details>\n\n\n\n<p><\/p>\n\n\n\n<p><strong>20:30 \u2013 21:00.<\/strong> <strong>Walking through grief and tribute to reach desire: Walk with the neighbourhood and the project participants of Structures of Affection. <\/strong><\/p>\n\n\n\n<details class=\"wp-block-details is-layout-flow wp-block-details-is-layout-flow\"><summary>Coordinator of Park Collective<\/summary>\n<p>A network of associations, grassroots organisations and cooperatives working to combat and reduce the risks of socioeconomic exclusion for the entire population. Until the flood that devastated the southern areas of Val\u00e8ncia, activities took place in the Convivial and Educational Support Day Centre, aimed at children aged 5 to 14, and in the Socio-Labour Insertion Day Centre, aimed at adolescents and young people. To date, activities are taking place in public spaces or in the facilities of the Koordinadora for the Alfafar Town Council.<br>Web <a href=\"https:\/\/kolectivosparke.org\/\">https:\/\/kolectivosparke.org\/<\/a><\/p>\n\n\n\n<p><\/p>\n<\/details>\n\n\n\n<details class=\"wp-block-details is-layout-flow wp-block-details-is-layout-flow\"><summary>Reyes Pe<\/summary>\n<p>An artist whose installation projects focus on investigating human perception beyond sight, especially through touch, primarily using textile materials. Since 2013, they have exhibited their installations and ephemeral architectural pieces in various venues across cities such as Madrid, Valencia, Castell\u00f3n, and Barcelona. Their work as an experimental *fallera* artist, developed from textile art, is particularly noteworthy. For almost ten years, Reyes Pe has focused on reinterpreting *fallas*, incorporating and promoting innovative, feminist, and diversity-focused perspectives within a traditionally male-dominated space. They create all their works from personal or collective remnants, aiming to generate minimal waste and impact, with a clear ecological and environmentally respectful perspective.&nbsp;<br><\/p>\n\n\n\n<p><\/p>\n<\/details>\n\n\n\n<p><br><strong>21:00 \u2013 22:00h. Dinner at Al Paladar<\/strong>.<\/p>\n\n\n\n<p><\/p>\n\n\n\n<p><strong>22:00-23:00<\/strong>.<strong> Palmer DJ set<\/strong><\/p>\n\n\n\n<details class=\"wp-block-details is-layout-flow wp-block-details-is-layout-flow\"><summary>Palmer<\/summary>\n<p>A trans* folk music collective. They have three albums, _Psicopompa_ (2020), _Solatge_ (2022), and _Derelicte_ (2023), and the EP _Fallanca_ (2021), filled with techno, punk, trap, folklore, angry pop lyrics and a strong desire to dance. In 2024, they released their fourth album, _Conxorxa_ (Poni de Troya), which is solidifying them as a leading group in the new electronic political folk scene.<\/p>\n\n\n\n<p><\/p>\n<\/details>\n\n\n\n<p><strong>23:15. Bus departure back to IVAM<\/strong><\/p>\n<\/blockquote>\n\n\n\n<div class=\"wp-block-buttons is-layout-flex wp-block-buttons-is-layout-flex\">\n<div class=\"wp-block-button\"><a class=\"wp-block-button__link wp-element-button\" href=\"https:\/\/docs.google.com\/forms\/d\/1BuEzWYAO1TU2ruuNW_feRunheuTNg0GadsfK5uAEnM4\/edit\">Alcosa Park Session Registration<\/a><\/div>\n<\/div>\n\n\n\n<hr class=\"wp-block-separator has-alpha-channel-opacity\"\/>\n\n<\/div>\n          \n                                <\/div>\n            <\/div>            \n        <\/div>\n    <\/div>\n<\/section>\n\n\n\n\n\n<p><\/p>","protected":false},"excerpt":{"rendered":"","protected":false},"author":2,"featured_media":4065,"comment_status":"closed","ping_status":"closed","sticky":false,"template":"","format":"standard","meta":{"_acf_changed":false,"footnotes":""},"categories":[1],"tags":[],"class_list":["post-4069","post","type-post","status-publish","format-standard","has-post-thumbnail","hentry","category-diario"],"acf":[],"yoast_head":"<!-- This site is optimized with the Yoast SEO plugin v27.5 - https:\/\/yoast.com\/product\/yoast-seo-wordpress\/ -->\n<title>Comunidades deseantes.\u00a0Cuando querer juntos ya es resistir - Concomitentes<\/title>\n<meta name=\"robots\" content=\"index, follow, max-snippet:-1, max-image-preview:large, max-video-preview:-1\" \/>\n<link rel=\"canonical\" href=\"https:\/\/concomitentes.org\/en\/desiring-communities-when-wanting-together-is-already-resisting\/\" \/>\n<meta property=\"og:locale\" content=\"en_GB\" \/>\n<meta property=\"og:type\" content=\"article\" \/>\n<meta property=\"og:title\" content=\"Comunidades deseantes.\u00a0Cuando querer juntos ya es resistir - Concomitentes\" \/>\n<meta property=\"og:url\" content=\"https:\/\/concomitentes.org\/en\/desiring-communities-when-wanting-together-is-already-resisting\/\" \/>\n<meta property=\"og:site_name\" content=\"Concomitentes\" \/>\n<meta property=\"article:published_time\" content=\"2026-04-30T13:36:16+00:00\" \/>\n<meta property=\"article:modified_time\" content=\"2026-04-30T14:22:20+00:00\" \/>\n<meta property=\"og:image\" content=\"https:\/\/concomitentes.org\/wp-content\/uploads\/2026\/04\/comunidades-deseantes-web.jpg\" \/>\n\t<meta property=\"og:image:width\" content=\"1600\" \/>\n\t<meta property=\"og:image:height\" content=\"900\" \/>\n\t<meta property=\"og:image:type\" content=\"image\/jpeg\" \/>\n<meta name=\"author\" content=\"Ana\" \/>\n<meta name=\"twitter:card\" content=\"summary_large_image\" \/>\n<meta name=\"twitter:label1\" content=\"Written by\" \/>\n\t<meta name=\"twitter:data1\" content=\"Ana\" \/>\n\t<meta name=\"twitter:label2\" content=\"Estimated reading time\" \/>\n\t<meta name=\"twitter:data2\" content=\"5 minutes\" \/>\n<script type=\"application\/ld+json\" class=\"yoast-schema-graph\">{\"@context\":\"https:\\\/\\\/schema.org\",\"@graph\":[{\"@type\":\"Article\",\"@id\":\"https:\\\/\\\/concomitentes.org\\\/comunidades-deseantes-cuando-querer-juntos-ya-es-resistir\\\/#article\",\"isPartOf\":{\"@id\":\"https:\\\/\\\/concomitentes.org\\\/comunidades-deseantes-cuando-querer-juntos-ya-es-resistir\\\/\"},\"author\":{\"name\":\"Ana\",\"@id\":\"https:\\\/\\\/concomitentes.org\\\/en\\\/#\\\/schema\\\/person\\\/c822bd5907dadc8e9f7ee29478bff224\"},\"headline\":\"Comunidades deseantes.\u00a0Cuando querer juntos ya es resistir\",\"datePublished\":\"2026-04-30T13:36:16+00:00\",\"dateModified\":\"2026-04-30T14:22:20+00:00\",\"mainEntityOfPage\":{\"@id\":\"https:\\\/\\\/concomitentes.org\\\/comunidades-deseantes-cuando-querer-juntos-ya-es-resistir\\\/\"},\"wordCount\":7660,\"image\":{\"@id\":\"https:\\\/\\\/concomitentes.org\\\/comunidades-deseantes-cuando-querer-juntos-ya-es-resistir\\\/#primaryimage\"},\"thumbnailUrl\":\"https:\\\/\\\/concomitentes.org\\\/wp-content\\\/uploads\\\/2026\\\/04\\\/comunidades-deseantes-web.jpg\",\"articleSection\":[\"Diario\"],\"inLanguage\":\"en-GB\"},{\"@type\":\"WebPage\",\"@id\":\"https:\\\/\\\/concomitentes.org\\\/comunidades-deseantes-cuando-querer-juntos-ya-es-resistir\\\/\",\"url\":\"https:\\\/\\\/concomitentes.org\\\/comunidades-deseantes-cuando-querer-juntos-ya-es-resistir\\\/\",\"name\":\"Comunidades deseantes.\u00a0Cuando querer juntos ya es resistir - Concomitentes\",\"isPartOf\":{\"@id\":\"https:\\\/\\\/concomitentes.org\\\/en\\\/#website\"},\"primaryImageOfPage\":{\"@id\":\"https:\\\/\\\/concomitentes.org\\\/comunidades-deseantes-cuando-querer-juntos-ya-es-resistir\\\/#primaryimage\"},\"image\":{\"@id\":\"https:\\\/\\\/concomitentes.org\\\/comunidades-deseantes-cuando-querer-juntos-ya-es-resistir\\\/#primaryimage\"},\"thumbnailUrl\":\"https:\\\/\\\/concomitentes.org\\\/wp-content\\\/uploads\\\/2026\\\/04\\\/comunidades-deseantes-web.jpg\",\"datePublished\":\"2026-04-30T13:36:16+00:00\",\"dateModified\":\"2026-04-30T14:22:20+00:00\",\"author\":{\"@id\":\"https:\\\/\\\/concomitentes.org\\\/en\\\/#\\\/schema\\\/person\\\/c822bd5907dadc8e9f7ee29478bff224\"},\"breadcrumb\":{\"@id\":\"https:\\\/\\\/concomitentes.org\\\/comunidades-deseantes-cuando-querer-juntos-ya-es-resistir\\\/#breadcrumb\"},\"inLanguage\":\"en-GB\",\"potentialAction\":[{\"@type\":\"ReadAction\",\"target\":[\"https:\\\/\\\/concomitentes.org\\\/comunidades-deseantes-cuando-querer-juntos-ya-es-resistir\\\/\"]}]},{\"@type\":\"ImageObject\",\"inLanguage\":\"en-GB\",\"@id\":\"https:\\\/\\\/concomitentes.org\\\/comunidades-deseantes-cuando-querer-juntos-ya-es-resistir\\\/#primaryimage\",\"url\":\"https:\\\/\\\/concomitentes.org\\\/wp-content\\\/uploads\\\/2026\\\/04\\\/comunidades-deseantes-web.jpg\",\"contentUrl\":\"https:\\\/\\\/concomitentes.org\\\/wp-content\\\/uploads\\\/2026\\\/04\\\/comunidades-deseantes-web.jpg\",\"width\":1600,\"height\":900},{\"@type\":\"BreadcrumbList\",\"@id\":\"https:\\\/\\\/concomitentes.org\\\/comunidades-deseantes-cuando-querer-juntos-ya-es-resistir\\\/#breadcrumb\",\"itemListElement\":[{\"@type\":\"ListItem\",\"position\":1,\"name\":\"Portada\",\"item\":\"https:\\\/\\\/concomitentes.org\\\/\"},{\"@type\":\"ListItem\",\"position\":2,\"name\":\"Comunidades deseantes.\u00a0Cuando querer juntos ya es resistir\"}]},{\"@type\":\"WebSite\",\"@id\":\"https:\\\/\\\/concomitentes.org\\\/en\\\/#website\",\"url\":\"https:\\\/\\\/concomitentes.org\\\/en\\\/\",\"name\":\"Concomitentes\",\"description\":\"Concomitentes promueve la creaci\u00f3n de obras de arte y media entre la sociedad civil que las encarga y los\\\/las artistas que las producen.\",\"potentialAction\":[{\"@type\":\"SearchAction\",\"target\":{\"@type\":\"EntryPoint\",\"urlTemplate\":\"https:\\\/\\\/concomitentes.org\\\/en\\\/?s={search_term_string}\"},\"query-input\":{\"@type\":\"PropertyValueSpecification\",\"valueRequired\":true,\"valueName\":\"search_term_string\"}}],\"inLanguage\":\"en-GB\"},{\"@type\":\"Person\",\"@id\":\"https:\\\/\\\/concomitentes.org\\\/en\\\/#\\\/schema\\\/person\\\/c822bd5907dadc8e9f7ee29478bff224\",\"name\":\"Ana\",\"url\":\"https:\\\/\\\/concomitentes.org\\\/en\\\/author\\\/ana\\\/\"}]}<\/script>\n<!-- \/ Yoast SEO plugin. -->","yoast_head_json":{"title":"Comunidades deseantes.\u00a0Cuando querer juntos ya es resistir - Concomitentes","robots":{"index":"index","follow":"follow","max-snippet":"max-snippet:-1","max-image-preview":"max-image-preview:large","max-video-preview":"max-video-preview:-1"},"canonical":"https:\/\/concomitentes.org\/en\/desiring-communities-when-wanting-together-is-already-resisting\/","og_locale":"en_GB","og_type":"article","og_title":"Comunidades deseantes.\u00a0Cuando querer juntos ya es resistir - Concomitentes","og_url":"https:\/\/concomitentes.org\/en\/desiring-communities-when-wanting-together-is-already-resisting\/","og_site_name":"Concomitentes","article_published_time":"2026-04-30T13:36:16+00:00","article_modified_time":"2026-04-30T14:22:20+00:00","og_image":[{"width":1600,"height":900,"url":"https:\/\/concomitentes.org\/wp-content\/uploads\/2026\/04\/comunidades-deseantes-web.jpg","type":"image\/jpeg"}],"author":"Ana","twitter_card":"summary_large_image","twitter_misc":{"Written by":"Ana","Estimated reading time":"5 minutes"},"schema":{"@context":"https:\/\/schema.org","@graph":[{"@type":"Article","@id":"https:\/\/concomitentes.org\/comunidades-deseantes-cuando-querer-juntos-ya-es-resistir\/#article","isPartOf":{"@id":"https:\/\/concomitentes.org\/comunidades-deseantes-cuando-querer-juntos-ya-es-resistir\/"},"author":{"name":"Ana","@id":"https:\/\/concomitentes.org\/en\/#\/schema\/person\/c822bd5907dadc8e9f7ee29478bff224"},"headline":"Comunidades deseantes.\u00a0Cuando querer juntos ya es resistir","datePublished":"2026-04-30T13:36:16+00:00","dateModified":"2026-04-30T14:22:20+00:00","mainEntityOfPage":{"@id":"https:\/\/concomitentes.org\/comunidades-deseantes-cuando-querer-juntos-ya-es-resistir\/"},"wordCount":7660,"image":{"@id":"https:\/\/concomitentes.org\/comunidades-deseantes-cuando-querer-juntos-ya-es-resistir\/#primaryimage"},"thumbnailUrl":"https:\/\/concomitentes.org\/wp-content\/uploads\/2026\/04\/comunidades-deseantes-web.jpg","articleSection":["Diario"],"inLanguage":"en-GB"},{"@type":"WebPage","@id":"https:\/\/concomitentes.org\/comunidades-deseantes-cuando-querer-juntos-ya-es-resistir\/","url":"https:\/\/concomitentes.org\/comunidades-deseantes-cuando-querer-juntos-ya-es-resistir\/","name":"Comunidades deseantes.\u00a0Cuando querer juntos ya es resistir - Concomitentes","isPartOf":{"@id":"https:\/\/concomitentes.org\/en\/#website"},"primaryImageOfPage":{"@id":"https:\/\/concomitentes.org\/comunidades-deseantes-cuando-querer-juntos-ya-es-resistir\/#primaryimage"},"image":{"@id":"https:\/\/concomitentes.org\/comunidades-deseantes-cuando-querer-juntos-ya-es-resistir\/#primaryimage"},"thumbnailUrl":"https:\/\/concomitentes.org\/wp-content\/uploads\/2026\/04\/comunidades-deseantes-web.jpg","datePublished":"2026-04-30T13:36:16+00:00","dateModified":"2026-04-30T14:22:20+00:00","author":{"@id":"https:\/\/concomitentes.org\/en\/#\/schema\/person\/c822bd5907dadc8e9f7ee29478bff224"},"breadcrumb":{"@id":"https:\/\/concomitentes.org\/comunidades-deseantes-cuando-querer-juntos-ya-es-resistir\/#breadcrumb"},"inLanguage":"en-GB","potentialAction":[{"@type":"ReadAction","target":["https:\/\/concomitentes.org\/comunidades-deseantes-cuando-querer-juntos-ya-es-resistir\/"]}]},{"@type":"ImageObject","inLanguage":"en-GB","@id":"https:\/\/concomitentes.org\/comunidades-deseantes-cuando-querer-juntos-ya-es-resistir\/#primaryimage","url":"https:\/\/concomitentes.org\/wp-content\/uploads\/2026\/04\/comunidades-deseantes-web.jpg","contentUrl":"https:\/\/concomitentes.org\/wp-content\/uploads\/2026\/04\/comunidades-deseantes-web.jpg","width":1600,"height":900},{"@type":"BreadcrumbList","@id":"https:\/\/concomitentes.org\/comunidades-deseantes-cuando-querer-juntos-ya-es-resistir\/#breadcrumb","itemListElement":[{"@type":"ListItem","position":1,"name":"Portada","item":"https:\/\/concomitentes.org\/"},{"@type":"ListItem","position":2,"name":"Comunidades deseantes.\u00a0Cuando querer juntos ya es resistir"}]},{"@type":"WebSite","@id":"https:\/\/concomitentes.org\/en\/#website","url":"https:\/\/concomitentes.org\/en\/","name":"Concomitentes","description":"Concomitentes promotes the creation of works of art and mediates between the civil society that commissions them and the artists who produce them.","potentialAction":[{"@type":"SearchAction","target":{"@type":"EntryPoint","urlTemplate":"https:\/\/concomitentes.org\/en\/?s={search_term_string}"},"query-input":{"@type":"PropertyValueSpecification","valueRequired":true,"valueName":"search_term_string"}}],"inLanguage":"en-GB"},{"@type":"Person","@id":"https:\/\/concomitentes.org\/en\/#\/schema\/person\/c822bd5907dadc8e9f7ee29478bff224","name":"Ana","url":"https:\/\/concomitentes.org\/en\/author\/ana\/"}]}},"_links":{"self":[{"href":"https:\/\/concomitentes.org\/en\/wp-json\/wp\/v2\/posts\/4069","targetHints":{"allow":["GET"]}}],"collection":[{"href":"https:\/\/concomitentes.org\/en\/wp-json\/wp\/v2\/posts"}],"about":[{"href":"https:\/\/concomitentes.org\/en\/wp-json\/wp\/v2\/types\/post"}],"author":[{"embeddable":true,"href":"https:\/\/concomitentes.org\/en\/wp-json\/wp\/v2\/users\/2"}],"replies":[{"embeddable":true,"href":"https:\/\/concomitentes.org\/en\/wp-json\/wp\/v2\/comments?post=4069"}],"version-history":[{"count":28,"href":"https:\/\/concomitentes.org\/en\/wp-json\/wp\/v2\/posts\/4069\/revisions"}],"predecessor-version":[{"id":4106,"href":"https:\/\/concomitentes.org\/en\/wp-json\/wp\/v2\/posts\/4069\/revisions\/4106"}],"wp:featuredmedia":[{"embeddable":true,"href":"https:\/\/concomitentes.org\/en\/wp-json\/wp\/v2\/media\/4065"}],"wp:attachment":[{"href":"https:\/\/concomitentes.org\/en\/wp-json\/wp\/v2\/media?parent=4069"}],"wp:term":[{"taxonomy":"category","embeddable":true,"href":"https:\/\/concomitentes.org\/en\/wp-json\/wp\/v2\/categories?post=4069"},{"taxonomy":"post_tag","embeddable":true,"href":"https:\/\/concomitentes.org\/en\/wp-json\/wp\/v2\/tags?post=4069"}],"curies":[{"name":"wp","href":"https:\/\/api.w.org\/{rel}","templated":true}]}}