{"id":3913,"date":"2026-03-11T12:45:53","date_gmt":"2026-03-11T12:45:53","guid":{"rendered":"https:\/\/concomitentes.org\/?p=3913"},"modified":"2026-03-11T12:49:13","modified_gmt":"2026-03-11T12:49:13","slug":"eight-projects-move-on-to-the-second-phase-of-mycelium-vi","status":"publish","type":"post","link":"https:\/\/concomitentes.org\/en\/ocho-proyectos-pasan-a-la-segunda-fase-de-micelio-vi\/","title":{"rendered":"Eight projects move on to the second phase of Micelio VI"},"content":{"rendered":"<p>Micelio VI Convocatoria de Arte Participativo has closed its first phase with the pre-selection of four initiatives for each of the categories included in the call: general category and category &lt;35. These eight projects will move on to the final phase, where they will be evaluated by the selection committee of this edition. At the end of the second phase, two selected projects will become part of the Concomitentes network. <\/p>\n\n\n\n<p>Many thanks to all the people, collectives and groups that have submitted a project to this call for proposals with the aim of having a positive impact on their environment.<\/p>\n\n\n\n<p><strong><span style=\"text-decoration: underline;\">Shortlisted projects in the general category:<\/span><\/strong><\/p>\n\n\n\n<p><strong>When the leaves weep ash<\/strong> is a participatory project that arose in response to the increase in forest fires in the Biosphere Reserve of the Oma\u00f1a and Luna Valleys (Le\u00f3n), with the aim of transforming the vulnerability of the territory into collective awareness, resilience and preventive action. The initiative seeks to activate educational, cultural and community processes that strengthen the link between population, landscape and traditional knowledge in the face of the climate crisis. A project promoted by the citizen collective Hojas volanderas, formed by inhabitants and professionals of the territory, mediated by Marta Uribarri and Laila Berm\u00fadez, cultural managers with extensive experience in curatorship, artistic production and development of cultural projects linked to community and territory.<br>Location: Valles de Oma\u00f1a y Luna, Le\u00f3n<br><br><strong>Llaqtawasi (house of the people) <\/strong>is a project that proposes to create an itinerant climatic and cultural refuge in peripheral neighbourhoods of Madrid, especially aimed at migrant communities affected by heat waves and urban environmental inequality. The initiative seeks to activate spaces of encounter, care and connection with the earth based on the knowledge and ritual practices of native peoples. A project promoted by the Asamblea Plaza de los Pueblos, an activist network linked to processes of decolonisation and defence of the land, mediated by Silvia Ram\u00edrez Monroy, a researcher and curator specialising in collaborative artistic practices, investigates the political dimension of the arts; and forms part of the collective La Parcer\u00eda.<br>Location: Madrid<br><br><strong>Nocturnitats <\/strong>is a project that seeks to involve citizens in the preservation and recovery of the ecosystems necessary for the return of fireflies, addressing issues such as habitat loss, light pollution and the deterioration of urban biodiversity. The initiative proposes to activate processes of awareness-raising, collective learning and community action on the relationship between city and nature. A project promoted by Cristina Espinosa, environmental activist, and Batec, an association dedicated to the protection and awareness of animal welfare, mediated by Helena Mu\u00f1oz, artist, manager and cultural mediator specialising in collaborative practices that connect art, education and community.<br>Location: Cardedeu, Barcelona<br><br><strong>Re-Lanar <\/strong>seeks the biocultural transition towards coupled human-natural systems in a participatory project that addresses the crisis of wool as a dead-end waste, transforming it into a strategic resource for ecological innovation, the circular economy and the preservation of the protected landscape of the Sierra Oeste de Madrid. It proposes to investigate and prototype sustainable uses and new narratives together with livestock farmers, the local community, the scientific sector and institutions, in a territory of maximum environmental protection ZEPA\/ZEC. The project is promoted by ISLA, with the support of Ateneo Antoniorrobles, a cultural association dedicated to community mediation and cultural activation. It is mediated by Luc\u00eda H. U. Mendoza, curator and cultural manager specialised in contemporary art, sustainability and climate action.<br>Location: Robledo de Chavela, Community of Madrid<\/p>\n\n\n\n<p><strong><span style=\"text-decoration: underline;\">Shortlisted projects in the &lt;35 category:<\/span><\/strong><\/p>\n\n\n\n<p><strong>Before the bush dies<\/strong> is a project that seeks to make visible the ecological and social consequences of forest fires in the province of Le\u00f3n, focusing on the forms of life - human and non-human - affected by the fire and on the need to regenerate ecosystems from a biocultural perspective. The initiative aims to raise awareness and generate new narratives about the loss of biodiversity and the resilience of the territory after the Fasgar fire. A project promoted by the interdisciplinary collective Bot\u00e1niKs, dedicated to environmental conservation and dissemination, mediated by the researcher and cultural producer Bel\u00e9n Sola (LAAV_) and the botanist Estrella Alfaro Saiz, who work at the intersection between art, science and community.<br>Location: Fasgar y Colinas del Campo de Mart\u00edn Moro Toledano, Le\u00f3n<br><br><strong>Echoes of the ravine: Laboratories of memory and landscape<\/strong> is a project that seeks to strengthen the link between young people and the territory of Valsequillo (Gran Canaria) through participatory processes that connect natural heritage, collective memory and local cultural practices. The initiative proposes creative laboratories, intergenerational walks and listening spaces to activate knowledge about the landscape and encourage care for biodiversity in the face of its degradation. A project promoted by a youth group that is being articulated under the name \u201cGeneration Barranco\u201d, linked to local associations that work on the recovery of traditions such as the silbo and the jump of the shepherd, with the mediation of Laura Ojeda and Teresa Gubern, cultural managers specialised in community mediation, participation and environmental sustainability.<strong><br><\/strong>Location: Valsequillo, Gran Canaria<br><strong><br>Emboirats (when the cloud touches the ground)<\/strong> is a project that seeks to question the dominant model of digitalisation based on the social and ecological impacts of the expansion of data centres in Aragon and Catalonia. The initiative proposes to open up, through imagination and artistic practice, new ways of thinking about fairer and more sustainable digital infrastructures, linking the defence of the territory with alternatives of ecosocial transition and digital sovereignty. A project promoted by a citizen network of neighbours, researchers and activists from different collectives working to defend the territory against the accelerated expansion of hyperscale data centres.<br>Location: G\u00e1llego River Basin: Villamayor de G\u00e1llego and Villanueva de G\u00e1llego (Zaragoza) and Cerdanyola del Vall\u00e9s (Barcelona).<br><br><strong>Water Mycelium: Biodiversity refuges in the monumental axis of historic C\u00f3rdoba<\/strong> is a project that proposes to transform spaces in the monumental surroundings of Cordoba into living climatic refuges that mitigate the extreme heat and reconnect the city with the biodiversity of the Guadalquivir River. Through art, the initiative proposes to create systems that cool the public space and encourage the presence of river flora and fauna, integrating climate adaptation, heritage and environmental justice. A project promoted by the youth collective Ra\u00edces de Cambio, formed by young people in the process of restorative justice who seek to contribute to the care of the urban environment and demonstrate the transformative potential of youth participation.<br>Location: Cordoba<\/p>\n\n\n\n<p><\/p>","protected":false},"excerpt":{"rendered":"<p>Micelio VI Convocatoria de Arte Participativo ha cerrado su primera fase con la preselecci\u00f3n de cuatro iniciativas para cada una de las categor\u00edas que figuran en la convocatoria: categor\u00eda general [&hellip;]<\/p>\n","protected":false},"author":2,"featured_media":3920,"comment_status":"closed","ping_status":"closed","sticky":false,"template":"","format":"standard","meta":{"_acf_changed":false,"footnotes":""},"categories":[1],"tags":[],"class_list":["post-3913","post","type-post","status-publish","format-standard","has-post-thumbnail","hentry","category-diario"],"acf":[],"yoast_head":"<!-- This site is optimized with the Yoast SEO plugin v27.5 - https:\/\/yoast.com\/product\/yoast-seo-wordpress\/ -->\n<title>Ocho proyectos pasan a la segunda fase de Micelio VI - Concomitentes<\/title>\n<meta name=\"robots\" content=\"index, follow, max-snippet:-1, max-image-preview:large, max-video-preview:-1\" \/>\n<link rel=\"canonical\" href=\"https:\/\/concomitentes.org\/en\/eight-projects-move-on-to-the-second-phase-of-mycelium-vi\/\" \/>\n<meta property=\"og:locale\" content=\"en_GB\" \/>\n<meta property=\"og:type\" content=\"article\" \/>\n<meta property=\"og:title\" content=\"Ocho proyectos pasan a la segunda fase de Micelio VI - Concomitentes\" \/>\n<meta property=\"og:description\" content=\"Micelio VI Convocatoria de Arte Participativo ha cerrado su primera fase con la preselecci\u00f3n de cuatro iniciativas para cada una de las categor\u00edas que figuran en la convocatoria: categor\u00eda general [&hellip;]\" \/>\n<meta property=\"og:url\" content=\"https:\/\/concomitentes.org\/en\/eight-projects-move-on-to-the-second-phase-of-mycelium-vi\/\" \/>\n<meta property=\"og:site_name\" content=\"Concomitentes\" \/>\n<meta property=\"article:published_time\" content=\"2026-03-11T12:45:53+00:00\" \/>\n<meta property=\"article:modified_time\" content=\"2026-03-11T12:49:13+00:00\" \/>\n<meta property=\"og:image\" content=\"https:\/\/concomitentes.org\/wp-content\/uploads\/2026\/03\/preseleccion_micelio-VI-web-1.jpg\" \/>\n\t<meta property=\"og:image:width\" content=\"1920\" \/>\n\t<meta property=\"og:image:height\" content=\"1080\" \/>\n\t<meta property=\"og:image:type\" content=\"image\/jpeg\" \/>\n<meta name=\"author\" content=\"Ana\" \/>\n<meta name=\"twitter:card\" content=\"summary_large_image\" \/>\n<meta name=\"twitter:label1\" content=\"Written by\" \/>\n\t<meta name=\"twitter:data1\" content=\"Ana\" \/>\n\t<meta name=\"twitter:label2\" content=\"Estimated reading time\" \/>\n\t<meta name=\"twitter:data2\" content=\"5 minutes\" \/>\n<script type=\"application\/ld+json\" class=\"yoast-schema-graph\">{\"@context\":\"https:\\\/\\\/schema.org\",\"@graph\":[{\"@type\":\"Article\",\"@id\":\"https:\\\/\\\/concomitentes.org\\\/ocho-proyectos-pasan-a-la-segunda-fase-de-micelio-vi\\\/#article\",\"isPartOf\":{\"@id\":\"https:\\\/\\\/concomitentes.org\\\/ocho-proyectos-pasan-a-la-segunda-fase-de-micelio-vi\\\/\"},\"author\":{\"name\":\"Ana\",\"@id\":\"https:\\\/\\\/concomitentes.org\\\/en\\\/#\\\/schema\\\/person\\\/c822bd5907dadc8e9f7ee29478bff224\"},\"headline\":\"Ocho proyectos pasan a la segunda fase de Micelio VI\",\"datePublished\":\"2026-03-11T12:45:53+00:00\",\"dateModified\":\"2026-03-11T12:49:13+00:00\",\"mainEntityOfPage\":{\"@id\":\"https:\\\/\\\/concomitentes.org\\\/ocho-proyectos-pasan-a-la-segunda-fase-de-micelio-vi\\\/\"},\"wordCount\":1193,\"image\":{\"@id\":\"https:\\\/\\\/concomitentes.org\\\/ocho-proyectos-pasan-a-la-segunda-fase-de-micelio-vi\\\/#primaryimage\"},\"thumbnailUrl\":\"https:\\\/\\\/concomitentes.org\\\/wp-content\\\/uploads\\\/2026\\\/03\\\/preseleccion_micelio-VI-web-1.jpg\",\"articleSection\":[\"Diario\"],\"inLanguage\":\"en-GB\"},{\"@type\":\"WebPage\",\"@id\":\"https:\\\/\\\/concomitentes.org\\\/ocho-proyectos-pasan-a-la-segunda-fase-de-micelio-vi\\\/\",\"url\":\"https:\\\/\\\/concomitentes.org\\\/ocho-proyectos-pasan-a-la-segunda-fase-de-micelio-vi\\\/\",\"name\":\"Ocho proyectos pasan a la segunda fase de Micelio VI - Concomitentes\",\"isPartOf\":{\"@id\":\"https:\\\/\\\/concomitentes.org\\\/en\\\/#website\"},\"primaryImageOfPage\":{\"@id\":\"https:\\\/\\\/concomitentes.org\\\/ocho-proyectos-pasan-a-la-segunda-fase-de-micelio-vi\\\/#primaryimage\"},\"image\":{\"@id\":\"https:\\\/\\\/concomitentes.org\\\/ocho-proyectos-pasan-a-la-segunda-fase-de-micelio-vi\\\/#primaryimage\"},\"thumbnailUrl\":\"https:\\\/\\\/concomitentes.org\\\/wp-content\\\/uploads\\\/2026\\\/03\\\/preseleccion_micelio-VI-web-1.jpg\",\"datePublished\":\"2026-03-11T12:45:53+00:00\",\"dateModified\":\"2026-03-11T12:49:13+00:00\",\"author\":{\"@id\":\"https:\\\/\\\/concomitentes.org\\\/en\\\/#\\\/schema\\\/person\\\/c822bd5907dadc8e9f7ee29478bff224\"},\"breadcrumb\":{\"@id\":\"https:\\\/\\\/concomitentes.org\\\/ocho-proyectos-pasan-a-la-segunda-fase-de-micelio-vi\\\/#breadcrumb\"},\"inLanguage\":\"en-GB\",\"potentialAction\":[{\"@type\":\"ReadAction\",\"target\":[\"https:\\\/\\\/concomitentes.org\\\/ocho-proyectos-pasan-a-la-segunda-fase-de-micelio-vi\\\/\"]}]},{\"@type\":\"ImageObject\",\"inLanguage\":\"en-GB\",\"@id\":\"https:\\\/\\\/concomitentes.org\\\/ocho-proyectos-pasan-a-la-segunda-fase-de-micelio-vi\\\/#primaryimage\",\"url\":\"https:\\\/\\\/concomitentes.org\\\/wp-content\\\/uploads\\\/2026\\\/03\\\/preseleccion_micelio-VI-web-1.jpg\",\"contentUrl\":\"https:\\\/\\\/concomitentes.org\\\/wp-content\\\/uploads\\\/2026\\\/03\\\/preseleccion_micelio-VI-web-1.jpg\",\"width\":1920,\"height\":1080},{\"@type\":\"BreadcrumbList\",\"@id\":\"https:\\\/\\\/concomitentes.org\\\/ocho-proyectos-pasan-a-la-segunda-fase-de-micelio-vi\\\/#breadcrumb\",\"itemListElement\":[{\"@type\":\"ListItem\",\"position\":1,\"name\":\"Portada\",\"item\":\"https:\\\/\\\/concomitentes.org\\\/\"},{\"@type\":\"ListItem\",\"position\":2,\"name\":\"Ocho proyectos pasan a la segunda fase de Micelio VI\"}]},{\"@type\":\"WebSite\",\"@id\":\"https:\\\/\\\/concomitentes.org\\\/en\\\/#website\",\"url\":\"https:\\\/\\\/concomitentes.org\\\/en\\\/\",\"name\":\"Concomitentes\",\"description\":\"Concomitentes promueve la creaci\u00f3n de obras de arte y media entre la sociedad civil que las encarga y los\\\/las artistas que las producen.\",\"potentialAction\":[{\"@type\":\"SearchAction\",\"target\":{\"@type\":\"EntryPoint\",\"urlTemplate\":\"https:\\\/\\\/concomitentes.org\\\/en\\\/?s={search_term_string}\"},\"query-input\":{\"@type\":\"PropertyValueSpecification\",\"valueRequired\":true,\"valueName\":\"search_term_string\"}}],\"inLanguage\":\"en-GB\"},{\"@type\":\"Person\",\"@id\":\"https:\\\/\\\/concomitentes.org\\\/en\\\/#\\\/schema\\\/person\\\/c822bd5907dadc8e9f7ee29478bff224\",\"name\":\"Ana\",\"url\":\"https:\\\/\\\/concomitentes.org\\\/en\\\/author\\\/ana\\\/\"}]}<\/script>\n<!-- \/ Yoast SEO plugin. -->","yoast_head_json":{"title":"Eight projects move on to the second phase of Micelio VI - Concomitentes","robots":{"index":"index","follow":"follow","max-snippet":"max-snippet:-1","max-image-preview":"max-image-preview:large","max-video-preview":"max-video-preview:-1"},"canonical":"https:\/\/concomitentes.org\/en\/eight-projects-move-on-to-the-second-phase-of-mycelium-vi\/","og_locale":"en_GB","og_type":"article","og_title":"Ocho proyectos pasan a la segunda fase de Micelio VI - Concomitentes","og_description":"Micelio VI Convocatoria de Arte Participativo ha cerrado su primera fase con la preselecci\u00f3n de cuatro iniciativas para cada una de las categor\u00edas que figuran en la convocatoria: categor\u00eda general [&hellip;]","og_url":"https:\/\/concomitentes.org\/en\/eight-projects-move-on-to-the-second-phase-of-mycelium-vi\/","og_site_name":"Concomitentes","article_published_time":"2026-03-11T12:45:53+00:00","article_modified_time":"2026-03-11T12:49:13+00:00","og_image":[{"width":1920,"height":1080,"url":"https:\/\/concomitentes.org\/wp-content\/uploads\/2026\/03\/preseleccion_micelio-VI-web-1.jpg","type":"image\/jpeg"}],"author":"Ana","twitter_card":"summary_large_image","twitter_misc":{"Written by":"Ana","Estimated reading time":"5 minutes"},"schema":{"@context":"https:\/\/schema.org","@graph":[{"@type":"Article","@id":"https:\/\/concomitentes.org\/ocho-proyectos-pasan-a-la-segunda-fase-de-micelio-vi\/#article","isPartOf":{"@id":"https:\/\/concomitentes.org\/ocho-proyectos-pasan-a-la-segunda-fase-de-micelio-vi\/"},"author":{"name":"Ana","@id":"https:\/\/concomitentes.org\/en\/#\/schema\/person\/c822bd5907dadc8e9f7ee29478bff224"},"headline":"Ocho proyectos pasan a la segunda fase de Micelio VI","datePublished":"2026-03-11T12:45:53+00:00","dateModified":"2026-03-11T12:49:13+00:00","mainEntityOfPage":{"@id":"https:\/\/concomitentes.org\/ocho-proyectos-pasan-a-la-segunda-fase-de-micelio-vi\/"},"wordCount":1193,"image":{"@id":"https:\/\/concomitentes.org\/ocho-proyectos-pasan-a-la-segunda-fase-de-micelio-vi\/#primaryimage"},"thumbnailUrl":"https:\/\/concomitentes.org\/wp-content\/uploads\/2026\/03\/preseleccion_micelio-VI-web-1.jpg","articleSection":["Diario"],"inLanguage":"en-GB"},{"@type":"WebPage","@id":"https:\/\/concomitentes.org\/ocho-proyectos-pasan-a-la-segunda-fase-de-micelio-vi\/","url":"https:\/\/concomitentes.org\/ocho-proyectos-pasan-a-la-segunda-fase-de-micelio-vi\/","name":"Eight projects move on to the second phase of Micelio VI - Concomitentes","isPartOf":{"@id":"https:\/\/concomitentes.org\/en\/#website"},"primaryImageOfPage":{"@id":"https:\/\/concomitentes.org\/ocho-proyectos-pasan-a-la-segunda-fase-de-micelio-vi\/#primaryimage"},"image":{"@id":"https:\/\/concomitentes.org\/ocho-proyectos-pasan-a-la-segunda-fase-de-micelio-vi\/#primaryimage"},"thumbnailUrl":"https:\/\/concomitentes.org\/wp-content\/uploads\/2026\/03\/preseleccion_micelio-VI-web-1.jpg","datePublished":"2026-03-11T12:45:53+00:00","dateModified":"2026-03-11T12:49:13+00:00","author":{"@id":"https:\/\/concomitentes.org\/en\/#\/schema\/person\/c822bd5907dadc8e9f7ee29478bff224"},"breadcrumb":{"@id":"https:\/\/concomitentes.org\/ocho-proyectos-pasan-a-la-segunda-fase-de-micelio-vi\/#breadcrumb"},"inLanguage":"en-GB","potentialAction":[{"@type":"ReadAction","target":["https:\/\/concomitentes.org\/ocho-proyectos-pasan-a-la-segunda-fase-de-micelio-vi\/"]}]},{"@type":"ImageObject","inLanguage":"en-GB","@id":"https:\/\/concomitentes.org\/ocho-proyectos-pasan-a-la-segunda-fase-de-micelio-vi\/#primaryimage","url":"https:\/\/concomitentes.org\/wp-content\/uploads\/2026\/03\/preseleccion_micelio-VI-web-1.jpg","contentUrl":"https:\/\/concomitentes.org\/wp-content\/uploads\/2026\/03\/preseleccion_micelio-VI-web-1.jpg","width":1920,"height":1080},{"@type":"BreadcrumbList","@id":"https:\/\/concomitentes.org\/ocho-proyectos-pasan-a-la-segunda-fase-de-micelio-vi\/#breadcrumb","itemListElement":[{"@type":"ListItem","position":1,"name":"Portada","item":"https:\/\/concomitentes.org\/"},{"@type":"ListItem","position":2,"name":"Ocho proyectos pasan a la segunda fase de Micelio VI"}]},{"@type":"WebSite","@id":"https:\/\/concomitentes.org\/en\/#website","url":"https:\/\/concomitentes.org\/en\/","name":"Concomitentes","description":"Concomitentes promotes the creation of works of art and mediates between the civil society that commissions them and the artists who produce them.","potentialAction":[{"@type":"SearchAction","target":{"@type":"EntryPoint","urlTemplate":"https:\/\/concomitentes.org\/en\/?s={search_term_string}"},"query-input":{"@type":"PropertyValueSpecification","valueRequired":true,"valueName":"search_term_string"}}],"inLanguage":"en-GB"},{"@type":"Person","@id":"https:\/\/concomitentes.org\/en\/#\/schema\/person\/c822bd5907dadc8e9f7ee29478bff224","name":"Ana","url":"https:\/\/concomitentes.org\/en\/author\/ana\/"}]}},"_links":{"self":[{"href":"https:\/\/concomitentes.org\/en\/wp-json\/wp\/v2\/posts\/3913","targetHints":{"allow":["GET"]}}],"collection":[{"href":"https:\/\/concomitentes.org\/en\/wp-json\/wp\/v2\/posts"}],"about":[{"href":"https:\/\/concomitentes.org\/en\/wp-json\/wp\/v2\/types\/post"}],"author":[{"embeddable":true,"href":"https:\/\/concomitentes.org\/en\/wp-json\/wp\/v2\/users\/2"}],"replies":[{"embeddable":true,"href":"https:\/\/concomitentes.org\/en\/wp-json\/wp\/v2\/comments?post=3913"}],"version-history":[{"count":2,"href":"https:\/\/concomitentes.org\/en\/wp-json\/wp\/v2\/posts\/3913\/revisions"}],"predecessor-version":[{"id":3921,"href":"https:\/\/concomitentes.org\/en\/wp-json\/wp\/v2\/posts\/3913\/revisions\/3921"}],"wp:featuredmedia":[{"embeddable":true,"href":"https:\/\/concomitentes.org\/en\/wp-json\/wp\/v2\/media\/3920"}],"wp:attachment":[{"href":"https:\/\/concomitentes.org\/en\/wp-json\/wp\/v2\/media?parent=3913"}],"wp:term":[{"taxonomy":"category","embeddable":true,"href":"https:\/\/concomitentes.org\/en\/wp-json\/wp\/v2\/categories?post=3913"},{"taxonomy":"post_tag","embeddable":true,"href":"https:\/\/concomitentes.org\/en\/wp-json\/wp\/v2\/tags?post=3913"}],"curies":[{"name":"wp","href":"https:\/\/api.w.org\/{rel}","templated":true}]}}