{"id":3503,"date":"2026-01-22T11:34:51","date_gmt":"2026-01-22T11:34:51","guid":{"rendered":"https:\/\/concomitentes.org\/?p=3503"},"modified":"2026-02-19T11:24:34","modified_gmt":"2026-02-19T11:24:34","slug":"micelio-vi-call-for-proposals-will-select-two-citizens-projects","status":"publish","type":"post","link":"https:\/\/concomitentes.org\/en\/la-convocatoria-micelio-vi-seleccionara-dos-proyectos-ciudadanos\/","title":{"rendered":"Micelio VI call for proposals will select two citizen projects"},"content":{"rendered":"<p>In order to facilitate the work of mediators and citizens' groups, this year Concomitentes has unified what last year were two calls for proposals: one aimed at the general public and the other at people under 35 years of age. <\/p>\n\n\n\n<p>Thus, on this occasion, the call, endowed with \u20ac80,000, <strong>will select two citizens' initiatives<\/strong>&nbsp;aimed at tackling an environmental issue through participatory art. One of the initiatives will be selected in the general category and the other in the &lt;35 category, aimed at a citizen group made up of young people under the age of 35.<\/p>\n\n\n\n<p>As in the past, the procedure for the submission of proposals will consist of two phases: one&nbsp;<strong>first phase of initial approach\/definition<\/strong> of the project (with basic information about the idea), and a&nbsp;<strong>second development phase for five selected proposals.<\/strong> This second phase will be remunerated with \u20ac200 (taxable base).<\/p>\n\n\n\n<p>Proposals will be received from anywhere in Spain.<\/p>\n\n\n\n<div class=\"wp-block-buttons is-layout-flex wp-block-buttons-is-layout-flex\">\n<div class=\"wp-block-button\"><a class=\"wp-block-button__link wp-element-button\" href=\"https:\/\/concomitentes.org\/wp-content\/uploads\/2026\/01\/Micelio-2026-bases-maquetadas-2.pdf\">Complete rules<\/a><\/div>\n<\/div>\n\n\n\n<h3 class=\"wp-block-heading\"><strong>Who is this call addressed to?<\/strong><\/h3>\n\n\n\n<p>1. <span style=\"text-decoration: underline;\">Group of principals<\/span>A collective led by citizens who have a common goal. People who operate in a specific territory or context and have a claim, idea or desire to improve their community through an artistic project. For example; a group of neighbours, an activist collective, a citizen's platform, a work team... This group must be solid and be open to <strong>commit themselves on a voluntary basis to a project that will last around 18 months.<\/strong>. The collective can be formal or informal, legally registered as an association or not.<br><br>In the event that the citizens' collective does not have contact with a mediator\/agents from the cultural sector who can accompany them in the process, <strong>may be submitted independently <\/strong>raising<strong> <\/strong>Concomitentes will assist in the search for and selection of a suitable mediator for the objectives and needs of the project, should the project be selected.<br><br>In the case of the category Mycelium &lt;35, the majority representation and leadership of young people in the group will be taken into account.<br><\/p>\n\n\n\n<p>2. <span style=\"text-decoration: underline;\">The mediator:<\/span> A person who assumes the role of mediation, which is understood to be that of <strong>a professional from the cultural and contemporary arts sector specialising in mediation, curating and cultural management,<\/strong> who also has a special sensitivity and empathy for mediating between social collectives and artists, experience in participatory cultural practices and in the integrated management of projects.<\/p>\n\n\n\n<p>The mediator is the link between the project and Concomitentes, and will be in constant communication with a work team that will support her throughout the development of the project. She will also take part in the different activities and working groups that are developed and promoted by the association on behalf of her project.<br><br>In the case of the category Mycelium &lt;35, it will be valued that this profile is also less than 35 years old, without being an excluding criterion.<\/p>\n\n\n\n<h3 class=\"wp-block-heading\"><strong>The budget for this edition<\/strong><\/h3>\n\n\n\n<p>Each selected project will be allocated a budget line of&nbsp;<strong>40,000 euros<\/strong>, 14,000 of which shall be used for the fees of the mediator and 26,000 euros for the production of the work and fees for the artist who will be selected in the final phase of the project, after the mediation process. <\/p>\n\n\n\n<p>The duration of the participatory art project is estimated to be 18 months, once the resolution is communicated.<\/p>\n\n\n\n<p><strong>Deadlines to consider<\/strong><\/p>\n\n\n\n<ul class=\"wp-block-list\">\n<li><strong>Opening of the call:<\/strong> 22 January 2026<\/li>\n\n\n\n<li><strong>Online briefing:<\/strong> 9 February 2026 at 16:30h.<br><strong>Pre-registration<\/strong> via the online form available here.<\/li>\n\n\n\n<li><strong>Closure of the call for proposals (first phase - \u201cThe idea\u201d):<\/strong> 1 March 2026 at 23:59.<\/li>\n\n\n\n<li><strong>Selection of <\/strong><strong>8 projects<\/strong><strong> finalists and start of the second phase:<\/strong> 6 March 2026<\/li>\n\n\n\n<li><strong>Reception of projects (2nd phase - \u201cThe proposal\u201d):<\/strong> until 22 March 2026 at 23:59 h<\/li>\n\n\n\n<li><strong>Evaluation of projects with the committee (2nd phase):<\/strong> early April 2026&nbsp;<\/li>\n\n\n\n<li><strong>Resolution - deadline:<\/strong> 15 April 2026<\/li>\n\n\n\n<li><strong>Start of the selected concomitance:<\/strong> spring 2026<\/li>\n<\/ul>\n\n\n\n<p><strong>Why \u201cMycelium\u201d?<\/strong><\/p>\n\n\n\n<p>The mycelium is a subterranean network of interconnected life that demonstrates the amazing ability of fungi to cooperate and communicate. More than simply exchanging resources, these networks actively interpret and respond to their environment, demonstrating that interdependence is key to life. Like mycelium, people build systems of exchange that connect us and allow us to negotiate and inhabit the planet cooperatively between human and non-human communities. That is why this call, focused on the connection between people and their environment and the care of the planet, adopts from this edition the name of Mycelium.&nbsp;<\/p>\n\n\n\n<p><br><strong>For further information:<\/strong><\/p>\n\n\n\n<ul class=\"wp-block-list\">\n<li>Access&nbsp;<a href=\"https:\/\/docs.google.com\/forms\/d\/e\/1FAIpQLSdLZTys5JBZie6HTKuLYG_wcGFmueIYVTxscLVQ9JpVU1NObQ\/viewform?usp=header\">here<\/a>&nbsp;to the application form.<\/li>\n\n\n\n<li>There will be a\u00a0<strong>online briefing<\/strong>\u00a0(via Zoom) on\u00a0<strong>9 February 2026 at 4.30 p.m.<\/strong>. Reservations must be made through\u00a0<a href=\"https:\/\/docs.google.com\/forms\/d\/e\/1FAIpQLSe7l3T0i_hG6GZZ_hm2TEQBdrZmovfGdhalGFwwIw-H1fQU2Q\/viewform?usp=header\">this form<\/a>.<\/li>\n\n\n\n<li>See project details \u2018<a href=\"https:\/\/concomitentes.org\/en\/concomitances\/solar-narratives\/\">Solar Narratives<\/a>\u2018, which won in 2022; \u2018<a href=\"https:\/\/concomitentes.org\/en\/concomitances\/non-plus-ultra\/\">Non Plus Ultra\u2019.\u2019<\/a>, in 2023, \u2018<a href=\"https:\/\/concomitentes.org\/en\/concomitances\/os-contos-de-leite\/\">The stories of milk<\/a>\u2019, in 2024; \u2018<a href=\"https:\/\/concomitentes.org\/en\/concomitances\/structures-of-affection\/\">Structures of affection<\/a>\u2018selected in the first call for proposals in 2025, and <a href=\"https:\/\/concomitentes.org\/en\/clearer-than-water\/\">Clearer than water<\/a>, selected in the second call of 2025.<\/li>\n\n\n\n<li>If you want to better understand the way Concomitentes works, please consult&nbsp;<a href=\"https:\/\/www.youtube.com\/watch?v=UeOll4Soke0&amp;embeds_referring_euri=https%3A%2F%2Fconcomitentes.org%2F&amp;source_ve_path=MjM4NTE\">this video<\/a>&nbsp;that explains it to you in just one minute:<\/li>\n<\/ul>\n\n\n\n<figure class=\"wp-block-embed is-type-video is-provider-youtube wp-block-embed-youtube wp-embed-aspect-16-9 wp-has-aspect-ratio\"><div class=\"wp-block-embed__wrapper\">\n<iframe loading=\"lazy\" title=\"Mediation in Concomitentes\" width=\"500\" height=\"281\" src=\"https:\/\/www.youtube.com\/embed\/UeOll4Soke0?feature=oembed\" frameborder=\"0\" allow=\"accelerometer; autoplay; clipboard-write; encrypted-media; gyroscope; picture-in-picture; web-share\" referrerpolicy=\"strict-origin-when-cross-origin\" allowfullscreen><\/iframe>\n<\/div><\/figure>\n\n\n\n<p>\u2192 You can find more information about our work at:<\/p>\n\n\n\n<p><a href=\"https:\/\/concomitentes.org\/en\/\">www.concomitentes.org<\/a><\/p>","protected":false},"excerpt":{"rendered":"<p>Para facilitar el trabajo de mediadoras y grupos ciudadanos, este a\u00f1o Concomitentes unifica en una misma convocatoria lo que el a\u00f1o pasado eran dos: una dirigida a p\u00fablico general y [&hellip;]<\/p>\n","protected":false},"author":2,"featured_media":3521,"comment_status":"closed","ping_status":"closed","sticky":false,"template":"","format":"standard","meta":{"_acf_changed":false,"footnotes":""},"categories":[1],"tags":[],"class_list":["post-3503","post","type-post","status-publish","format-standard","has-post-thumbnail","hentry","category-diario"],"acf":[],"yoast_head":"<!-- This site is optimized with the Yoast SEO plugin v27.5 - https:\/\/yoast.com\/product\/yoast-seo-wordpress\/ -->\n<title>La convocatoria Micelio VI seleccionar\u00e1 dos proyectos ciudadanos - Concomitentes<\/title>\n<meta name=\"robots\" content=\"index, follow, max-snippet:-1, max-image-preview:large, max-video-preview:-1\" \/>\n<link rel=\"canonical\" href=\"https:\/\/concomitentes.org\/en\/micelio-vi-call-for-proposals-will-select-two-citizens-projects\/\" \/>\n<meta property=\"og:locale\" content=\"en_GB\" \/>\n<meta property=\"og:type\" content=\"article\" \/>\n<meta property=\"og:title\" content=\"La convocatoria Micelio VI seleccionar\u00e1 dos proyectos ciudadanos - Concomitentes\" \/>\n<meta property=\"og:description\" content=\"Para facilitar el trabajo de mediadoras y grupos ciudadanos, este a\u00f1o Concomitentes unifica en una misma convocatoria lo que el a\u00f1o pasado eran dos: una dirigida a p\u00fablico general y [&hellip;]\" \/>\n<meta property=\"og:url\" content=\"https:\/\/concomitentes.org\/en\/micelio-vi-call-for-proposals-will-select-two-citizens-projects\/\" \/>\n<meta property=\"og:site_name\" content=\"Concomitentes\" \/>\n<meta property=\"article:published_time\" content=\"2026-01-22T11:34:51+00:00\" \/>\n<meta property=\"article:modified_time\" content=\"2026-02-19T11:24:34+00:00\" \/>\n<meta property=\"og:image\" content=\"https:\/\/concomitentes.org\/wp-content\/uploads\/2026\/01\/Micelio-VI_Portada-web-scaled.jpg\" \/>\n\t<meta property=\"og:image:width\" content=\"2560\" \/>\n\t<meta property=\"og:image:height\" content=\"1440\" \/>\n\t<meta property=\"og:image:type\" content=\"image\/jpeg\" \/>\n<meta name=\"author\" content=\"Ana\" \/>\n<meta name=\"twitter:card\" content=\"summary_large_image\" \/>\n<meta name=\"twitter:label1\" content=\"Written by\" \/>\n\t<meta name=\"twitter:data1\" content=\"Ana\" \/>\n\t<meta name=\"twitter:label2\" content=\"Estimated reading time\" \/>\n\t<meta name=\"twitter:data2\" content=\"5 minutes\" \/>\n<script type=\"application\/ld+json\" class=\"yoast-schema-graph\">{\"@context\":\"https:\\\/\\\/schema.org\",\"@graph\":[{\"@type\":\"Article\",\"@id\":\"https:\\\/\\\/concomitentes.org\\\/la-convocatoria-micelio-vi-seleccionara-dos-proyectos-ciudadanos\\\/#article\",\"isPartOf\":{\"@id\":\"https:\\\/\\\/concomitentes.org\\\/la-convocatoria-micelio-vi-seleccionara-dos-proyectos-ciudadanos\\\/\"},\"author\":{\"name\":\"Ana\",\"@id\":\"https:\\\/\\\/concomitentes.org\\\/en\\\/#\\\/schema\\\/person\\\/c822bd5907dadc8e9f7ee29478bff224\"},\"headline\":\"La convocatoria Micelio VI seleccionar\u00e1 dos proyectos ciudadanos\",\"datePublished\":\"2026-01-22T11:34:51+00:00\",\"dateModified\":\"2026-02-19T11:24:34+00:00\",\"mainEntityOfPage\":{\"@id\":\"https:\\\/\\\/concomitentes.org\\\/la-convocatoria-micelio-vi-seleccionara-dos-proyectos-ciudadanos\\\/\"},\"wordCount\":956,\"image\":{\"@id\":\"https:\\\/\\\/concomitentes.org\\\/la-convocatoria-micelio-vi-seleccionara-dos-proyectos-ciudadanos\\\/#primaryimage\"},\"thumbnailUrl\":\"https:\\\/\\\/concomitentes.org\\\/wp-content\\\/uploads\\\/2026\\\/01\\\/Micelio-VI_Portada-web-scaled.jpg\",\"articleSection\":[\"Diario\"],\"inLanguage\":\"en-GB\"},{\"@type\":\"WebPage\",\"@id\":\"https:\\\/\\\/concomitentes.org\\\/la-convocatoria-micelio-vi-seleccionara-dos-proyectos-ciudadanos\\\/\",\"url\":\"https:\\\/\\\/concomitentes.org\\\/la-convocatoria-micelio-vi-seleccionara-dos-proyectos-ciudadanos\\\/\",\"name\":\"La convocatoria Micelio VI seleccionar\u00e1 dos proyectos ciudadanos - Concomitentes\",\"isPartOf\":{\"@id\":\"https:\\\/\\\/concomitentes.org\\\/en\\\/#website\"},\"primaryImageOfPage\":{\"@id\":\"https:\\\/\\\/concomitentes.org\\\/la-convocatoria-micelio-vi-seleccionara-dos-proyectos-ciudadanos\\\/#primaryimage\"},\"image\":{\"@id\":\"https:\\\/\\\/concomitentes.org\\\/la-convocatoria-micelio-vi-seleccionara-dos-proyectos-ciudadanos\\\/#primaryimage\"},\"thumbnailUrl\":\"https:\\\/\\\/concomitentes.org\\\/wp-content\\\/uploads\\\/2026\\\/01\\\/Micelio-VI_Portada-web-scaled.jpg\",\"datePublished\":\"2026-01-22T11:34:51+00:00\",\"dateModified\":\"2026-02-19T11:24:34+00:00\",\"author\":{\"@id\":\"https:\\\/\\\/concomitentes.org\\\/en\\\/#\\\/schema\\\/person\\\/c822bd5907dadc8e9f7ee29478bff224\"},\"breadcrumb\":{\"@id\":\"https:\\\/\\\/concomitentes.org\\\/la-convocatoria-micelio-vi-seleccionara-dos-proyectos-ciudadanos\\\/#breadcrumb\"},\"inLanguage\":\"en-GB\",\"potentialAction\":[{\"@type\":\"ReadAction\",\"target\":[\"https:\\\/\\\/concomitentes.org\\\/la-convocatoria-micelio-vi-seleccionara-dos-proyectos-ciudadanos\\\/\"]}]},{\"@type\":\"ImageObject\",\"inLanguage\":\"en-GB\",\"@id\":\"https:\\\/\\\/concomitentes.org\\\/la-convocatoria-micelio-vi-seleccionara-dos-proyectos-ciudadanos\\\/#primaryimage\",\"url\":\"https:\\\/\\\/concomitentes.org\\\/wp-content\\\/uploads\\\/2026\\\/01\\\/Micelio-VI_Portada-web-scaled.jpg\",\"contentUrl\":\"https:\\\/\\\/concomitentes.org\\\/wp-content\\\/uploads\\\/2026\\\/01\\\/Micelio-VI_Portada-web-scaled.jpg\",\"width\":2560,\"height\":1440},{\"@type\":\"BreadcrumbList\",\"@id\":\"https:\\\/\\\/concomitentes.org\\\/la-convocatoria-micelio-vi-seleccionara-dos-proyectos-ciudadanos\\\/#breadcrumb\",\"itemListElement\":[{\"@type\":\"ListItem\",\"position\":1,\"name\":\"Portada\",\"item\":\"https:\\\/\\\/concomitentes.org\\\/\"},{\"@type\":\"ListItem\",\"position\":2,\"name\":\"La convocatoria Micelio VI seleccionar\u00e1 dos proyectos ciudadanos\"}]},{\"@type\":\"WebSite\",\"@id\":\"https:\\\/\\\/concomitentes.org\\\/en\\\/#website\",\"url\":\"https:\\\/\\\/concomitentes.org\\\/en\\\/\",\"name\":\"Concomitentes\",\"description\":\"Concomitentes promueve la creaci\u00f3n de obras de arte y media entre la sociedad civil que las encarga y los\\\/las artistas que las producen.\",\"potentialAction\":[{\"@type\":\"SearchAction\",\"target\":{\"@type\":\"EntryPoint\",\"urlTemplate\":\"https:\\\/\\\/concomitentes.org\\\/en\\\/?s={search_term_string}\"},\"query-input\":{\"@type\":\"PropertyValueSpecification\",\"valueRequired\":true,\"valueName\":\"search_term_string\"}}],\"inLanguage\":\"en-GB\"},{\"@type\":\"Person\",\"@id\":\"https:\\\/\\\/concomitentes.org\\\/en\\\/#\\\/schema\\\/person\\\/c822bd5907dadc8e9f7ee29478bff224\",\"name\":\"Ana\",\"url\":\"https:\\\/\\\/concomitentes.org\\\/en\\\/author\\\/ana\\\/\"}]}<\/script>\n<!-- \/ Yoast SEO plugin. -->","yoast_head_json":{"title":"Micelio VI call for proposals will select two citizen projects - Concomitentes","robots":{"index":"index","follow":"follow","max-snippet":"max-snippet:-1","max-image-preview":"max-image-preview:large","max-video-preview":"max-video-preview:-1"},"canonical":"https:\/\/concomitentes.org\/en\/micelio-vi-call-for-proposals-will-select-two-citizens-projects\/","og_locale":"en_GB","og_type":"article","og_title":"La convocatoria Micelio VI seleccionar\u00e1 dos proyectos ciudadanos - Concomitentes","og_description":"Para facilitar el trabajo de mediadoras y grupos ciudadanos, este a\u00f1o Concomitentes unifica en una misma convocatoria lo que el a\u00f1o pasado eran dos: una dirigida a p\u00fablico general y [&hellip;]","og_url":"https:\/\/concomitentes.org\/en\/micelio-vi-call-for-proposals-will-select-two-citizens-projects\/","og_site_name":"Concomitentes","article_published_time":"2026-01-22T11:34:51+00:00","article_modified_time":"2026-02-19T11:24:34+00:00","og_image":[{"width":2560,"height":1440,"url":"https:\/\/concomitentes.org\/wp-content\/uploads\/2026\/01\/Micelio-VI_Portada-web-scaled.jpg","type":"image\/jpeg"}],"author":"Ana","twitter_card":"summary_large_image","twitter_misc":{"Written by":"Ana","Estimated reading time":"5 minutes"},"schema":{"@context":"https:\/\/schema.org","@graph":[{"@type":"Article","@id":"https:\/\/concomitentes.org\/la-convocatoria-micelio-vi-seleccionara-dos-proyectos-ciudadanos\/#article","isPartOf":{"@id":"https:\/\/concomitentes.org\/la-convocatoria-micelio-vi-seleccionara-dos-proyectos-ciudadanos\/"},"author":{"name":"Ana","@id":"https:\/\/concomitentes.org\/en\/#\/schema\/person\/c822bd5907dadc8e9f7ee29478bff224"},"headline":"La convocatoria Micelio VI seleccionar\u00e1 dos proyectos ciudadanos","datePublished":"2026-01-22T11:34:51+00:00","dateModified":"2026-02-19T11:24:34+00:00","mainEntityOfPage":{"@id":"https:\/\/concomitentes.org\/la-convocatoria-micelio-vi-seleccionara-dos-proyectos-ciudadanos\/"},"wordCount":956,"image":{"@id":"https:\/\/concomitentes.org\/la-convocatoria-micelio-vi-seleccionara-dos-proyectos-ciudadanos\/#primaryimage"},"thumbnailUrl":"https:\/\/concomitentes.org\/wp-content\/uploads\/2026\/01\/Micelio-VI_Portada-web-scaled.jpg","articleSection":["Diario"],"inLanguage":"en-GB"},{"@type":"WebPage","@id":"https:\/\/concomitentes.org\/la-convocatoria-micelio-vi-seleccionara-dos-proyectos-ciudadanos\/","url":"https:\/\/concomitentes.org\/la-convocatoria-micelio-vi-seleccionara-dos-proyectos-ciudadanos\/","name":"Micelio VI call for proposals will select two citizen projects - Concomitentes","isPartOf":{"@id":"https:\/\/concomitentes.org\/en\/#website"},"primaryImageOfPage":{"@id":"https:\/\/concomitentes.org\/la-convocatoria-micelio-vi-seleccionara-dos-proyectos-ciudadanos\/#primaryimage"},"image":{"@id":"https:\/\/concomitentes.org\/la-convocatoria-micelio-vi-seleccionara-dos-proyectos-ciudadanos\/#primaryimage"},"thumbnailUrl":"https:\/\/concomitentes.org\/wp-content\/uploads\/2026\/01\/Micelio-VI_Portada-web-scaled.jpg","datePublished":"2026-01-22T11:34:51+00:00","dateModified":"2026-02-19T11:24:34+00:00","author":{"@id":"https:\/\/concomitentes.org\/en\/#\/schema\/person\/c822bd5907dadc8e9f7ee29478bff224"},"breadcrumb":{"@id":"https:\/\/concomitentes.org\/la-convocatoria-micelio-vi-seleccionara-dos-proyectos-ciudadanos\/#breadcrumb"},"inLanguage":"en-GB","potentialAction":[{"@type":"ReadAction","target":["https:\/\/concomitentes.org\/la-convocatoria-micelio-vi-seleccionara-dos-proyectos-ciudadanos\/"]}]},{"@type":"ImageObject","inLanguage":"en-GB","@id":"https:\/\/concomitentes.org\/la-convocatoria-micelio-vi-seleccionara-dos-proyectos-ciudadanos\/#primaryimage","url":"https:\/\/concomitentes.org\/wp-content\/uploads\/2026\/01\/Micelio-VI_Portada-web-scaled.jpg","contentUrl":"https:\/\/concomitentes.org\/wp-content\/uploads\/2026\/01\/Micelio-VI_Portada-web-scaled.jpg","width":2560,"height":1440},{"@type":"BreadcrumbList","@id":"https:\/\/concomitentes.org\/la-convocatoria-micelio-vi-seleccionara-dos-proyectos-ciudadanos\/#breadcrumb","itemListElement":[{"@type":"ListItem","position":1,"name":"Portada","item":"https:\/\/concomitentes.org\/"},{"@type":"ListItem","position":2,"name":"La convocatoria Micelio VI seleccionar\u00e1 dos proyectos ciudadanos"}]},{"@type":"WebSite","@id":"https:\/\/concomitentes.org\/en\/#website","url":"https:\/\/concomitentes.org\/en\/","name":"Concomitentes","description":"Concomitentes promotes the creation of works of art and mediates between the civil society that commissions them and the artists who produce them.","potentialAction":[{"@type":"SearchAction","target":{"@type":"EntryPoint","urlTemplate":"https:\/\/concomitentes.org\/en\/?s={search_term_string}"},"query-input":{"@type":"PropertyValueSpecification","valueRequired":true,"valueName":"search_term_string"}}],"inLanguage":"en-GB"},{"@type":"Person","@id":"https:\/\/concomitentes.org\/en\/#\/schema\/person\/c822bd5907dadc8e9f7ee29478bff224","name":"Ana","url":"https:\/\/concomitentes.org\/en\/author\/ana\/"}]}},"_links":{"self":[{"href":"https:\/\/concomitentes.org\/en\/wp-json\/wp\/v2\/posts\/3503","targetHints":{"allow":["GET"]}}],"collection":[{"href":"https:\/\/concomitentes.org\/en\/wp-json\/wp\/v2\/posts"}],"about":[{"href":"https:\/\/concomitentes.org\/en\/wp-json\/wp\/v2\/types\/post"}],"author":[{"embeddable":true,"href":"https:\/\/concomitentes.org\/en\/wp-json\/wp\/v2\/users\/2"}],"replies":[{"embeddable":true,"href":"https:\/\/concomitentes.org\/en\/wp-json\/wp\/v2\/comments?post=3503"}],"version-history":[{"count":8,"href":"https:\/\/concomitentes.org\/en\/wp-json\/wp\/v2\/posts\/3503\/revisions"}],"predecessor-version":[{"id":3726,"href":"https:\/\/concomitentes.org\/en\/wp-json\/wp\/v2\/posts\/3503\/revisions\/3726"}],"wp:featuredmedia":[{"embeddable":true,"href":"https:\/\/concomitentes.org\/en\/wp-json\/wp\/v2\/media\/3521"}],"wp:attachment":[{"href":"https:\/\/concomitentes.org\/en\/wp-json\/wp\/v2\/media?parent=3503"}],"wp:term":[{"taxonomy":"category","embeddable":true,"href":"https:\/\/concomitentes.org\/en\/wp-json\/wp\/v2\/categories?post=3503"},{"taxonomy":"post_tag","embeddable":true,"href":"https:\/\/concomitentes.org\/en\/wp-json\/wp\/v2\/tags?post=3503"}],"curies":[{"name":"wp","href":"https:\/\/api.w.org\/{rel}","templated":true}]}}