{"id":3371,"date":"2026-01-05T09:18:08","date_gmt":"2026-01-05T09:18:08","guid":{"rendered":"https:\/\/concomitentes.org\/?p=3371"},"modified":"2026-03-16T10:46:54","modified_gmt":"2026-03-16T10:46:54","slug":"the-grey-hairs","status":"publish","type":"post","link":"https:\/\/concomitentes.org\/en\/los-canos\/","title":{"rendered":"The pipes"},"content":{"rendered":"<p>Non plus ultra, concomitance mediated by Jose Iglesias Garc\u00eda-Arenal, was born in the south of Extremadura with the aim of contributing to generate narratives for the territory beyond colonial and patriarchal discourses. <\/p>\n\n\n\n<p>Understanding that there was a correlation between the literal drought of the ecosystems of southern Badajoz and the more metaphorical drought of stories in the area, the group of commissioners commissioned the artist Francesc Ruiz to create a work that would help to generate new stories for the territory and highlight the richness that already exists in the area.<\/p>\n\n\n\n<p>In response, the artist Francesc Ruiz created the comic *Los ca\u00f1os*, which reimagines the Los Ca\u00f1os de Zafra housing estate as a place where water once again springs from the pillars and where lorries have eyes, mouths, and thirst. It embraces historical memory and seeks solutions so that ecosystems do not collapse, whilst simultaneously finding gaps through which to escape the networks of hyper-productive logistics.<br><\/p>\n\n\n\n<p>Playing with the expanded comic, the comic ended up overflowing its own format and ended up circulating around the territory in the form of a poster that was used to wallpaper Los Santos de Maimona, an intervention in the magazine El mensajero, a vinyl in an abandoned petrol station, some stickers...<\/p>\n\n\n\n<p>In addition to Ruiz's work, his work led to the purchase of a risograph printing press called El chorrillo, which the inhabitants of the south of Badajoz will be able to use to continue printing stories. <\/p>\n\n\n\n<figure class=\"wp-block-image size-large\"><img loading=\"lazy\" decoding=\"async\" width=\"1535\" height=\"1024\" src=\"https:\/\/concomitentes.org\/wp-content\/uploads\/2026\/01\/de-Felix-Mendez_LOS-CANOS-medios-34-4-1535x1024.jpg\" alt=\"\" class=\"wp-image-3410\" srcset=\"https:\/\/concomitentes.org\/wp-content\/uploads\/2026\/01\/de-Felix-Mendez_LOS-CANOS-medios-34-4-1535x1024.jpg 1535w, https:\/\/concomitentes.org\/wp-content\/uploads\/2026\/01\/de-Felix-Mendez_LOS-CANOS-medios-34-4-1200x801.jpg 1200w, https:\/\/concomitentes.org\/wp-content\/uploads\/2026\/01\/de-Felix-Mendez_LOS-CANOS-medios-34-4-768x512.jpg 768w, https:\/\/concomitentes.org\/wp-content\/uploads\/2026\/01\/de-Felix-Mendez_LOS-CANOS-medios-34-4-1536x1025.jpg 1536w, https:\/\/concomitentes.org\/wp-content\/uploads\/2026\/01\/de-Felix-Mendez_LOS-CANOS-medios-34-4-18x12.jpg 18w, https:\/\/concomitentes.org\/wp-content\/uploads\/2026\/01\/de-Felix-Mendez_LOS-CANOS-medios-34-4-600x400.jpg 600w, https:\/\/concomitentes.org\/wp-content\/uploads\/2026\/01\/de-Felix-Mendez_LOS-CANOS-medios-34-4.jpg 1809w\" sizes=\"auto, (max-width: 1535px) 100vw, 1535px\" \/><\/figure>\n\n\n\n<p><\/p>\n\n\n\n<figure class=\"wp-block-gallery has-nested-images columns-default is-cropped wp-block-gallery-1 is-layout-flex wp-block-gallery-is-layout-flex\">\n<figure class=\"wp-block-image size-large\"><img loading=\"lazy\" decoding=\"async\" width=\"1066\" height=\"1024\" data-id=\"3419\" src=\"https:\/\/concomitentes.org\/wp-content\/uploads\/2026\/01\/LOS-CANOS-medios-32-4-1066x1024.jpg\" alt=\"\" class=\"wp-image-3419\" srcset=\"https:\/\/concomitentes.org\/wp-content\/uploads\/2026\/01\/LOS-CANOS-medios-32-4-1066x1024.jpg 1066w, https:\/\/concomitentes.org\/wp-content\/uploads\/2026\/01\/LOS-CANOS-medios-32-4-937x900.jpg 937w, https:\/\/concomitentes.org\/wp-content\/uploads\/2026\/01\/LOS-CANOS-medios-32-4-768x737.jpg 768w, https:\/\/concomitentes.org\/wp-content\/uploads\/2026\/01\/LOS-CANOS-medios-32-4-12x12.jpg 12w, https:\/\/concomitentes.org\/wp-content\/uploads\/2026\/01\/LOS-CANOS-medios-32-4-600x576.jpg 600w, https:\/\/concomitentes.org\/wp-content\/uploads\/2026\/01\/LOS-CANOS-medios-32-4.jpg 1131w\" sizes=\"auto, (max-width: 1066px) 100vw, 1066px\" \/><\/figure>\n\n\n\n<figure class=\"wp-block-image size-full\"><img loading=\"lazy\" decoding=\"async\" width=\"1275\" height=\"963\" data-id=\"3421\" src=\"https:\/\/concomitentes.org\/wp-content\/uploads\/2026\/01\/LOS-CANOS-medios-36-4.jpg\" alt=\"\" class=\"wp-image-3421\" srcset=\"https:\/\/concomitentes.org\/wp-content\/uploads\/2026\/01\/LOS-CANOS-medios-36-4.jpg 1275w, https:\/\/concomitentes.org\/wp-content\/uploads\/2026\/01\/LOS-CANOS-medios-36-4-1192x900.jpg 1192w, https:\/\/concomitentes.org\/wp-content\/uploads\/2026\/01\/LOS-CANOS-medios-36-4-768x580.jpg 768w, https:\/\/concomitentes.org\/wp-content\/uploads\/2026\/01\/LOS-CANOS-medios-36-4-16x12.jpg 16w, https:\/\/concomitentes.org\/wp-content\/uploads\/2026\/01\/LOS-CANOS-medios-36-4-600x453.jpg 600w\" sizes=\"auto, (max-width: 1275px) 100vw, 1275px\" \/><\/figure>\n\n\n\n<figure class=\"wp-block-image size-large\"><img loading=\"lazy\" decoding=\"async\" width=\"918\" height=\"1024\" data-id=\"3417\" src=\"https:\/\/concomitentes.org\/wp-content\/uploads\/2026\/01\/LOS-CANOS-fotos-35-1-918x1024.jpg\" alt=\"\" class=\"wp-image-3417\" srcset=\"https:\/\/concomitentes.org\/wp-content\/uploads\/2026\/01\/LOS-CANOS-fotos-35-1-918x1024.jpg 918w, https:\/\/concomitentes.org\/wp-content\/uploads\/2026\/01\/LOS-CANOS-fotos-35-1-807x900.jpg 807w, https:\/\/concomitentes.org\/wp-content\/uploads\/2026\/01\/LOS-CANOS-fotos-35-1-768x857.jpg 768w, https:\/\/concomitentes.org\/wp-content\/uploads\/2026\/01\/LOS-CANOS-fotos-35-1-11x12.jpg 11w, https:\/\/concomitentes.org\/wp-content\/uploads\/2026\/01\/LOS-CANOS-fotos-35-1-600x669.jpg 600w, https:\/\/concomitentes.org\/wp-content\/uploads\/2026\/01\/LOS-CANOS-fotos-35-1.jpg 1287w\" sizes=\"auto, (max-width: 918px) 100vw, 918px\" \/><\/figure>\n\n\n\n<figure class=\"wp-block-image size-large\"><img loading=\"lazy\" decoding=\"async\" width=\"1436\" height=\"855\" data-id=\"3418\" src=\"https:\/\/concomitentes.org\/wp-content\/uploads\/2026\/01\/LOS-CANOS-medios-8-1.jpg\" alt=\"\" class=\"wp-image-3418\" srcset=\"https:\/\/concomitentes.org\/wp-content\/uploads\/2026\/01\/LOS-CANOS-medios-8-1.jpg 1436w, https:\/\/concomitentes.org\/wp-content\/uploads\/2026\/01\/LOS-CANOS-medios-8-1-1200x714.jpg 1200w, https:\/\/concomitentes.org\/wp-content\/uploads\/2026\/01\/LOS-CANOS-medios-8-1-768x457.jpg 768w, https:\/\/concomitentes.org\/wp-content\/uploads\/2026\/01\/LOS-CANOS-medios-8-1-18x12.jpg 18w, https:\/\/concomitentes.org\/wp-content\/uploads\/2026\/01\/LOS-CANOS-medios-8-1-600x357.jpg 600w\" sizes=\"auto, (max-width: 1436px) 100vw, 1436px\" \/><\/figure>\n<\/figure>\n\n\n\n<p><\/p>\n\n\n\n<figure class=\"wp-block-image size-large\"><img loading=\"lazy\" decoding=\"async\" width=\"1536\" height=\"1024\" src=\"https:\/\/concomitentes.org\/wp-content\/uploads\/2026\/01\/LOS-CANOS-fotos-11-2-1536x1024.jpg\" alt=\"\" class=\"wp-image-3416\" srcset=\"https:\/\/concomitentes.org\/wp-content\/uploads\/2026\/01\/LOS-CANOS-fotos-11-2-1536x1024.jpg 1536w, https:\/\/concomitentes.org\/wp-content\/uploads\/2026\/01\/LOS-CANOS-fotos-11-2-1200x800.jpg 1200w, https:\/\/concomitentes.org\/wp-content\/uploads\/2026\/01\/LOS-CANOS-fotos-11-2-768x512.jpg 768w, https:\/\/concomitentes.org\/wp-content\/uploads\/2026\/01\/LOS-CANOS-fotos-11-2-18x12.jpg 18w, https:\/\/concomitentes.org\/wp-content\/uploads\/2026\/01\/LOS-CANOS-fotos-11-2-600x400.jpg 600w, https:\/\/concomitentes.org\/wp-content\/uploads\/2026\/01\/LOS-CANOS-fotos-11-2.jpg 1648w\" sizes=\"auto, (max-width: 1536px) 100vw, 1536px\" \/><\/figure>","protected":false},"excerpt":{"rendered":"<p>Non plus ultra, concomitancia mediada por Jose Iglesias Garc\u00eda-Arenal, naci\u00f3 en el sur de Extremadura con el objetivo de contribuir a generar narrativas para el territorio m\u00e1s all\u00e1 de los [&hellip;]<\/p>\n","protected":false},"author":2,"featured_media":0,"comment_status":"closed","ping_status":"closed","sticky":false,"template":"","format":"standard","meta":{"_acf_changed":false,"footnotes":""},"categories":[1],"tags":[],"class_list":["post-3371","post","type-post","status-publish","format-standard","hentry","category-diario"],"acf":[],"yoast_head":"<!-- This site is optimized with the Yoast SEO plugin v27.4 - https:\/\/yoast.com\/product\/yoast-seo-wordpress\/ -->\n<title>Los ca\u00f1os - Concomitentes<\/title>\n<meta name=\"robots\" content=\"index, follow, max-snippet:-1, max-image-preview:large, max-video-preview:-1\" \/>\n<link rel=\"canonical\" href=\"https:\/\/concomitentes.org\/en\/the-grey-hairs\/\" \/>\n<meta property=\"og:locale\" content=\"en_GB\" \/>\n<meta property=\"og:type\" content=\"article\" \/>\n<meta property=\"og:title\" content=\"Los ca\u00f1os - Concomitentes\" \/>\n<meta property=\"og:description\" content=\"Non plus ultra, concomitancia mediada por Jose Iglesias Garc\u00eda-Arenal, naci\u00f3 en el sur de Extremadura con el objetivo de contribuir a generar narrativas para el territorio m\u00e1s all\u00e1 de los [&hellip;]\" \/>\n<meta property=\"og:url\" content=\"https:\/\/concomitentes.org\/en\/the-grey-hairs\/\" \/>\n<meta property=\"og:site_name\" content=\"Concomitentes\" \/>\n<meta property=\"article:published_time\" content=\"2026-01-05T09:18:08+00:00\" \/>\n<meta property=\"article:modified_time\" content=\"2026-03-16T10:46:54+00:00\" \/>\n<meta property=\"og:image\" content=\"https:\/\/concomitentes.org\/wp-content\/uploads\/2026\/01\/de-Felix-Mendez_LOS-CANOS-medios-34-4-1535x1024.jpg\" \/>\n\t<meta property=\"og:image:width\" content=\"1535\" \/>\n\t<meta property=\"og:image:height\" content=\"1024\" \/>\n\t<meta property=\"og:image:type\" content=\"image\/jpeg\" \/>\n<meta name=\"author\" content=\"Ana\" \/>\n<meta name=\"twitter:card\" content=\"summary_large_image\" \/>\n<meta name=\"twitter:label1\" content=\"Written by\" \/>\n\t<meta name=\"twitter:data1\" content=\"Ana\" \/>\n\t<meta name=\"twitter:label2\" content=\"Estimated reading time\" \/>\n\t<meta name=\"twitter:data2\" content=\"3 minutes\" \/>\n<script type=\"application\/ld+json\" class=\"yoast-schema-graph\">{\"@context\":\"https:\\\/\\\/schema.org\",\"@graph\":[{\"@type\":\"Article\",\"@id\":\"https:\\\/\\\/concomitentes.org\\\/los-canos\\\/#article\",\"isPartOf\":{\"@id\":\"https:\\\/\\\/concomitentes.org\\\/los-canos\\\/\"},\"author\":{\"name\":\"Ana\",\"@id\":\"https:\\\/\\\/concomitentes.org\\\/en\\\/#\\\/schema\\\/person\\\/c822bd5907dadc8e9f7ee29478bff224\"},\"headline\":\"Los ca\u00f1os\",\"datePublished\":\"2026-01-05T09:18:08+00:00\",\"dateModified\":\"2026-03-16T10:46:54+00:00\",\"mainEntityOfPage\":{\"@id\":\"https:\\\/\\\/concomitentes.org\\\/los-canos\\\/\"},\"wordCount\":270,\"image\":{\"@id\":\"https:\\\/\\\/concomitentes.org\\\/los-canos\\\/#primaryimage\"},\"thumbnailUrl\":\"https:\\\/\\\/concomitentes.org\\\/wp-content\\\/uploads\\\/2026\\\/01\\\/de-Felix-Mendez_LOS-CANOS-medios-34-4-1535x1024.jpg\",\"articleSection\":[\"Diario\"],\"inLanguage\":\"en-GB\"},{\"@type\":\"WebPage\",\"@id\":\"https:\\\/\\\/concomitentes.org\\\/los-canos\\\/\",\"url\":\"https:\\\/\\\/concomitentes.org\\\/los-canos\\\/\",\"name\":\"Los ca\u00f1os - Concomitentes\",\"isPartOf\":{\"@id\":\"https:\\\/\\\/concomitentes.org\\\/en\\\/#website\"},\"primaryImageOfPage\":{\"@id\":\"https:\\\/\\\/concomitentes.org\\\/los-canos\\\/#primaryimage\"},\"image\":{\"@id\":\"https:\\\/\\\/concomitentes.org\\\/los-canos\\\/#primaryimage\"},\"thumbnailUrl\":\"https:\\\/\\\/concomitentes.org\\\/wp-content\\\/uploads\\\/2026\\\/01\\\/de-Felix-Mendez_LOS-CANOS-medios-34-4-1535x1024.jpg\",\"datePublished\":\"2026-01-05T09:18:08+00:00\",\"dateModified\":\"2026-03-16T10:46:54+00:00\",\"author\":{\"@id\":\"https:\\\/\\\/concomitentes.org\\\/en\\\/#\\\/schema\\\/person\\\/c822bd5907dadc8e9f7ee29478bff224\"},\"breadcrumb\":{\"@id\":\"https:\\\/\\\/concomitentes.org\\\/los-canos\\\/#breadcrumb\"},\"inLanguage\":\"en-GB\",\"potentialAction\":[{\"@type\":\"ReadAction\",\"target\":[\"https:\\\/\\\/concomitentes.org\\\/los-canos\\\/\"]}]},{\"@type\":\"ImageObject\",\"inLanguage\":\"en-GB\",\"@id\":\"https:\\\/\\\/concomitentes.org\\\/los-canos\\\/#primaryimage\",\"url\":\"https:\\\/\\\/concomitentes.org\\\/wp-content\\\/uploads\\\/2026\\\/01\\\/de-Felix-Mendez_LOS-CANOS-medios-34-4-1535x1024.jpg\",\"contentUrl\":\"https:\\\/\\\/concomitentes.org\\\/wp-content\\\/uploads\\\/2026\\\/01\\\/de-Felix-Mendez_LOS-CANOS-medios-34-4-1535x1024.jpg\"},{\"@type\":\"BreadcrumbList\",\"@id\":\"https:\\\/\\\/concomitentes.org\\\/los-canos\\\/#breadcrumb\",\"itemListElement\":[{\"@type\":\"ListItem\",\"position\":1,\"name\":\"Portada\",\"item\":\"https:\\\/\\\/concomitentes.org\\\/\"},{\"@type\":\"ListItem\",\"position\":2,\"name\":\"Los ca\u00f1os\"}]},{\"@type\":\"WebSite\",\"@id\":\"https:\\\/\\\/concomitentes.org\\\/en\\\/#website\",\"url\":\"https:\\\/\\\/concomitentes.org\\\/en\\\/\",\"name\":\"Concomitentes\",\"description\":\"Concomitentes promueve la creaci\u00f3n de obras de arte y media entre la sociedad civil que las encarga y los\\\/las artistas que las producen.\",\"potentialAction\":[{\"@type\":\"SearchAction\",\"target\":{\"@type\":\"EntryPoint\",\"urlTemplate\":\"https:\\\/\\\/concomitentes.org\\\/en\\\/?s={search_term_string}\"},\"query-input\":{\"@type\":\"PropertyValueSpecification\",\"valueRequired\":true,\"valueName\":\"search_term_string\"}}],\"inLanguage\":\"en-GB\"},{\"@type\":\"Person\",\"@id\":\"https:\\\/\\\/concomitentes.org\\\/en\\\/#\\\/schema\\\/person\\\/c822bd5907dadc8e9f7ee29478bff224\",\"name\":\"Ana\",\"url\":\"https:\\\/\\\/concomitentes.org\\\/en\\\/author\\\/ana\\\/\"}]}<\/script>\n<!-- \/ Yoast SEO plugin. -->","yoast_head_json":{"title":"Los Ca\u00f1os - Concomitentes","robots":{"index":"index","follow":"follow","max-snippet":"max-snippet:-1","max-image-preview":"max-image-preview:large","max-video-preview":"max-video-preview:-1"},"canonical":"https:\/\/concomitentes.org\/en\/the-grey-hairs\/","og_locale":"en_GB","og_type":"article","og_title":"Los ca\u00f1os - Concomitentes","og_description":"Non plus ultra, concomitancia mediada por Jose Iglesias Garc\u00eda-Arenal, naci\u00f3 en el sur de Extremadura con el objetivo de contribuir a generar narrativas para el territorio m\u00e1s all\u00e1 de los [&hellip;]","og_url":"https:\/\/concomitentes.org\/en\/the-grey-hairs\/","og_site_name":"Concomitentes","article_published_time":"2026-01-05T09:18:08+00:00","article_modified_time":"2026-03-16T10:46:54+00:00","og_image":[{"width":1535,"height":1024,"url":"https:\/\/concomitentes.org\/wp-content\/uploads\/2026\/01\/de-Felix-Mendez_LOS-CANOS-medios-34-4-1535x1024.jpg","type":"image\/jpeg"}],"author":"Ana","twitter_card":"summary_large_image","twitter_misc":{"Written by":"Ana","Estimated reading time":"3 minutes"},"schema":{"@context":"https:\/\/schema.org","@graph":[{"@type":"Article","@id":"https:\/\/concomitentes.org\/los-canos\/#article","isPartOf":{"@id":"https:\/\/concomitentes.org\/los-canos\/"},"author":{"name":"Ana","@id":"https:\/\/concomitentes.org\/en\/#\/schema\/person\/c822bd5907dadc8e9f7ee29478bff224"},"headline":"Los ca\u00f1os","datePublished":"2026-01-05T09:18:08+00:00","dateModified":"2026-03-16T10:46:54+00:00","mainEntityOfPage":{"@id":"https:\/\/concomitentes.org\/los-canos\/"},"wordCount":270,"image":{"@id":"https:\/\/concomitentes.org\/los-canos\/#primaryimage"},"thumbnailUrl":"https:\/\/concomitentes.org\/wp-content\/uploads\/2026\/01\/de-Felix-Mendez_LOS-CANOS-medios-34-4-1535x1024.jpg","articleSection":["Diario"],"inLanguage":"en-GB"},{"@type":"WebPage","@id":"https:\/\/concomitentes.org\/los-canos\/","url":"https:\/\/concomitentes.org\/los-canos\/","name":"Los Ca\u00f1os - Concomitentes","isPartOf":{"@id":"https:\/\/concomitentes.org\/en\/#website"},"primaryImageOfPage":{"@id":"https:\/\/concomitentes.org\/los-canos\/#primaryimage"},"image":{"@id":"https:\/\/concomitentes.org\/los-canos\/#primaryimage"},"thumbnailUrl":"https:\/\/concomitentes.org\/wp-content\/uploads\/2026\/01\/de-Felix-Mendez_LOS-CANOS-medios-34-4-1535x1024.jpg","datePublished":"2026-01-05T09:18:08+00:00","dateModified":"2026-03-16T10:46:54+00:00","author":{"@id":"https:\/\/concomitentes.org\/en\/#\/schema\/person\/c822bd5907dadc8e9f7ee29478bff224"},"breadcrumb":{"@id":"https:\/\/concomitentes.org\/los-canos\/#breadcrumb"},"inLanguage":"en-GB","potentialAction":[{"@type":"ReadAction","target":["https:\/\/concomitentes.org\/los-canos\/"]}]},{"@type":"ImageObject","inLanguage":"en-GB","@id":"https:\/\/concomitentes.org\/los-canos\/#primaryimage","url":"https:\/\/concomitentes.org\/wp-content\/uploads\/2026\/01\/de-Felix-Mendez_LOS-CANOS-medios-34-4-1535x1024.jpg","contentUrl":"https:\/\/concomitentes.org\/wp-content\/uploads\/2026\/01\/de-Felix-Mendez_LOS-CANOS-medios-34-4-1535x1024.jpg"},{"@type":"BreadcrumbList","@id":"https:\/\/concomitentes.org\/los-canos\/#breadcrumb","itemListElement":[{"@type":"ListItem","position":1,"name":"Portada","item":"https:\/\/concomitentes.org\/"},{"@type":"ListItem","position":2,"name":"Los ca\u00f1os"}]},{"@type":"WebSite","@id":"https:\/\/concomitentes.org\/en\/#website","url":"https:\/\/concomitentes.org\/en\/","name":"Concomitentes","description":"Concomitentes promotes the creation of works of art and mediates between the civil society that commissions them and the artists who produce them.","potentialAction":[{"@type":"SearchAction","target":{"@type":"EntryPoint","urlTemplate":"https:\/\/concomitentes.org\/en\/?s={search_term_string}"},"query-input":{"@type":"PropertyValueSpecification","valueRequired":true,"valueName":"search_term_string"}}],"inLanguage":"en-GB"},{"@type":"Person","@id":"https:\/\/concomitentes.org\/en\/#\/schema\/person\/c822bd5907dadc8e9f7ee29478bff224","name":"Ana","url":"https:\/\/concomitentes.org\/en\/author\/ana\/"}]}},"_links":{"self":[{"href":"https:\/\/concomitentes.org\/en\/wp-json\/wp\/v2\/posts\/3371","targetHints":{"allow":["GET"]}}],"collection":[{"href":"https:\/\/concomitentes.org\/en\/wp-json\/wp\/v2\/posts"}],"about":[{"href":"https:\/\/concomitentes.org\/en\/wp-json\/wp\/v2\/types\/post"}],"author":[{"embeddable":true,"href":"https:\/\/concomitentes.org\/en\/wp-json\/wp\/v2\/users\/2"}],"replies":[{"embeddable":true,"href":"https:\/\/concomitentes.org\/en\/wp-json\/wp\/v2\/comments?post=3371"}],"version-history":[{"count":6,"href":"https:\/\/concomitentes.org\/en\/wp-json\/wp\/v2\/posts\/3371\/revisions"}],"predecessor-version":[{"id":3953,"href":"https:\/\/concomitentes.org\/en\/wp-json\/wp\/v2\/posts\/3371\/revisions\/3953"}],"wp:attachment":[{"href":"https:\/\/concomitentes.org\/en\/wp-json\/wp\/v2\/media?parent=3371"}],"wp:term":[{"taxonomy":"category","embeddable":true,"href":"https:\/\/concomitentes.org\/en\/wp-json\/wp\/v2\/categories?post=3371"},{"taxonomy":"post_tag","embeddable":true,"href":"https:\/\/concomitentes.org\/en\/wp-json\/wp\/v2\/tags?post=3371"}],"curies":[{"name":"wp","href":"https:\/\/api.w.org\/{rel}","templated":true}]}}