{"id":1801,"date":"2025-07-16T11:25:13","date_gmt":"2025-07-16T11:25:13","guid":{"rendered":"http:\/\/concomitentes.vl22350.dinaserver.com\/?p=1801"},"modified":"2025-09-01T14:37:13","modified_gmt":"2025-09-01T14:37:13","slug":"new-edition-of-the-mycelium-call-this-time-addressed-to-young-people","status":"publish","type":"post","link":"https:\/\/concomitentes.org\/en\/nueva-edicion-de-la-convocatoria-micelio-esta-vez-dirigida-a-jovenes\/","title":{"rendered":"New edition of the Micelio call for proposals, this time aimed at young people."},"content":{"rendered":"<p>Thanks to increased funding from the Carasso Foundation, Concomitentes has been able to launch two calls for proposals this year. On this occasion, it is aimed at groups of young people who want to undertake a participatory process between the end of 2025 and 2026 to investigate, through art and culture, a collective desire or environmental conflict with the help of a mediator.<\/p>\n\n\n\n<p>The proposal submission procedure will consist of two phases: a first phase of initial project definition\/approach (with basic information on the idea), and a second phase of development for five selected proposals. This second phase will be remunerated with \u20ac200 (taxable amount).<\/p>\n\n\n\n<p>Proposals will be received from anywhere in Spain.<\/p>\n\n\n\n<div class=\"wp-block-buttons is-layout-flex wp-block-buttons-is-layout-flex\">\n<div class=\"wp-block-button\"><a class=\"wp-block-button__link wp-element-button\" href=\"https:\/\/concomitentes.org\/wp-content\/uploads\/2025\/09\/Bases-Micelio-menos-35-_-V-Convocatoria-de-Arte-Participativo-_-Ampliacion-de-plazo.pdf\">complete bases<\/a><\/div>\n<\/div>\n\n\n\n<p><strong>Who is this call addressed to?<br><\/strong>Concomitentes is looking for a group of young citizens who want to respond to an environmental problem that is affecting their immediate environment through a work of art. To this end, a working group will be created consisting of two fundamental agents within the Concomitentes action protocol:<\/p>\n\n\n\n<p>1. Group of comitants: A collective made up of young people up to 35 years of age who have a common goal. People who operate in a specific territory or context and have a claim, idea or desire to improve their community through an artistic project. The collective can be formal or informal, legally registered as an association or not.<br><br>In the event that the citizens' group does not have contact with a mediator\/agents from the cultural sector who can accompany them in the process, they may present themselves independently, presenting their idea and problems. Concomitentes will help in the search for and selection of a mediator who is suitable for the objectives and needs of the project if it is selected.<br><br>2. The mediator: A person who assumes the role of mediator, understood as a professional in the cultural and contemporary artistic sector specialised in curating and cultural management, who also has a special sensitivity and empathy for mediating between social collectives and artists, experience in participatory cultural practices and in the comprehensive management of projects. This person must also be familiar with the local context in which the project takes place. This profile will also be valued if they are under 35 years of age, although this is not an exclusive criterion.<\/p>\n\n\n\n<p><strong>The budget for this edition<\/strong><\/p>\n\n\n\n<p>The winning project will be allocated a budget line of <strong>40,000 euros<\/strong>, 14,000 of which will go towards the fees of the mediator and 26,000 euros for the production of the work and fees for the artist who will be selected in the final phase of the project, after the mediation process. The duration of the participatory art project is estimated to be 18 months, once the resolution is communicated.<\/p>\n\n\n\n<p><strong>Deadlines to consider<\/strong><\/p>\n\n\n\n<ul class=\"wp-block-list\">\n<li>Call opening: 16 July 2025.<\/li>\n\n\n\n<li>&nbsp;Online briefing: 22 July 2025 at 12 noon.&nbsp;<\/li>\n\n\n\n<li>Closing of the first phase: <strong><span style=\"text-decoration: underline;\">16 September 2025 at 23:59h<\/span>&nbsp;<\/strong>(We have extended the deadline. Previously the closing date was 9 September).<\/li>\n\n\n\n<li>Selection of 5 finalist projects and start of the second phase: 25 September 2025 (date modified due to deadline extension).<\/li>\n\n\n\n<li>Close of the second phase: 12 October 2025 until 23:59h.<\/li>\n\n\n\n<li>Resolution: Resolution deadline 24 October 2025.<\/li>\n\n\n\n<li>Start of the selected concomitance: November - December 2025.<\/li>\n<\/ul>\n\n\n\n<p><\/p>\n\n\n\n<p><strong>Why \u201cMycelium\u201d?<\/strong><\/p>\n\n\n\n<p>The mycelium is a subterranean network of interconnected life that demonstrates the amazing ability of fungi to cooperate and communicate. More than simply exchanging resources, these networks actively interpret and respond to their environment, demonstrating that interdependence is key to life. Like mycelium, people build systems of exchange that connect us and allow us to negotiate and inhabit the planet cooperatively between human and non-human communities. That is why this call, focused on the connection between people and their environment and the care of the planet, adopts from this edition the name of Mycelium.&nbsp;<\/p>\n\n\n\n<p><br><strong>For further information:<\/strong><\/p>\n\n\n\n<ul class=\"wp-block-list\">\n<li>Access&nbsp;<a href=\"https:\/\/docs.google.com\/forms\/d\/1ek8hi52bLQxL7ahcTJKOby_feEEALgMTGojNJK_CPxA\/edit\">here to the application form<\/a>.<\/li>\n\n\n\n<li>There will be a <strong>online briefing<\/strong> (via Zoom) on&nbsp;<strong>22 July at 12h<\/strong>. Reservations must be made through <a href=\"https:\/\/docs.google.com\/forms\/d\/1HCZ0osD4SCwds39FskTKlV8oA3XNuyncEZAIyUzD6JU\/edit\">this form<\/a>.<\/li>\n\n\n\n<li>See project details \u2018<a href=\"https:\/\/concomitentes.org\/en\/concomitances\/solar-narratives\/\" data-type=\"proyecto\" data-id=\"269\">Solar Narratives<\/a>\u2018, which won in 2022; \u2018<a href=\"https:\/\/concomitentes.org\/en\/concomitances\/non-plus-ultra\/\" data-type=\"proyecto\" data-id=\"279\">Non Plus Ultra\u2019.\u2019<\/a>, in 2023, \u2018<a href=\"https:\/\/concomitentes.org\/en\/concomitances\/os-contos-de-leite\/\" data-type=\"proyecto\" data-id=\"286\">The stories of milk<\/a>\u2019, in 2024 and \u2018<a href=\"https:\/\/concomitentes.org\/en\/concomitances\/structures-of-affection\/\" data-type=\"proyecto\" data-id=\"267\">Structures of affection<\/a>\u2018selected in the first call for proposals in 2025.<\/li>\n\n\n\n<li>If you want to better understand the way Concomitentes works, please consult&nbsp;<a href=\"https:\/\/www.youtube.com\/watch?v=UeOll4Soke0&amp;embeds_referring_euri=https%3A%2F%2Fconcomitentes.org%2F&amp;source_ve_path=MjM4NTE\">this video<\/a>&nbsp;that explains it to you in just one minute:<\/li>\n<\/ul>\n\n\n\n<p><iframe loading=\"lazy\" title=\"Mediation in Concomitentes\" width=\"500\" height=\"281\" src=\"https:\/\/www.youtube.com\/embed\/UeOll4Soke0?feature=oembed\" frameborder=\"0\" allow=\"accelerometer; autoplay; clipboard-write; encrypted-media; gyroscope; picture-in-picture; web-share\" referrerpolicy=\"strict-origin-when-cross-origin\" allowfullscreen><\/iframe><\/p>\n\n\n\n<p>\u2192 You can find more information about our work at:<\/p>\n\n\n\n<p><a href=\"https:\/\/concomitentes.org\/en\/\">www.concomitentes.org<\/a><\/p>\n\n\n\n<p><\/p>","protected":false},"excerpt":{"rendered":"<p>Gracias al aumento de financiaci\u00f3n de la Fundaci\u00f3n Carasso, Concomitentes ha podido lanzar este a\u00f1o dos convocatorias. En esta ocasi\u00f3n, est\u00e1 dirigida a gruis de j\u00f3venes que quieran emprender un [&hellip;]<\/p>\n","protected":false},"author":2,"featured_media":2574,"comment_status":"open","ping_status":"open","sticky":false,"template":"","format":"standard","meta":{"_acf_changed":false,"footnotes":""},"categories":[1],"tags":[],"class_list":["post-1801","post","type-post","status-publish","format-standard","has-post-thumbnail","hentry","category-diario"],"acf":[],"yoast_head":"<!-- This site is optimized with the Yoast SEO plugin v27.5 - https:\/\/yoast.com\/product\/yoast-seo-wordpress\/ -->\n<title>Nueva edici\u00f3n de la convocatoria Micelio, esta vez dirigida a j\u00f3venes - Concomitentes<\/title>\n<meta name=\"robots\" content=\"index, follow, max-snippet:-1, max-image-preview:large, max-video-preview:-1\" \/>\n<link rel=\"canonical\" href=\"https:\/\/concomitentes.org\/en\/new-edition-of-the-mycelium-call-this-time-addressed-to-young-people\/\" \/>\n<meta property=\"og:locale\" content=\"en_GB\" \/>\n<meta property=\"og:type\" content=\"article\" \/>\n<meta property=\"og:title\" content=\"Nueva edici\u00f3n de la convocatoria Micelio, esta vez dirigida a j\u00f3venes - Concomitentes\" \/>\n<meta property=\"og:description\" content=\"Gracias al aumento de financiaci\u00f3n de la Fundaci\u00f3n Carasso, Concomitentes ha podido lanzar este a\u00f1o dos convocatorias. En esta ocasi\u00f3n, est\u00e1 dirigida a gruis de j\u00f3venes que quieran emprender un [&hellip;]\" \/>\n<meta property=\"og:url\" content=\"https:\/\/concomitentes.org\/en\/new-edition-of-the-mycelium-call-this-time-addressed-to-young-people\/\" \/>\n<meta property=\"og:site_name\" content=\"Concomitentes\" \/>\n<meta property=\"article:published_time\" content=\"2025-07-16T11:25:13+00:00\" \/>\n<meta property=\"article:modified_time\" content=\"2025-09-01T14:37:13+00:00\" \/>\n<meta property=\"og:image\" content=\"https:\/\/concomitentes.org\/wp-content\/uploads\/2025\/07\/Micelio_Portada-web_plazo-ampliado-scaled.jpg\" \/>\n\t<meta property=\"og:image:width\" content=\"2560\" \/>\n\t<meta property=\"og:image:height\" content=\"1440\" \/>\n\t<meta property=\"og:image:type\" content=\"image\/jpeg\" \/>\n<meta name=\"author\" content=\"Ana\" \/>\n<meta name=\"twitter:card\" content=\"summary_large_image\" \/>\n<meta name=\"twitter:label1\" content=\"Written by\" \/>\n\t<meta name=\"twitter:data1\" content=\"Ana\" \/>\n\t<meta name=\"twitter:label2\" content=\"Estimated reading time\" \/>\n\t<meta name=\"twitter:data2\" content=\"4 minutes\" \/>\n<script type=\"application\/ld+json\" class=\"yoast-schema-graph\">{\"@context\":\"https:\\\/\\\/schema.org\",\"@graph\":[{\"@type\":\"Article\",\"@id\":\"https:\\\/\\\/concomitentes.org\\\/nueva-edicion-de-la-convocatoria-micelio-esta-vez-dirigida-a-jovenes\\\/#article\",\"isPartOf\":{\"@id\":\"https:\\\/\\\/concomitentes.org\\\/nueva-edicion-de-la-convocatoria-micelio-esta-vez-dirigida-a-jovenes\\\/\"},\"author\":{\"name\":\"Ana\",\"@id\":\"https:\\\/\\\/concomitentes.org\\\/en\\\/#\\\/schema\\\/person\\\/c822bd5907dadc8e9f7ee29478bff224\"},\"headline\":\"Nueva edici\u00f3n de la convocatoria Micelio, esta vez dirigida a j\u00f3venes\",\"datePublished\":\"2025-07-16T11:25:13+00:00\",\"dateModified\":\"2025-09-01T14:37:13+00:00\",\"mainEntityOfPage\":{\"@id\":\"https:\\\/\\\/concomitentes.org\\\/nueva-edicion-de-la-convocatoria-micelio-esta-vez-dirigida-a-jovenes\\\/\"},\"wordCount\":867,\"commentCount\":0,\"image\":{\"@id\":\"https:\\\/\\\/concomitentes.org\\\/nueva-edicion-de-la-convocatoria-micelio-esta-vez-dirigida-a-jovenes\\\/#primaryimage\"},\"thumbnailUrl\":\"https:\\\/\\\/concomitentes.org\\\/wp-content\\\/uploads\\\/2025\\\/07\\\/Micelio_Portada-web_plazo-ampliado-scaled.jpg\",\"articleSection\":[\"Diario\"],\"inLanguage\":\"en-GB\",\"potentialAction\":[{\"@type\":\"CommentAction\",\"name\":\"Comment\",\"target\":[\"https:\\\/\\\/concomitentes.org\\\/nueva-edicion-de-la-convocatoria-micelio-esta-vez-dirigida-a-jovenes\\\/#respond\"]}]},{\"@type\":\"WebPage\",\"@id\":\"https:\\\/\\\/concomitentes.org\\\/nueva-edicion-de-la-convocatoria-micelio-esta-vez-dirigida-a-jovenes\\\/\",\"url\":\"https:\\\/\\\/concomitentes.org\\\/nueva-edicion-de-la-convocatoria-micelio-esta-vez-dirigida-a-jovenes\\\/\",\"name\":\"Nueva edici\u00f3n de la convocatoria Micelio, esta vez dirigida a j\u00f3venes - Concomitentes\",\"isPartOf\":{\"@id\":\"https:\\\/\\\/concomitentes.org\\\/en\\\/#website\"},\"primaryImageOfPage\":{\"@id\":\"https:\\\/\\\/concomitentes.org\\\/nueva-edicion-de-la-convocatoria-micelio-esta-vez-dirigida-a-jovenes\\\/#primaryimage\"},\"image\":{\"@id\":\"https:\\\/\\\/concomitentes.org\\\/nueva-edicion-de-la-convocatoria-micelio-esta-vez-dirigida-a-jovenes\\\/#primaryimage\"},\"thumbnailUrl\":\"https:\\\/\\\/concomitentes.org\\\/wp-content\\\/uploads\\\/2025\\\/07\\\/Micelio_Portada-web_plazo-ampliado-scaled.jpg\",\"datePublished\":\"2025-07-16T11:25:13+00:00\",\"dateModified\":\"2025-09-01T14:37:13+00:00\",\"author\":{\"@id\":\"https:\\\/\\\/concomitentes.org\\\/en\\\/#\\\/schema\\\/person\\\/c822bd5907dadc8e9f7ee29478bff224\"},\"breadcrumb\":{\"@id\":\"https:\\\/\\\/concomitentes.org\\\/nueva-edicion-de-la-convocatoria-micelio-esta-vez-dirigida-a-jovenes\\\/#breadcrumb\"},\"inLanguage\":\"en-GB\",\"potentialAction\":[{\"@type\":\"ReadAction\",\"target\":[\"https:\\\/\\\/concomitentes.org\\\/nueva-edicion-de-la-convocatoria-micelio-esta-vez-dirigida-a-jovenes\\\/\"]}]},{\"@type\":\"ImageObject\",\"inLanguage\":\"en-GB\",\"@id\":\"https:\\\/\\\/concomitentes.org\\\/nueva-edicion-de-la-convocatoria-micelio-esta-vez-dirigida-a-jovenes\\\/#primaryimage\",\"url\":\"https:\\\/\\\/concomitentes.org\\\/wp-content\\\/uploads\\\/2025\\\/07\\\/Micelio_Portada-web_plazo-ampliado-scaled.jpg\",\"contentUrl\":\"https:\\\/\\\/concomitentes.org\\\/wp-content\\\/uploads\\\/2025\\\/07\\\/Micelio_Portada-web_plazo-ampliado-scaled.jpg\",\"width\":2560,\"height\":1440},{\"@type\":\"BreadcrumbList\",\"@id\":\"https:\\\/\\\/concomitentes.org\\\/nueva-edicion-de-la-convocatoria-micelio-esta-vez-dirigida-a-jovenes\\\/#breadcrumb\",\"itemListElement\":[{\"@type\":\"ListItem\",\"position\":1,\"name\":\"Portada\",\"item\":\"https:\\\/\\\/concomitentes.org\\\/\"},{\"@type\":\"ListItem\",\"position\":2,\"name\":\"Nueva edici\u00f3n de la convocatoria Micelio, esta vez dirigida a j\u00f3venes\"}]},{\"@type\":\"WebSite\",\"@id\":\"https:\\\/\\\/concomitentes.org\\\/en\\\/#website\",\"url\":\"https:\\\/\\\/concomitentes.org\\\/en\\\/\",\"name\":\"Concomitentes\",\"description\":\"Concomitentes promueve la creaci\u00f3n de obras de arte y media entre la sociedad civil que las encarga y los\\\/las artistas que las producen.\",\"potentialAction\":[{\"@type\":\"SearchAction\",\"target\":{\"@type\":\"EntryPoint\",\"urlTemplate\":\"https:\\\/\\\/concomitentes.org\\\/en\\\/?s={search_term_string}\"},\"query-input\":{\"@type\":\"PropertyValueSpecification\",\"valueRequired\":true,\"valueName\":\"search_term_string\"}}],\"inLanguage\":\"en-GB\"},{\"@type\":\"Person\",\"@id\":\"https:\\\/\\\/concomitentes.org\\\/en\\\/#\\\/schema\\\/person\\\/c822bd5907dadc8e9f7ee29478bff224\",\"name\":\"Ana\",\"url\":\"https:\\\/\\\/concomitentes.org\\\/en\\\/author\\\/ana\\\/\"}]}<\/script>\n<!-- \/ Yoast SEO plugin. -->","yoast_head_json":{"title":"New edition of the Micelio call, this time aimed at young people - Concomitentes","robots":{"index":"index","follow":"follow","max-snippet":"max-snippet:-1","max-image-preview":"max-image-preview:large","max-video-preview":"max-video-preview:-1"},"canonical":"https:\/\/concomitentes.org\/en\/new-edition-of-the-mycelium-call-this-time-addressed-to-young-people\/","og_locale":"en_GB","og_type":"article","og_title":"Nueva edici\u00f3n de la convocatoria Micelio, esta vez dirigida a j\u00f3venes - Concomitentes","og_description":"Gracias al aumento de financiaci\u00f3n de la Fundaci\u00f3n Carasso, Concomitentes ha podido lanzar este a\u00f1o dos convocatorias. En esta ocasi\u00f3n, est\u00e1 dirigida a gruis de j\u00f3venes que quieran emprender un [&hellip;]","og_url":"https:\/\/concomitentes.org\/en\/new-edition-of-the-mycelium-call-this-time-addressed-to-young-people\/","og_site_name":"Concomitentes","article_published_time":"2025-07-16T11:25:13+00:00","article_modified_time":"2025-09-01T14:37:13+00:00","og_image":[{"width":2560,"height":1440,"url":"https:\/\/concomitentes.org\/wp-content\/uploads\/2025\/07\/Micelio_Portada-web_plazo-ampliado-scaled.jpg","type":"image\/jpeg"}],"author":"Ana","twitter_card":"summary_large_image","twitter_misc":{"Written by":"Ana","Estimated reading time":"4 minutes"},"schema":{"@context":"https:\/\/schema.org","@graph":[{"@type":"Article","@id":"https:\/\/concomitentes.org\/nueva-edicion-de-la-convocatoria-micelio-esta-vez-dirigida-a-jovenes\/#article","isPartOf":{"@id":"https:\/\/concomitentes.org\/nueva-edicion-de-la-convocatoria-micelio-esta-vez-dirigida-a-jovenes\/"},"author":{"name":"Ana","@id":"https:\/\/concomitentes.org\/en\/#\/schema\/person\/c822bd5907dadc8e9f7ee29478bff224"},"headline":"Nueva edici\u00f3n de la convocatoria Micelio, esta vez dirigida a j\u00f3venes","datePublished":"2025-07-16T11:25:13+00:00","dateModified":"2025-09-01T14:37:13+00:00","mainEntityOfPage":{"@id":"https:\/\/concomitentes.org\/nueva-edicion-de-la-convocatoria-micelio-esta-vez-dirigida-a-jovenes\/"},"wordCount":867,"commentCount":0,"image":{"@id":"https:\/\/concomitentes.org\/nueva-edicion-de-la-convocatoria-micelio-esta-vez-dirigida-a-jovenes\/#primaryimage"},"thumbnailUrl":"https:\/\/concomitentes.org\/wp-content\/uploads\/2025\/07\/Micelio_Portada-web_plazo-ampliado-scaled.jpg","articleSection":["Diario"],"inLanguage":"en-GB","potentialAction":[{"@type":"CommentAction","name":"Comment","target":["https:\/\/concomitentes.org\/nueva-edicion-de-la-convocatoria-micelio-esta-vez-dirigida-a-jovenes\/#respond"]}]},{"@type":"WebPage","@id":"https:\/\/concomitentes.org\/nueva-edicion-de-la-convocatoria-micelio-esta-vez-dirigida-a-jovenes\/","url":"https:\/\/concomitentes.org\/nueva-edicion-de-la-convocatoria-micelio-esta-vez-dirigida-a-jovenes\/","name":"New edition of the Micelio call, this time aimed at young people - Concomitentes","isPartOf":{"@id":"https:\/\/concomitentes.org\/en\/#website"},"primaryImageOfPage":{"@id":"https:\/\/concomitentes.org\/nueva-edicion-de-la-convocatoria-micelio-esta-vez-dirigida-a-jovenes\/#primaryimage"},"image":{"@id":"https:\/\/concomitentes.org\/nueva-edicion-de-la-convocatoria-micelio-esta-vez-dirigida-a-jovenes\/#primaryimage"},"thumbnailUrl":"https:\/\/concomitentes.org\/wp-content\/uploads\/2025\/07\/Micelio_Portada-web_plazo-ampliado-scaled.jpg","datePublished":"2025-07-16T11:25:13+00:00","dateModified":"2025-09-01T14:37:13+00:00","author":{"@id":"https:\/\/concomitentes.org\/en\/#\/schema\/person\/c822bd5907dadc8e9f7ee29478bff224"},"breadcrumb":{"@id":"https:\/\/concomitentes.org\/nueva-edicion-de-la-convocatoria-micelio-esta-vez-dirigida-a-jovenes\/#breadcrumb"},"inLanguage":"en-GB","potentialAction":[{"@type":"ReadAction","target":["https:\/\/concomitentes.org\/nueva-edicion-de-la-convocatoria-micelio-esta-vez-dirigida-a-jovenes\/"]}]},{"@type":"ImageObject","inLanguage":"en-GB","@id":"https:\/\/concomitentes.org\/nueva-edicion-de-la-convocatoria-micelio-esta-vez-dirigida-a-jovenes\/#primaryimage","url":"https:\/\/concomitentes.org\/wp-content\/uploads\/2025\/07\/Micelio_Portada-web_plazo-ampliado-scaled.jpg","contentUrl":"https:\/\/concomitentes.org\/wp-content\/uploads\/2025\/07\/Micelio_Portada-web_plazo-ampliado-scaled.jpg","width":2560,"height":1440},{"@type":"BreadcrumbList","@id":"https:\/\/concomitentes.org\/nueva-edicion-de-la-convocatoria-micelio-esta-vez-dirigida-a-jovenes\/#breadcrumb","itemListElement":[{"@type":"ListItem","position":1,"name":"Portada","item":"https:\/\/concomitentes.org\/"},{"@type":"ListItem","position":2,"name":"Nueva edici\u00f3n de la convocatoria Micelio, esta vez dirigida a j\u00f3venes"}]},{"@type":"WebSite","@id":"https:\/\/concomitentes.org\/en\/#website","url":"https:\/\/concomitentes.org\/en\/","name":"Concomitentes","description":"Concomitentes promotes the creation of works of art and mediates between the civil society that commissions them and the artists who produce them.","potentialAction":[{"@type":"SearchAction","target":{"@type":"EntryPoint","urlTemplate":"https:\/\/concomitentes.org\/en\/?s={search_term_string}"},"query-input":{"@type":"PropertyValueSpecification","valueRequired":true,"valueName":"search_term_string"}}],"inLanguage":"en-GB"},{"@type":"Person","@id":"https:\/\/concomitentes.org\/en\/#\/schema\/person\/c822bd5907dadc8e9f7ee29478bff224","name":"Ana","url":"https:\/\/concomitentes.org\/en\/author\/ana\/"}]}},"_links":{"self":[{"href":"https:\/\/concomitentes.org\/en\/wp-json\/wp\/v2\/posts\/1801","targetHints":{"allow":["GET"]}}],"collection":[{"href":"https:\/\/concomitentes.org\/en\/wp-json\/wp\/v2\/posts"}],"about":[{"href":"https:\/\/concomitentes.org\/en\/wp-json\/wp\/v2\/types\/post"}],"author":[{"embeddable":true,"href":"https:\/\/concomitentes.org\/en\/wp-json\/wp\/v2\/users\/2"}],"replies":[{"embeddable":true,"href":"https:\/\/concomitentes.org\/en\/wp-json\/wp\/v2\/comments?post=1801"}],"version-history":[{"count":15,"href":"https:\/\/concomitentes.org\/en\/wp-json\/wp\/v2\/posts\/1801\/revisions"}],"predecessor-version":[{"id":2582,"href":"https:\/\/concomitentes.org\/en\/wp-json\/wp\/v2\/posts\/1801\/revisions\/2582"}],"wp:featuredmedia":[{"embeddable":true,"href":"https:\/\/concomitentes.org\/en\/wp-json\/wp\/v2\/media\/2574"}],"wp:attachment":[{"href":"https:\/\/concomitentes.org\/en\/wp-json\/wp\/v2\/media?parent=1801"}],"wp:term":[{"taxonomy":"category","embeddable":true,"href":"https:\/\/concomitentes.org\/en\/wp-json\/wp\/v2\/categories?post=1801"},{"taxonomy":"post_tag","embeddable":true,"href":"https:\/\/concomitentes.org\/en\/wp-json\/wp\/v2\/tags?post=1801"}],"curies":[{"name":"wp","href":"https:\/\/api.w.org\/{rel}","templated":true}]}}